{"id":1299,"date":"2022-11-03T01:53:59","date_gmt":"2022-11-03T00:53:59","guid":{"rendered":"https:\/\/temporal.molinsfilmfestival.com\/2022\/11\/03\/el-programa-acciocinema-al-terrormolins\/"},"modified":"2022-11-03T01:53:59","modified_gmt":"2022-11-03T00:53:59","slug":"el-programa-acciocinema-al-terrormolins","status":"publish","type":"post","link":"http:\/\/www.molinsfilmfestival.com\/eng\/2022\/11\/03\/el-programa-acciocinema-al-terrormolins\/","title":{"rendered":"The program Action&gt;Cinema al TerrorMolins"},"content":{"rendered":"<p><strong>Action&gt;Cinema<\/strong> is an initiative promoted by the coordinator of film festivals <strong>Catalonia Film Festivals<\/strong> (CFF), in collaboration with the\u2019 <strong>Catalan Agency for Development Cooperation and the Department of Culture<\/strong>, which promotes audiovisual media \u201cas a tool for building an educated, critical and mobilized citizenry for a more just world\u201d.<\/p>\n\n<p>The <strong>Molins de Rei Horror Film Festival<\/strong> (TerrorMolins) participates in the Acci\u00f3&gt;Cinema program (2021-2022) with the programming of two activities:<\/p>\n\n<p><strong>Children&#039;s film workshop (+8 years): \u201cMy first Horror scene\u201d<\/strong>, by Quim Crusellas, audiovisual producer. The purpose of the Children&#039;s Film Workshop: &quot;My First Horror Scene&quot; is for participating children to devise and film a scene in which some of the archetypal elements of horror cinema appear. This workshop aims to reflect on <strong>the right to peace and the prevention of violence among children<\/strong>, while also introducing them to filmmaking and audiovisual language. It also promotes<strong>The rights to a conscious, educated, critical, committed and mobilized citizenry: education for development through cinema.<\/strong><\/p>\n\n<p>The session will feature the participation of the entity <strong>Get tangled up,<\/strong> a local association that aims to promote activities that improve the lives of people with disabilities and their families.<\/p>\n\n<ul class=\"wp-block-list\">\n<li><strong>Saturday 5 November, from 10.00 a.m. to 1.00 p.m<\/strong> | El Mol\u00ed Library | Free activity with prior registration (limited places): <a href=\"http:\/\/www.bibliotecaelmoli.cat\">www.bibliotecaelmoli.cat<\/a> <\/li>\n<\/ul>\n\n<p><\/p>\n\n<p><strong>Talk: Horror stereotypes: an approach to the representation of genders from the perspective of horror<\/strong>, by Mireia Iniesta, film professor. An educational talk that analyzes and describes how cinema, and more specifically, horror cinema, can turn society&#039;s gender stereotypes around. With a historical focus, but also emphasizing current examples taken from cinema and series.<\/p>\n\n<p>This talk aims to reflect on the <strong>Women&#039;s rights: Life free from violence and sexual and reproductive rights<\/strong>, while also wanting to reflect on the power of images and the need to educate our gaze as spectators. Thus, it also promotes <strong>the rights of a conscious, educated, critical, committed and mobilized citizenry: Education for development through cinema.<\/strong><\/p>\n\n<p>During the session, the following will be presented: <strong>SIAD-Women&#039;s Information and Assistance Service<\/strong>, promoted by the Department of Feminism and LGTBI of the Molins de Rei City Council.<\/p>\n\n<ul class=\"wp-block-list\">\n<li><strong>Wednesday, November 9, 2022, from 10:00 a.m. to 11:00 a.m.<\/strong> | La Peni Theatre | Free activity, with prior reservation (limited capacity): <a href=\"mailto:educacio@molinsfilmfestival.com\">education@molinsfilmfestival.com<\/a> <\/li>\n<\/ul>\n\n<p><\/p>\n\n<p>More information about the Program: <a href=\"https:\/\/acciocinema.cat\/\">https:\/\/acciocinema.cat\/<\/a>   <\/p>\n\n<figure class=\"wp-block-image size-large\"><img decoding=\"async\" src=\"http:\/\/www.molinsfilmfestival.com\/wp-content\/uploads\/2022\/11\/FBlkuNiXEAIQGVm-1400x788.png\" alt=\"\" class=\"wp-image-13716\"\/><\/figure>\n<p><\/p>","protected":false},"excerpt":{"rendered":"<p>Acci\u00f3&gt;Cinema \u00e9s una iniciativa impulsada per la coordinadora de festivals de cinema Catalunya Film Festivals (CFF), en col\u00b7laboraci\u00f3 amb l&#8217; Ag\u00e8ncia Catalana de Cooperaci\u00f3 al Desenvolupament i el Departament de Cultura, que promou l\u2019audiovisual &#8220;com a eina de construcci\u00f3 d\u2019una ciutadania formada, cr\u00edtica i mobilitzada per un m\u00f3n m\u00e9s just&#8221;. El Festival de Cine de [&hellip;]<\/p>","protected":false},"author":1,"featured_media":0,"comment_status":"closed","ping_status":"closed","sticky":false,"template":"","format":"standard","meta":{"_acf_changed":false,"footnotes":""},"categories":[103,104,56,96,63],"tags":[],"class_list":["post-1299","post","type-post","status-publish","format-standard","hentry","category-41-edition-2022-ca","category-aula-de-terror-ca","category-destacats","category-genere-al-genere-ca","category-terrorkids-ca"],"acf":[],"yoast_head":"<!-- This site is optimized with the Yoast SEO plugin v26.4 - https:\/\/yoast.com\/wordpress\/plugins\/seo\/ -->\n<title>El programa Acci\u00f3&gt;Cinema al TerrorMolins | Molins Horror Film Festival<\/title>\n<meta name=\"robots\" content=\"index, follow, max-snippet:-1, max-image-preview:large, max-video-preview:-1\" \/>\n<link rel=\"canonical\" href=\"https:\/\/www.molinsfilmfestival.com\/eng\/2022\/11\/03\/el-programa-acciocinema-al-terrormolins\/\" \/>\n<meta property=\"og:locale\" content=\"en_GB\" \/>\n<meta property=\"og:type\" content=\"article\" \/>\n<meta property=\"og:title\" content=\"El programa Acci\u00f3&gt;Cinema al TerrorMolins | Molins Horror Film Festival\" \/>\n<meta property=\"og:description\" content=\"Acci\u00f3&gt;Cinema \u00e9s una iniciativa impulsada per la coordinadora de festivals de cinema Catalunya Film Festivals (CFF), en col\u00b7laboraci\u00f3 amb l&#8217; Ag\u00e8ncia Catalana de Cooperaci\u00f3 al Desenvolupament i el Departament de Cultura, que promou l\u2019audiovisual &#8220;com a eina de construcci\u00f3 d\u2019una ciutadania formada, cr\u00edtica i mobilitzada per un m\u00f3n m\u00e9s just&#8221;. El Festival de Cine de [&hellip;]\" \/>\n<meta property=\"og:url\" content=\"https:\/\/www.molinsfilmfestival.com\/eng\/2022\/11\/03\/el-programa-acciocinema-al-terrormolins\/\" \/>\n<meta property=\"og:site_name\" content=\"Molins Horror Film Festival\" \/>\n<meta property=\"article:published_time\" content=\"2022-11-03T00:53:59+00:00\" \/>\n<meta property=\"og:image\" content=\"http:\/\/www.molinsfilmfestival.com\/wp-content\/uploads\/2022\/11\/FBlkuNiXEAIQGVm-1400x788.png\" \/>\n<meta name=\"author\" content=\"terrormolins\" \/>\n<meta name=\"twitter:card\" content=\"summary_large_image\" \/>\n<meta name=\"twitter:label1\" content=\"Written by\" \/>\n\t<meta name=\"twitter:data1\" content=\"terrormolins\" \/>\n\t<meta name=\"twitter:label2\" content=\"Estimated reading time\" \/>\n\t<meta name=\"twitter:data2\" content=\"2 minutes\" \/>\n<script type=\"application\/ld+json\" class=\"yoast-schema-graph\">{\"@context\":\"https:\/\/schema.org\",\"@graph\":[{\"@type\":\"Article\",\"@id\":\"https:\/\/www.molinsfilmfestival.com\/2022\/11\/03\/el-programa-acciocinema-al-terrormolins\/#article\",\"isPartOf\":{\"@id\":\"https:\/\/www.molinsfilmfestival.com\/2022\/11\/03\/el-programa-acciocinema-al-terrormolins\/\"},\"author\":{\"name\":\"terrormolins\",\"@id\":\"https:\/\/www.molinsfilmfestival.com\/#\/schema\/person\/9d664b50116f871b0cb00fa43b2527dd\"},\"headline\":\"El programa Acci\u00f3&gt;Cinema al TerrorMolins\",\"datePublished\":\"2022-11-03T00:53:59+00:00\",\"mainEntityOfPage\":{\"@id\":\"https:\/\/www.molinsfilmfestival.com\/2022\/11\/03\/el-programa-acciocinema-al-terrormolins\/\"},\"wordCount\":469,\"publisher\":{\"@id\":\"https:\/\/www.molinsfilmfestival.com\/#organization\"},\"image\":{\"@id\":\"https:\/\/www.molinsfilmfestival.com\/2022\/11\/03\/el-programa-acciocinema-al-terrormolins\/#primaryimage\"},\"thumbnailUrl\":\"http:\/\/www.molinsfilmfestival.com\/wp-content\/uploads\/2022\/11\/FBlkuNiXEAIQGVm-1400x788.png\",\"articleSection\":[\"41 Edition 2022\",\"Aula de Terror\",\"Destacats\",\"G\u00e8nere al G\u00e8nere\",\"Terrorkids\"],\"inLanguage\":\"en-GB\"},{\"@type\":\"WebPage\",\"@id\":\"https:\/\/www.molinsfilmfestival.com\/2022\/11\/03\/el-programa-acciocinema-al-terrormolins\/\",\"url\":\"https:\/\/www.molinsfilmfestival.com\/2022\/11\/03\/el-programa-acciocinema-al-terrormolins\/\",\"name\":\"El programa Acci\u00f3&gt;Cinema al TerrorMolins | Molins Horror Film Festival\",\"isPartOf\":{\"@id\":\"https:\/\/www.molinsfilmfestival.com\/#website\"},\"primaryImageOfPage\":{\"@id\":\"https:\/\/www.molinsfilmfestival.com\/2022\/11\/03\/el-programa-acciocinema-al-terrormolins\/#primaryimage\"},\"image\":{\"@id\":\"https:\/\/www.molinsfilmfestival.com\/2022\/11\/03\/el-programa-acciocinema-al-terrormolins\/#primaryimage\"},\"thumbnailUrl\":\"http:\/\/www.molinsfilmfestival.com\/wp-content\/uploads\/2022\/11\/FBlkuNiXEAIQGVm-1400x788.png\",\"datePublished\":\"2022-11-03T00:53:59+00:00\",\"breadcrumb\":{\"@id\":\"https:\/\/www.molinsfilmfestival.com\/2022\/11\/03\/el-programa-acciocinema-al-terrormolins\/#breadcrumb\"},\"inLanguage\":\"en-GB\",\"potentialAction\":[{\"@type\":\"ReadAction\",\"target\":[\"https:\/\/www.molinsfilmfestival.com\/2022\/11\/03\/el-programa-acciocinema-al-terrormolins\/\"]}]},{\"@type\":\"ImageObject\",\"inLanguage\":\"en-GB\",\"@id\":\"https:\/\/www.molinsfilmfestival.com\/2022\/11\/03\/el-programa-acciocinema-al-terrormolins\/#primaryimage\",\"url\":\"http:\/\/www.molinsfilmfestival.com\/wp-content\/uploads\/2022\/11\/FBlkuNiXEAIQGVm-1400x788.png\",\"contentUrl\":\"http:\/\/www.molinsfilmfestival.com\/wp-content\/uploads\/2022\/11\/FBlkuNiXEAIQGVm-1400x788.png\"},{\"@type\":\"BreadcrumbList\",\"@id\":\"https:\/\/www.molinsfilmfestival.com\/2022\/11\/03\/el-programa-acciocinema-al-terrormolins\/#breadcrumb\",\"itemListElement\":[{\"@type\":\"ListItem\",\"position\":1,\"name\":\"Inici\",\"item\":\"https:\/\/www.molinsfilmfestival.com\/\"},{\"@type\":\"ListItem\",\"position\":2,\"name\":\"El programa Acci\u00f3&gt;Cinema al TerrorMolins\"}]},{\"@type\":\"WebSite\",\"@id\":\"https:\/\/www.molinsfilmfestival.com\/#website\",\"url\":\"https:\/\/www.molinsfilmfestival.com\/\",\"name\":\"Molins Horror Film Festival\",\"description\":\"Festival de Cine de Terror de Molins de Rei\",\"publisher\":{\"@id\":\"https:\/\/www.molinsfilmfestival.com\/#organization\"},\"potentialAction\":[{\"@type\":\"SearchAction\",\"target\":{\"@type\":\"EntryPoint\",\"urlTemplate\":\"https:\/\/www.molinsfilmfestival.com\/?s={search_term_string}\"},\"query-input\":{\"@type\":\"PropertyValueSpecification\",\"valueRequired\":true,\"valueName\":\"search_term_string\"}}],\"inLanguage\":\"en-GB\"},{\"@type\":\"Organization\",\"@id\":\"https:\/\/www.molinsfilmfestival.com\/#organization\",\"name\":\"Molins Horror Film Festival\",\"url\":\"https:\/\/www.molinsfilmfestival.com\/\",\"logo\":{\"@type\":\"ImageObject\",\"inLanguage\":\"en-GB\",\"@id\":\"https:\/\/www.molinsfilmfestival.com\/#\/schema\/logo\/image\/\",\"url\":\"https:\/\/www.molinsfilmfestival.com\/wp-content\/uploads\/2025\/05\/terrormolins_logo.svg\",\"contentUrl\":\"https:\/\/www.molinsfilmfestival.com\/wp-content\/uploads\/2025\/05\/terrormolins_logo.svg\",\"caption\":\"Molins Horror Film Festival\"},\"image\":{\"@id\":\"https:\/\/www.molinsfilmfestival.com\/#\/schema\/logo\/image\/\"}},{\"@type\":\"Person\",\"@id\":\"https:\/\/www.molinsfilmfestival.com\/#\/schema\/person\/9d664b50116f871b0cb00fa43b2527dd\",\"name\":\"terrormolins\",\"image\":{\"@type\":\"ImageObject\",\"inLanguage\":\"en-GB\",\"@id\":\"https:\/\/www.molinsfilmfestival.com\/#\/schema\/person\/image\/\",\"url\":\"https:\/\/secure.gravatar.com\/avatar\/591ccac8e3772fe3891dbd3892fd2232dbe1beb33ebbae4b228747f35168dcc6?s=96&d=mm&r=g\",\"contentUrl\":\"https:\/\/secure.gravatar.com\/avatar\/591ccac8e3772fe3891dbd3892fd2232dbe1beb33ebbae4b228747f35168dcc6?s=96&d=mm&r=g\",\"caption\":\"terrormolins\"},\"sameAs\":[\"https:\/\/temporal.molinsfilmfestival.com\"],\"url\":\"http:\/\/www.molinsfilmfestival.com\/eng\/author\/terrormolins\/\"}]}<\/script>\n<!-- \/ Yoast SEO plugin. -->","yoast_head_json":{"title":"El programa Acci\u00f3&gt;Cinema al TerrorMolins | Molins Horror Film Festival","robots":{"index":"index","follow":"follow","max-snippet":"max-snippet:-1","max-image-preview":"max-image-preview:large","max-video-preview":"max-video-preview:-1"},"canonical":"https:\/\/www.molinsfilmfestival.com\/eng\/2022\/11\/03\/el-programa-acciocinema-al-terrormolins\/","og_locale":"en_GB","og_type":"article","og_title":"El programa Acci\u00f3&gt;Cinema al TerrorMolins | Molins Horror Film Festival","og_description":"Acci\u00f3&gt;Cinema \u00e9s una iniciativa impulsada per la coordinadora de festivals de cinema Catalunya Film Festivals (CFF), en col\u00b7laboraci\u00f3 amb l&#8217; Ag\u00e8ncia Catalana de Cooperaci\u00f3 al Desenvolupament i el Departament de Cultura, que promou l\u2019audiovisual &#8220;com a eina de construcci\u00f3 d\u2019una ciutadania formada, cr\u00edtica i mobilitzada per un m\u00f3n m\u00e9s just&#8221;. El Festival de Cine de [&hellip;]","og_url":"https:\/\/www.molinsfilmfestival.com\/eng\/2022\/11\/03\/el-programa-acciocinema-al-terrormolins\/","og_site_name":"Molins Horror Film Festival","article_published_time":"2022-11-03T00:53:59+00:00","og_image":[{"url":"http:\/\/www.molinsfilmfestival.com\/wp-content\/uploads\/2022\/11\/FBlkuNiXEAIQGVm-1400x788.png","type":"","width":"","height":""}],"author":"terrormolins","twitter_card":"summary_large_image","twitter_misc":{"Written by":"terrormolins","Estimated reading time":"2 minutes"},"schema":{"@context":"https:\/\/schema.org","@graph":[{"@type":"Article","@id":"https:\/\/www.molinsfilmfestival.com\/2022\/11\/03\/el-programa-acciocinema-al-terrormolins\/#article","isPartOf":{"@id":"https:\/\/www.molinsfilmfestival.com\/2022\/11\/03\/el-programa-acciocinema-al-terrormolins\/"},"author":{"name":"terrormolins","@id":"https:\/\/www.molinsfilmfestival.com\/#\/schema\/person\/9d664b50116f871b0cb00fa43b2527dd"},"headline":"El programa Acci\u00f3&gt;Cinema al TerrorMolins","datePublished":"2022-11-03T00:53:59+00:00","mainEntityOfPage":{"@id":"https:\/\/www.molinsfilmfestival.com\/2022\/11\/03\/el-programa-acciocinema-al-terrormolins\/"},"wordCount":469,"publisher":{"@id":"https:\/\/www.molinsfilmfestival.com\/#organization"},"image":{"@id":"https:\/\/www.molinsfilmfestival.com\/2022\/11\/03\/el-programa-acciocinema-al-terrormolins\/#primaryimage"},"thumbnailUrl":"http:\/\/www.molinsfilmfestival.com\/wp-content\/uploads\/2022\/11\/FBlkuNiXEAIQGVm-1400x788.png","articleSection":["41 Edition 2022","Aula de Terror","Destacats","G\u00e8nere al G\u00e8nere","Terrorkids"],"inLanguage":"en-GB"},{"@type":"WebPage","@id":"https:\/\/www.molinsfilmfestival.com\/2022\/11\/03\/el-programa-acciocinema-al-terrormolins\/","url":"https:\/\/www.molinsfilmfestival.com\/2022\/11\/03\/el-programa-acciocinema-al-terrormolins\/","name":"El programa Acci\u00f3&gt;Cinema al TerrorMolins | Molins Horror Film Festival","isPartOf":{"@id":"https:\/\/www.molinsfilmfestival.com\/#website"},"primaryImageOfPage":{"@id":"https:\/\/www.molinsfilmfestival.com\/2022\/11\/03\/el-programa-acciocinema-al-terrormolins\/#primaryimage"},"image":{"@id":"https:\/\/www.molinsfilmfestival.com\/2022\/11\/03\/el-programa-acciocinema-al-terrormolins\/#primaryimage"},"thumbnailUrl":"http:\/\/www.molinsfilmfestival.com\/wp-content\/uploads\/2022\/11\/FBlkuNiXEAIQGVm-1400x788.png","datePublished":"2022-11-03T00:53:59+00:00","breadcrumb":{"@id":"https:\/\/www.molinsfilmfestival.com\/2022\/11\/03\/el-programa-acciocinema-al-terrormolins\/#breadcrumb"},"inLanguage":"en-GB","potentialAction":[{"@type":"ReadAction","target":["https:\/\/www.molinsfilmfestival.com\/2022\/11\/03\/el-programa-acciocinema-al-terrormolins\/"]}]},{"@type":"ImageObject","inLanguage":"en-GB","@id":"https:\/\/www.molinsfilmfestival.com\/2022\/11\/03\/el-programa-acciocinema-al-terrormolins\/#primaryimage","url":"http:\/\/www.molinsfilmfestival.com\/wp-content\/uploads\/2022\/11\/FBlkuNiXEAIQGVm-1400x788.png","contentUrl":"http:\/\/www.molinsfilmfestival.com\/wp-content\/uploads\/2022\/11\/FBlkuNiXEAIQGVm-1400x788.png"},{"@type":"BreadcrumbList","@id":"https:\/\/www.molinsfilmfestival.com\/2022\/11\/03\/el-programa-acciocinema-al-terrormolins\/#breadcrumb","itemListElement":[{"@type":"ListItem","position":1,"name":"Inici","item":"https:\/\/www.molinsfilmfestival.com\/"},{"@type":"ListItem","position":2,"name":"El programa Acci\u00f3&gt;Cinema al TerrorMolins"}]},{"@type":"WebSite","@id":"https:\/\/www.molinsfilmfestival.com\/#website","url":"https:\/\/www.molinsfilmfestival.com\/","name":"Molins Horror Film Festival","description":"Molins de Rei Horror Film Festival","publisher":{"@id":"https:\/\/www.molinsfilmfestival.com\/#organization"},"potentialAction":[{"@type":"SearchAction","target":{"@type":"EntryPoint","urlTemplate":"https:\/\/www.molinsfilmfestival.com\/?s={search_term_string}"},"query-input":{"@type":"PropertyValueSpecification","valueRequired":true,"valueName":"search_term_string"}}],"inLanguage":"en-GB"},{"@type":"Organization","@id":"https:\/\/www.molinsfilmfestival.com\/#organization","name":"Molins Horror Film Festival","url":"https:\/\/www.molinsfilmfestival.com\/","logo":{"@type":"ImageObject","inLanguage":"en-GB","@id":"https:\/\/www.molinsfilmfestival.com\/#\/schema\/logo\/image\/","url":"https:\/\/www.molinsfilmfestival.com\/wp-content\/uploads\/2025\/05\/terrormolins_logo.svg","contentUrl":"https:\/\/www.molinsfilmfestival.com\/wp-content\/uploads\/2025\/05\/terrormolins_logo.svg","caption":"Molins Horror Film Festival"},"image":{"@id":"https:\/\/www.molinsfilmfestival.com\/#\/schema\/logo\/image\/"}},{"@type":"Person","@id":"https:\/\/www.molinsfilmfestival.com\/#\/schema\/person\/9d664b50116f871b0cb00fa43b2527dd","name":"terrormills","image":{"@type":"ImageObject","inLanguage":"en-GB","@id":"https:\/\/www.molinsfilmfestival.com\/#\/schema\/person\/image\/","url":"https:\/\/secure.gravatar.com\/avatar\/591ccac8e3772fe3891dbd3892fd2232dbe1beb33ebbae4b228747f35168dcc6?s=96&d=mm&r=g","contentUrl":"https:\/\/secure.gravatar.com\/avatar\/591ccac8e3772fe3891dbd3892fd2232dbe1beb33ebbae4b228747f35168dcc6?s=96&d=mm&r=g","caption":"terrormolins"},"sameAs":["https:\/\/temporal.molinsfilmfestival.com"],"url":"http:\/\/www.molinsfilmfestival.com\/eng\/author\/terrormolins\/"}]}},"_links":{"self":[{"href":"http:\/\/www.molinsfilmfestival.com\/eng\/wp-json\/wp\/v2\/posts\/1299","targetHints":{"allow":["GET"]}}],"collection":[{"href":"http:\/\/www.molinsfilmfestival.com\/eng\/wp-json\/wp\/v2\/posts"}],"about":[{"href":"http:\/\/www.molinsfilmfestival.com\/eng\/wp-json\/wp\/v2\/types\/post"}],"author":[{"embeddable":true,"href":"http:\/\/www.molinsfilmfestival.com\/eng\/wp-json\/wp\/v2\/users\/1"}],"replies":[{"embeddable":true,"href":"http:\/\/www.molinsfilmfestival.com\/eng\/wp-json\/wp\/v2\/comments?post=1299"}],"version-history":[{"count":0,"href":"http:\/\/www.molinsfilmfestival.com\/eng\/wp-json\/wp\/v2\/posts\/1299\/revisions"}],"wp:attachment":[{"href":"http:\/\/www.molinsfilmfestival.com\/eng\/wp-json\/wp\/v2\/media?parent=1299"}],"wp:term":[{"taxonomy":"category","embeddable":true,"href":"http:\/\/www.molinsfilmfestival.com\/eng\/wp-json\/wp\/v2\/categories?post=1299"},{"taxonomy":"post_tag","embeddable":true,"href":"http:\/\/www.molinsfilmfestival.com\/eng\/wp-json\/wp\/v2\/tags?post=1299"}],"curies":[{"name":"wp","href":"https:\/\/api.w.org\/{rel}","templated":true}]}}