{"id":1238,"date":"2024-11-04T13:38:03","date_gmt":"2024-11-04T12:38:03","guid":{"rendered":"https:\/\/temporal.molinsfilmfestival.com\/?p=25953295"},"modified":"2024-11-04T13:38:03","modified_gmt":"2024-11-04T12:38:03","slug":"el-festival-de-cine-de-terror-de-molins-de-rei-programa-114-pellicules-entre-llargs-i-curtmetratges-de-mes-duna-trentena-de-nacionalitats","status":"publish","type":"post","link":"http:\/\/www.molinsfilmfestival.com\/esp\/2024\/11\/04\/el-festival-de-cine-de-terror-de-molins-de-rei-programa-114-pellicules-entre-llargs-i-curtmetratges-de-mes-duna-trentena-de-nacionalitats\/","title":{"rendered":"El Festival de Cine de Terror de Molinos de Rey programa 114 pel\u00edculas, entre largos y cortometrajes, de m\u00e1s de una treintena de nacionalidades."},"content":{"rendered":"<p><strong>El festival presenta el espot de la 43\u00aa edici\u00f3n, un subversivo homenaje a &#039;La matanza de Texas&#039; dirigido por Paco Ruiz.<\/strong><\/p>\n\n\n\n<p><strong>El equipo de &#039;El instinto&#039;, gran ganadora del festival Abycine, los directores de &#039;La Damn\u00e9e&#039;, &#039;Blood Star&#039; y &#039;An Taibhse (The Ghost)&#039;, y la protagonista de &#039;Heresy (Witte Wieven)&#039;, entre las presencias destacadas.<\/strong><\/p>\n\n\n\n<p><strong>El TerrorMolins estrena colaboraciones con la plataforma 3Cat y la Acad\u00e8mia del Cinema Catal\u00e0.<\/strong><\/p>\n\n\n\n<p><\/p>\n\n\n\n<p><strong>04\/11\/2024 | <\/strong>A falta de menos de una semana por el inicio del TerrorMolins 2024 el festival presenta todos los detalles de su 43 edici\u00f3n. Finalmente no ha podido estar en rueda de prensa debido al aviso de peligro por tiempo violento en el Baix Llobregat, despu\u00e9s de que el acto se pospusiera por los tres d\u00edas de luto oficiales convocados por el Ayuntamiento a casa de las v\u00edctimas de la DANA.<\/p>\n\n\n\n<p>La primera de las novedades anunciadas es <strong>el spot del festival, dirigido por Paco Ruiz<\/strong>. La obra del cineasta molinense homenajea <em>La matanza de Texas<\/em>, m\u00e1ximo exponente del terror rural, pero tal y como anticipaba el cartel de esta edici\u00f3n, dise\u00f1ado por \u00e9l mismo, subvierte sus roles y le otorga una lectura actualizada sin traicionar su esp\u00edritu.<\/p>\n\n\n\n<p>El Festival de Cine de Terror de Molins de Rei tendr\u00e1 lugar entre el 8 y el 17 de noviembre y, como en a\u00f1os anteriores, ofrecer\u00e1 la mayor parte de su programaci\u00f3n de forma presencial en el Teatro de La Peni y una peque\u00f1a parte online a trav\u00e9s de la plataforma Filmin. En total son <strong>114 pel\u00edculas <\/strong>\u201442 largometrajes y 72 cortometrajes\u2014 de <strong>33 nacionalidades<\/strong>, entre ellos <strong>4 premi\u00e8res mundiales, 5 internacionales o europeas, 30 estrenos en el Estado espa\u00f1ol y 5 catalanes<\/strong>. Todas ellas divididas en seis secciones competitivas \u2014Secci\u00f3n Oficial, Being Different, Bloody Madness, \u00c7-Rota, Globo y TerrorKids\u2014 y dos fuera de competici\u00f3n.<\/p>\n\n\n\n<p>Entre las novedades anunciadas destaca tambi\u00e9n la del <strong>Premio Honor\u00edfico<\/strong> de este a\u00f1o, que recae en <strong>Montse Rib\u00e9<\/strong>, artista de efectos especiales. Rib\u00e9 tiene una extensa trayectoria profesional junto a cineastas como Pedro Almod\u00f3var o Jos\u00e9 Antonio Bayona y obtuvo un Oscar por <em>El laberinto del fauno<\/em> junto con David Mart\u00ed. Entre sus trabajos sobresalen igualmente otras obras ic\u00f3nicas del cine de g\u00e9nero como <em>La comunidad<\/em>, <em>[REC]4: Apocalipsis<\/em>, <em>La cimera escarlata <\/em>o <em>Un monstruo me viene a ver<\/em>.<\/p>\n\n\n\n<p><strong>Talentos en el TerrorMolins 2024. <\/strong>Adem\u00e1s de Montse Rib\u00e9, asistir\u00e1n al festival otras personalidades para presentar sus pel\u00edculas. Entre los talentos de los largometrajes estar\u00e1n presentes <strong>Abel Danan<\/strong>, director del filme inaugural <em>La Damn\u00e9e<\/em>; <strong>Lawrence Jacomelli<\/strong>, director de <em>Blood Star<\/em>; <strong>Anneke Sluiters<\/strong>, protagonista de <em>Heresy (Witte Wieven)<\/em>; <strong>John Farrelly<\/strong>, director de\u2019<em>An Taibhse (The Ghost)<\/em>, primer filme de terror rodado en irland\u00e9s ga\u00e9lico de la historia; y el equipo de\u2019<em>El instinto<\/em>, gran triunfadora del festival Abycine, encabezado por el director <strong>Juan Albarrac\u00edn<\/strong>. A estos y otros talentos de los setenta cortometrajes programados se suman los jurados de las diferentes secciones. El jurado de la Secci\u00f3n Oficial de largometrajes estar\u00e1 formado por <strong>Roc\u00edo Al\u00e9s<\/strong>, escritora y docente; <strong>Julia Lara<\/strong>, actriz; y <strong>Caye Casas<\/strong>, director de la gran triunfadora del TerrorMolins 2023, <em>La mesita del comedor<\/em>. El jurado de las secciones Being Different y Bloody Madness lo forman Enrique Garcel\u00e1n, Cristina Borobia y V\u00edctor Catal\u00e0; el de la Secci\u00f3n Oficial de cortometrajes est\u00e1 formado por Heidi Honeycutt, Max Gee y Julia Cranney; el de \u00c7-Rota por Diego Collado, Alberto Romo y Sabina Pujol; y el Jurado de la Cr\u00edtica lo forman Carlos Penela, Ylenia Ca\u00f1adas y Jordi Gonz\u00e1lez.<\/p>\n\n\n\n<p><strong>Exposici\u00f3n y presentaciones literarias, entre las actividades paralelas. <\/strong>No todo son proyecciones en el TerrorMolins. Entre las actividades que tambi\u00e9n forman parte del certamen se encuentra la exposici\u00f3n \u201cTerror a Quatre Rodes\u201d by Joso. A partir del 7 de noviembre la Sala de exposiciones Ca n&#039;Ametller acoger\u00e1 una muestra de dise\u00f1os para engalanar la carrocer\u00eda del coche oficial del festival, s\u00f3lo uno de los cuales ha sido escogido por Renault e impreso en formato vinilo. Tambi\u00e9n se presentar\u00e1n varias novedades editoriales con el terror como tel\u00f3n de fondo. Son <em>La maldici\u00f3n de la luna llena<\/em>, con Alberto Romo y Raul Ruiz; <em>Am\u00e9rica profunda<\/em>, con Roc\u00edo Al\u00e9s; y <em>Cine de Terror contado a los ni\u00f1os<\/em>, con Manuel Ma\u00f1ero. A todo ello se suman actividades como los celebrados Molins Horror Games y varias charlas, adem\u00e1s de unas Jornadas profesionales que acoger\u00e1n, entre otras, el IV Foro de Coproducci\u00f3n Iberoamericana.<\/p>\n\n\n\n<p><strong>Nuevas colaboraciones. <\/strong>El TerrorMolins forma parte de alianzas de festivales de g\u00e9nero como el TAC (Terror Arreu de Catalunya) o Noviembre Fantasma y busca siempre nuevas v\u00edas de colaboraci\u00f3n. Dos de ellas son con <strong>3Cast<\/strong>, a trav\u00e9s del canal infantil <strong>SX3<\/strong>, que ofrece a ni\u00f1os la posibilidad de asistir a las sesiones del TerrorKids; y con la plataforma del propio 3Cat, donde a partir del 30 de noviembre el TerrorMolins tiene una colecci\u00f3n propia abierta con films en catal\u00e1n que han pasado por el festival. Son el largo <em>Avemar\u00eda <\/em>y los cortos <em>Agorafobia<\/em>,<em> En Navidad toca madera<\/em>, <em>Casas de alguien<\/em>, <em>La mas\u00eda<\/em>, <em>Lengua con alcaparras<\/em>, <em>Una cama llena de sangre <\/em>i <em>Zombiosis<\/em>. Otra colaboraci\u00f3n es con la\u2019<strong>Academia del Cine Catal\u00e1n<\/strong>, que cada a\u00f1o realiza una Acci\u00f3n de Recuperaci\u00f3n del Patrimonio Cinematogr\u00e1fico. Este a\u00f1o la acci\u00f3n lleva el t\u00edtulo &quot;El cine de terror: una geograf\u00eda del g\u00e9nero en Catalu\u00f1a&quot;, una selecci\u00f3n de 8 t\u00edtulos ic\u00f3nicos del g\u00e9nero en Catalu\u00f1a, comisariada por el investigador y programador Jordi S\u00e1nchez Navarro, cuya presentaci\u00f3n acoger\u00e1 el TerrorMolins. Adem\u00e1s, se proyectar\u00e1 uno de los films seleccionados, <em>\u00bfQui\u00e9n puede matar a un ni\u00f1o?<\/em>, de Chicho Ib\u00e1\u00f1ez Serrador, y se har\u00e1 una mesa redonda con el director Jaume Balaguer\u00f3, la cr\u00edtica Desir\u00e9e de Fez y el propio Jordi S\u00e1nchez Navarro.<\/p>","protected":false},"excerpt":{"rendered":"<p>El festival presenta l\u2019espot de la 43a edici\u00f3, un subversiu homenatge a \u2018La matan\u00e7a de Texas\u2019dirigit per Paco Ruiz. L\u2019equip d\u2019\u2018El instinto\u2019, gran guanyadora del festival Abycine, els directors de \u2018La Damn\u00e9e\u2019, \u2018Blood Star\u2019 i \u2018An Taibhse (The Ghost)\u2019, i la protagonista d\u2019\u2018Heresy (Witte Wieven)\u2019, entre les pres\u00e8ncies destacades. El TerrorMolins estrena col\u00b7laboracions amb la [&hellip;]<\/p>","protected":false},"author":1,"featured_media":0,"comment_status":"closed","ping_status":"closed","sticky":false,"template":"","format":"standard","meta":{"_acf_changed":false,"footnotes":""},"categories":[50,57,56,52,1],"tags":[59,55,54],"class_list":["post-1238","post","type-post","status-publish","format-standard","hentry","category-43e-edicio-2024","category-curtmetratges","category-destacats","category-llargmetratges","category-sin-categoria","tag-horror","tag-molins-de-rei-ca","tag-terror"],"acf":[],"yoast_head":"<!-- This site is optimized with the Yoast SEO plugin v26.4 - https:\/\/yoast.com\/wordpress\/plugins\/seo\/ -->\n<title>El Festival de Cine de Terror de Molins de Rei programa 114 pel\u00b7l\u00edcules, entre llargs i curtmetratges, de m\u00e9s d\u2019una trentena de nacionalitats. | Molins Horror Film Festival<\/title>\n<meta name=\"robots\" content=\"index, follow, max-snippet:-1, max-image-preview:large, max-video-preview:-1\" \/>\n<link rel=\"canonical\" href=\"https:\/\/www.molinsfilmfestival.com\/esp\/2024\/11\/04\/el-festival-de-cine-de-terror-de-molins-de-rei-programa-114-pellicules-entre-llargs-i-curtmetratges-de-mes-duna-trentena-de-nacionalitats\/\" \/>\n<meta property=\"og:locale\" content=\"es_ES\" \/>\n<meta property=\"og:type\" content=\"article\" \/>\n<meta property=\"og:title\" content=\"El Festival de Cine de Terror de Molins de Rei programa 114 pel\u00b7l\u00edcules, entre llargs i curtmetratges, de m\u00e9s d\u2019una trentena de nacionalitats. | Molins Horror Film Festival\" \/>\n<meta property=\"og:description\" content=\"El festival presenta l\u2019espot de la 43a edici\u00f3, un subversiu homenatge a \u2018La matan\u00e7a de Texas\u2019dirigit per Paco Ruiz. L\u2019equip d\u2019\u2018El instinto\u2019, gran guanyadora del festival Abycine, els directors de \u2018La Damn\u00e9e\u2019, \u2018Blood Star\u2019 i \u2018An Taibhse (The Ghost)\u2019, i la protagonista d\u2019\u2018Heresy (Witte Wieven)\u2019, entre les pres\u00e8ncies destacades. El TerrorMolins estrena col\u00b7laboracions amb la [&hellip;]\" \/>\n<meta property=\"og:url\" content=\"https:\/\/www.molinsfilmfestival.com\/esp\/2024\/11\/04\/el-festival-de-cine-de-terror-de-molins-de-rei-programa-114-pellicules-entre-llargs-i-curtmetratges-de-mes-duna-trentena-de-nacionalitats\/\" \/>\n<meta property=\"og:site_name\" content=\"Molins Horror Film Festival\" \/>\n<meta property=\"article:published_time\" content=\"2024-11-04T12:38:03+00:00\" \/>\n<meta name=\"author\" content=\"terrormolins\" \/>\n<meta name=\"twitter:card\" content=\"summary_large_image\" \/>\n<meta name=\"twitter:label1\" content=\"Escrito por\" \/>\n\t<meta name=\"twitter:data1\" content=\"terrormolins\" \/>\n\t<meta name=\"twitter:label2\" content=\"Tiempo de lectura\" \/>\n\t<meta name=\"twitter:data2\" content=\"5 minutos\" \/>\n<script type=\"application\/ld+json\" class=\"yoast-schema-graph\">{\"@context\":\"https:\/\/schema.org\",\"@graph\":[{\"@type\":\"Article\",\"@id\":\"https:\/\/www.molinsfilmfestival.com\/2024\/11\/04\/el-festival-de-cine-de-terror-de-molins-de-rei-programa-114-pellicules-entre-llargs-i-curtmetratges-de-mes-duna-trentena-de-nacionalitats\/#article\",\"isPartOf\":{\"@id\":\"https:\/\/www.molinsfilmfestival.com\/2024\/11\/04\/el-festival-de-cine-de-terror-de-molins-de-rei-programa-114-pellicules-entre-llargs-i-curtmetratges-de-mes-duna-trentena-de-nacionalitats\/\"},\"author\":{\"name\":\"terrormolins\",\"@id\":\"https:\/\/www.molinsfilmfestival.com\/#\/schema\/person\/9d664b50116f871b0cb00fa43b2527dd\"},\"headline\":\"El Festival de Cine de Terror de Molins de Rei programa 114 pel\u00b7l\u00edcules, entre llargs i curtmetratges, de m\u00e9s d\u2019una trentena de nacionalitats.\",\"datePublished\":\"2024-11-04T12:38:03+00:00\",\"mainEntityOfPage\":{\"@id\":\"https:\/\/www.molinsfilmfestival.com\/2024\/11\/04\/el-festival-de-cine-de-terror-de-molins-de-rei-programa-114-pellicules-entre-llargs-i-curtmetratges-de-mes-duna-trentena-de-nacionalitats\/\"},\"wordCount\":1035,\"publisher\":{\"@id\":\"https:\/\/www.molinsfilmfestival.com\/#organization\"},\"keywords\":[\"horror\",\"Molins de Rei\",\"terror\"],\"articleSection\":[\"43\u00e8 edici\u00f3 2024\",\"Curtmetratges\",\"Destacats\",\"Llargmetratges\"],\"inLanguage\":\"es\"},{\"@type\":\"WebPage\",\"@id\":\"https:\/\/www.molinsfilmfestival.com\/2024\/11\/04\/el-festival-de-cine-de-terror-de-molins-de-rei-programa-114-pellicules-entre-llargs-i-curtmetratges-de-mes-duna-trentena-de-nacionalitats\/\",\"url\":\"https:\/\/www.molinsfilmfestival.com\/2024\/11\/04\/el-festival-de-cine-de-terror-de-molins-de-rei-programa-114-pellicules-entre-llargs-i-curtmetratges-de-mes-duna-trentena-de-nacionalitats\/\",\"name\":\"El Festival de Cine de Terror de Molins de Rei programa 114 pel\u00b7l\u00edcules, entre llargs i curtmetratges, de m\u00e9s d\u2019una trentena de nacionalitats. | Molins Horror Film Festival\",\"isPartOf\":{\"@id\":\"https:\/\/www.molinsfilmfestival.com\/#website\"},\"datePublished\":\"2024-11-04T12:38:03+00:00\",\"breadcrumb\":{\"@id\":\"https:\/\/www.molinsfilmfestival.com\/2024\/11\/04\/el-festival-de-cine-de-terror-de-molins-de-rei-programa-114-pellicules-entre-llargs-i-curtmetratges-de-mes-duna-trentena-de-nacionalitats\/#breadcrumb\"},\"inLanguage\":\"es\",\"potentialAction\":[{\"@type\":\"ReadAction\",\"target\":[\"https:\/\/www.molinsfilmfestival.com\/2024\/11\/04\/el-festival-de-cine-de-terror-de-molins-de-rei-programa-114-pellicules-entre-llargs-i-curtmetratges-de-mes-duna-trentena-de-nacionalitats\/\"]}]},{\"@type\":\"BreadcrumbList\",\"@id\":\"https:\/\/www.molinsfilmfestival.com\/2024\/11\/04\/el-festival-de-cine-de-terror-de-molins-de-rei-programa-114-pellicules-entre-llargs-i-curtmetratges-de-mes-duna-trentena-de-nacionalitats\/#breadcrumb\",\"itemListElement\":[{\"@type\":\"ListItem\",\"position\":1,\"name\":\"Inici\",\"item\":\"https:\/\/www.molinsfilmfestival.com\/\"},{\"@type\":\"ListItem\",\"position\":2,\"name\":\"El Festival de Cine de Terror de Molins de Rei programa 114 pel\u00b7l\u00edcules, entre llargs i curtmetratges, de m\u00e9s d\u2019una trentena de nacionalitats.\"}]},{\"@type\":\"WebSite\",\"@id\":\"https:\/\/www.molinsfilmfestival.com\/#website\",\"url\":\"https:\/\/www.molinsfilmfestival.com\/\",\"name\":\"Molins Horror Film Festival\",\"description\":\"Festival de Cine de Terror de Molins de Rei\",\"publisher\":{\"@id\":\"https:\/\/www.molinsfilmfestival.com\/#organization\"},\"potentialAction\":[{\"@type\":\"SearchAction\",\"target\":{\"@type\":\"EntryPoint\",\"urlTemplate\":\"https:\/\/www.molinsfilmfestival.com\/?s={search_term_string}\"},\"query-input\":{\"@type\":\"PropertyValueSpecification\",\"valueRequired\":true,\"valueName\":\"search_term_string\"}}],\"inLanguage\":\"es\"},{\"@type\":\"Organization\",\"@id\":\"https:\/\/www.molinsfilmfestival.com\/#organization\",\"name\":\"Molins Horror Film Festival\",\"url\":\"https:\/\/www.molinsfilmfestival.com\/\",\"logo\":{\"@type\":\"ImageObject\",\"inLanguage\":\"es\",\"@id\":\"https:\/\/www.molinsfilmfestival.com\/#\/schema\/logo\/image\/\",\"url\":\"https:\/\/www.molinsfilmfestival.com\/wp-content\/uploads\/2025\/05\/terrormolins_logo.svg\",\"contentUrl\":\"https:\/\/www.molinsfilmfestival.com\/wp-content\/uploads\/2025\/05\/terrormolins_logo.svg\",\"caption\":\"Molins Horror Film Festival\"},\"image\":{\"@id\":\"https:\/\/www.molinsfilmfestival.com\/#\/schema\/logo\/image\/\"}},{\"@type\":\"Person\",\"@id\":\"https:\/\/www.molinsfilmfestival.com\/#\/schema\/person\/9d664b50116f871b0cb00fa43b2527dd\",\"name\":\"terrormolins\",\"image\":{\"@type\":\"ImageObject\",\"inLanguage\":\"es\",\"@id\":\"https:\/\/www.molinsfilmfestival.com\/#\/schema\/person\/image\/\",\"url\":\"https:\/\/secure.gravatar.com\/avatar\/591ccac8e3772fe3891dbd3892fd2232dbe1beb33ebbae4b228747f35168dcc6?s=96&d=mm&r=g\",\"contentUrl\":\"https:\/\/secure.gravatar.com\/avatar\/591ccac8e3772fe3891dbd3892fd2232dbe1beb33ebbae4b228747f35168dcc6?s=96&d=mm&r=g\",\"caption\":\"terrormolins\"},\"sameAs\":[\"https:\/\/temporal.molinsfilmfestival.com\"],\"url\":\"http:\/\/www.molinsfilmfestival.com\/esp\/author\/terrormolins\/\"}]}<\/script>\n<!-- \/ Yoast SEO plugin. -->","yoast_head_json":{"title":"El Festival de Cine de Terror de Molins de Rei programa 114 pel\u00b7l\u00edcules, entre llargs i curtmetratges, de m\u00e9s d\u2019una trentena de nacionalitats. | Molins Horror Film Festival","robots":{"index":"index","follow":"follow","max-snippet":"max-snippet:-1","max-image-preview":"max-image-preview:large","max-video-preview":"max-video-preview:-1"},"canonical":"https:\/\/www.molinsfilmfestival.com\/esp\/2024\/11\/04\/el-festival-de-cine-de-terror-de-molins-de-rei-programa-114-pellicules-entre-llargs-i-curtmetratges-de-mes-duna-trentena-de-nacionalitats\/","og_locale":"es_ES","og_type":"article","og_title":"El Festival de Cine de Terror de Molins de Rei programa 114 pel\u00b7l\u00edcules, entre llargs i curtmetratges, de m\u00e9s d\u2019una trentena de nacionalitats. | Molins Horror Film Festival","og_description":"El festival presenta l\u2019espot de la 43a edici\u00f3, un subversiu homenatge a \u2018La matan\u00e7a de Texas\u2019dirigit per Paco Ruiz. L\u2019equip d\u2019\u2018El instinto\u2019, gran guanyadora del festival Abycine, els directors de \u2018La Damn\u00e9e\u2019, \u2018Blood Star\u2019 i \u2018An Taibhse (The Ghost)\u2019, i la protagonista d\u2019\u2018Heresy (Witte Wieven)\u2019, entre les pres\u00e8ncies destacades. El TerrorMolins estrena col\u00b7laboracions amb la [&hellip;]","og_url":"https:\/\/www.molinsfilmfestival.com\/esp\/2024\/11\/04\/el-festival-de-cine-de-terror-de-molins-de-rei-programa-114-pellicules-entre-llargs-i-curtmetratges-de-mes-duna-trentena-de-nacionalitats\/","og_site_name":"Molins Horror Film Festival","article_published_time":"2024-11-04T12:38:03+00:00","author":"terrormolins","twitter_card":"summary_large_image","twitter_misc":{"Escrito por":"terrormolins","Tiempo de lectura":"5 minutos"},"schema":{"@context":"https:\/\/schema.org","@graph":[{"@type":"Article","@id":"https:\/\/www.molinsfilmfestival.com\/2024\/11\/04\/el-festival-de-cine-de-terror-de-molins-de-rei-programa-114-pellicules-entre-llargs-i-curtmetratges-de-mes-duna-trentena-de-nacionalitats\/#article","isPartOf":{"@id":"https:\/\/www.molinsfilmfestival.com\/2024\/11\/04\/el-festival-de-cine-de-terror-de-molins-de-rei-programa-114-pellicules-entre-llargs-i-curtmetratges-de-mes-duna-trentena-de-nacionalitats\/"},"author":{"name":"terrormolins","@id":"https:\/\/www.molinsfilmfestival.com\/#\/schema\/person\/9d664b50116f871b0cb00fa43b2527dd"},"headline":"El Festival de Cine de Terror de Molins de Rei programa 114 pel\u00b7l\u00edcules, entre llargs i curtmetratges, de m\u00e9s d\u2019una trentena de nacionalitats.","datePublished":"2024-11-04T12:38:03+00:00","mainEntityOfPage":{"@id":"https:\/\/www.molinsfilmfestival.com\/2024\/11\/04\/el-festival-de-cine-de-terror-de-molins-de-rei-programa-114-pellicules-entre-llargs-i-curtmetratges-de-mes-duna-trentena-de-nacionalitats\/"},"wordCount":1035,"publisher":{"@id":"https:\/\/www.molinsfilmfestival.com\/#organization"},"keywords":["horror","Molins de Rei","terror"],"articleSection":["43\u00e8 edici\u00f3 2024","Curtmetratges","Destacats","Llargmetratges"],"inLanguage":"es"},{"@type":"WebPage","@id":"https:\/\/www.molinsfilmfestival.com\/2024\/11\/04\/el-festival-de-cine-de-terror-de-molins-de-rei-programa-114-pellicules-entre-llargs-i-curtmetratges-de-mes-duna-trentena-de-nacionalitats\/","url":"https:\/\/www.molinsfilmfestival.com\/2024\/11\/04\/el-festival-de-cine-de-terror-de-molins-de-rei-programa-114-pellicules-entre-llargs-i-curtmetratges-de-mes-duna-trentena-de-nacionalitats\/","name":"El Festival de Cine de Terror de Molins de Rei programa 114 pel\u00b7l\u00edcules, entre llargs i curtmetratges, de m\u00e9s d\u2019una trentena de nacionalitats. | Molins Horror Film Festival","isPartOf":{"@id":"https:\/\/www.molinsfilmfestival.com\/#website"},"datePublished":"2024-11-04T12:38:03+00:00","breadcrumb":{"@id":"https:\/\/www.molinsfilmfestival.com\/2024\/11\/04\/el-festival-de-cine-de-terror-de-molins-de-rei-programa-114-pellicules-entre-llargs-i-curtmetratges-de-mes-duna-trentena-de-nacionalitats\/#breadcrumb"},"inLanguage":"es","potentialAction":[{"@type":"ReadAction","target":["https:\/\/www.molinsfilmfestival.com\/2024\/11\/04\/el-festival-de-cine-de-terror-de-molins-de-rei-programa-114-pellicules-entre-llargs-i-curtmetratges-de-mes-duna-trentena-de-nacionalitats\/"]}]},{"@type":"BreadcrumbList","@id":"https:\/\/www.molinsfilmfestival.com\/2024\/11\/04\/el-festival-de-cine-de-terror-de-molins-de-rei-programa-114-pellicules-entre-llargs-i-curtmetratges-de-mes-duna-trentena-de-nacionalitats\/#breadcrumb","itemListElement":[{"@type":"ListItem","position":1,"name":"Inici","item":"https:\/\/www.molinsfilmfestival.com\/"},{"@type":"ListItem","position":2,"name":"El Festival de Cine de Terror de Molins de Rei programa 114 pel\u00b7l\u00edcules, entre llargs i curtmetratges, de m\u00e9s d\u2019una trentena de nacionalitats."}]},{"@type":"WebSite","@id":"https:\/\/www.molinsfilmfestival.com\/#website","url":"https:\/\/www.molinsfilmfestival.com\/","name":"Molinos Horror Film Festival","description":"Festival de Cine de Terror de Molinos de Rey","publisher":{"@id":"https:\/\/www.molinsfilmfestival.com\/#organization"},"potentialAction":[{"@type":"SearchAction","target":{"@type":"EntryPoint","urlTemplate":"https:\/\/www.molinsfilmfestival.com\/?s={search_term_string}"},"query-input":{"@type":"PropertyValueSpecification","valueRequired":true,"valueName":"search_term_string"}}],"inLanguage":"es"},{"@type":"Organization","@id":"https:\/\/www.molinsfilmfestival.com\/#organization","name":"Molinos Horror Film Festival","url":"https:\/\/www.molinsfilmfestival.com\/","logo":{"@type":"ImageObject","inLanguage":"es","@id":"https:\/\/www.molinsfilmfestival.com\/#\/schema\/logo\/image\/","url":"https:\/\/www.molinsfilmfestival.com\/wp-content\/uploads\/2025\/05\/terrormolins_logo.svg","contentUrl":"https:\/\/www.molinsfilmfestival.com\/wp-content\/uploads\/2025\/05\/terrormolins_logo.svg","caption":"Molins Horror Film Festival"},"image":{"@id":"https:\/\/www.molinsfilmfestival.com\/#\/schema\/logo\/image\/"}},{"@type":"Person","@id":"https:\/\/www.molinsfilmfestival.com\/#\/schema\/person\/9d664b50116f871b0cb00fa43b2527dd","name":"terrormolinos","image":{"@type":"ImageObject","inLanguage":"es","@id":"https:\/\/www.molinsfilmfestival.com\/#\/schema\/person\/image\/","url":"https:\/\/secure.gravatar.com\/avatar\/591ccac8e3772fe3891dbd3892fd2232dbe1beb33ebbae4b228747f35168dcc6?s=96&d=mm&r=g","contentUrl":"https:\/\/secure.gravatar.com\/avatar\/591ccac8e3772fe3891dbd3892fd2232dbe1beb33ebbae4b228747f35168dcc6?s=96&d=mm&r=g","caption":"terrormolins"},"sameAs":["https:\/\/temporal.molinsfilmfestival.com"],"url":"http:\/\/www.molinsfilmfestival.com\/esp\/author\/terrormolins\/"}]}},"_links":{"self":[{"href":"http:\/\/www.molinsfilmfestival.com\/esp\/wp-json\/wp\/v2\/posts\/1238","targetHints":{"allow":["GET"]}}],"collection":[{"href":"http:\/\/www.molinsfilmfestival.com\/esp\/wp-json\/wp\/v2\/posts"}],"about":[{"href":"http:\/\/www.molinsfilmfestival.com\/esp\/wp-json\/wp\/v2\/types\/post"}],"author":[{"embeddable":true,"href":"http:\/\/www.molinsfilmfestival.com\/esp\/wp-json\/wp\/v2\/users\/1"}],"replies":[{"embeddable":true,"href":"http:\/\/www.molinsfilmfestival.com\/esp\/wp-json\/wp\/v2\/comments?post=1238"}],"version-history":[{"count":0,"href":"http:\/\/www.molinsfilmfestival.com\/esp\/wp-json\/wp\/v2\/posts\/1238\/revisions"}],"wp:attachment":[{"href":"http:\/\/www.molinsfilmfestival.com\/esp\/wp-json\/wp\/v2\/media?parent=1238"}],"wp:term":[{"taxonomy":"category","embeddable":true,"href":"http:\/\/www.molinsfilmfestival.com\/esp\/wp-json\/wp\/v2\/categories?post=1238"},{"taxonomy":"post_tag","embeddable":true,"href":"http:\/\/www.molinsfilmfestival.com\/esp\/wp-json\/wp\/v2\/tags?post=1238"}],"curies":[{"name":"wp","href":"https:\/\/api.w.org\/{rel}","templated":true}]}}