{"id":1337,"date":"2021-08-31T23:05:53","date_gmt":"2021-08-31T21:05:53","guid":{"rendered":"http:\/\/www.molinsfilmfestival.com\/2021\/08\/31\/cartell-terror-molins-2021\/"},"modified":"2021-08-31T23:05:53","modified_gmt":"2021-08-31T21:05:53","slug":"cartell-terror-molins-2021","status":"publish","type":"post","link":"http:\/\/www.molinsfilmfestival.com\/esp\/2021\/08\/31\/cartell-terror-molins-2021\/","title":{"rendered":"Cartel oficial del TerrorMolins 2021"},"content":{"rendered":"<h4 class=\"wp-block-heading\">Despu\u00e9s del anuncio del <a href=\"https:\/\/temporal.molinsfilmfestival.com\/2021\/05\/23\/terrormolins-celebra-les-seves-40-edicions-revisant-el-context-social-en-que-va-neixer\/?lang=ca\">leitmotiv<\/a> del Festival llega uno de los momentos m\u00e1s especiales para nosotros, la presentaci\u00f3n del cartel oficial, una colaboraci\u00f3n entre el fot\u00f3grafo Joan Gosa y el dise\u00f1ador Joan Jarque, ambos miembros del equipo del festival. <\/h4>\n\n<h4 class=\"wp-block-heading\">\u00bfC\u00f3mo ha sido el proceso de creaci\u00f3n del p\u00f3ster?<\/h4>\n\n<p>Como ya sab\u00e9is el leitmotiv de esta edici\u00f3n es la Contracultura y en este concepto se basa el p\u00f3ster de esta 40 edici\u00f3n. Quer\u00edamos hacer un homenaje a todos nuestros carteles, as\u00ed como un homenaje a esta b\u00fasqueda de nuevos aires para romper con el autoritarismo propio de la d\u00e9cada que vio nacer en el Festival en aquel lejano 1973. Hemos optado por un collage de gran formato que se realiz\u00f3 de forma manual, fotografiado y maquetado en digital. Nos transporta a los carteles setenteros y al movimiento de la contracultura de esa \u00e9poca.<\/p>\n\n<figure class=\"wp-block-video\"><\/figure>\n<p style=\"font-size:12px\">Joan Gosa, nacido en Pallej\u00e0, es fot\u00f3grafo profesional freelance. Se considera un apasionado de las culturas del mundo y de las relaciones del hombre con la naturaleza. Compagina su gran pasi\u00f3n por los viajes con su trabajo como fotoperiodista deportivo y noticias para una importante agencia de noticias. Tiene su propio estudio fotogr\u00e1fico, donde desarrolla sus proyectos personales y profesionales junto a sus clientes. Su relaci\u00f3n con TerrorMolins empez\u00f3 en 2017, asistiendo como fot\u00f3grafo oficial; desde ese momento se convierte en parte vital del Festival.<\/p>\n\n<p style=\"font-size:12px\">Joan Jarque, nacido en Molins, se define como dise\u00f1ador multidisciplinar enamorado del v\u00eddeo-mapping y del cine de terror. Colabora en la direcci\u00f3n de la comunicaci\u00f3n del Festival, dentro del departamento de comunicaci\u00f3n y marketing, as\u00ed como en la creaci\u00f3n y realizaci\u00f3n de video-mappings en directo durante los d\u00edas en que se celebra el certamen. Colabora en la direcci\u00f3n de la comunicaci\u00f3n del Festival, dentro de su departamento de comunicaci\u00f3n y marketing, as\u00ed como en la creaci\u00f3n y realizaci\u00f3n de v\u00eddeo-mappings en directo durante los d\u00edas en los que se celebra el certamen. Trabaja como productor creativo para el estudio Framemov y es tambi\u00e9n dise\u00f1ador gr\u00e1fico freelance para varias marcas. Su relaci\u00f3n con TerrorMolins comenz\u00f3 en 2001, asistiendo al Festival junto a sus padres, grandes amantes tambi\u00e9n de esa cita con el cine de g\u00e9nero. Est\u00e1 claro que el terror forma parte de su gen\u00e9tica. Est\u00e1 claro que el terror forma parte de su gen\u00e9tica.<\/p>","protected":false},"excerpt":{"rendered":"<p>Quer\u00edamos hacer un homenaje a todos nuestros carteles, as\u00ed como un homenaje a esta b\u00fasqueda de nuevos aires para romper con el autoritarismo propio de la d\u00e9cada que vio nacer en el Festival en aquel lejano 1973. Hemos optado por un collage de gran formato que se realiz\u00f3 de forma manual, fotografiado y maquetado en digital. Nos transporta a los carteles setenteros y al movimiento de la contracultura de esa \u00e9poca.<\/p>","protected":false},"author":1,"featured_media":0,"comment_status":"closed","ping_status":"closed","sticky":false,"template":"","format":"standard","meta":{"_acf_changed":false,"footnotes":""},"categories":[106,56,62],"tags":[],"class_list":["post-1337","post","type-post","status-publish","format-standard","hentry","category-40-edition-2021-ca","category-destacats","category-leitmotiv-ca"],"acf":[],"yoast_head":"<!-- This site is optimized with the Yoast SEO plugin v26.4 - https:\/\/yoast.com\/wordpress\/plugins\/seo\/ -->\n<title>Cartell oficial del TerrorMolins 2021 | Molins Horror Film Festival<\/title>\n<meta name=\"robots\" content=\"index, follow, max-snippet:-1, max-image-preview:large, max-video-preview:-1\" \/>\n<link rel=\"canonical\" href=\"https:\/\/www.molinsfilmfestival.com\/esp\/2021\/08\/31\/cartell-terror-molins-2021\/\" \/>\n<meta property=\"og:locale\" content=\"es_ES\" \/>\n<meta property=\"og:type\" content=\"article\" \/>\n<meta property=\"og:title\" content=\"Cartell oficial del TerrorMolins 2021 | Molins Horror Film Festival\" \/>\n<meta property=\"og:description\" content=\"Vol\u00edem fer un homenatge a tots els nostres cartells, aix\u00ed com tamb\u00e9 un homenatge a aquesta cerca de nous aires per a trencar amb l\u2019autoritarisme pr\u00f2pi de la d\u00e8cada que va veure n\u00e9ixer al Festival en aquell lluny\u00e0 1973. Hem optat per un collage de gran format que es va realitzar de manera manual, fotografiat i maquetat en digital. Ens transporta als cartells setenteros i al moviment de la contracultura d&#039;aquesta \u00e8poca.\" \/>\n<meta property=\"og:url\" content=\"https:\/\/www.molinsfilmfestival.com\/esp\/2021\/08\/31\/cartell-terror-molins-2021\/\" \/>\n<meta property=\"og:site_name\" content=\"Molins Horror Film Festival\" \/>\n<meta property=\"article:published_time\" content=\"2021-08-31T21:05:53+00:00\" \/>\n<meta name=\"author\" content=\"terrormolins\" \/>\n<meta name=\"twitter:card\" content=\"summary_large_image\" \/>\n<meta name=\"twitter:label1\" content=\"Escrito por\" \/>\n\t<meta name=\"twitter:data1\" content=\"terrormolins\" \/>\n\t<meta name=\"twitter:label2\" content=\"Tiempo de lectura\" \/>\n\t<meta name=\"twitter:data2\" content=\"2 minutos\" \/>\n<script type=\"application\/ld+json\" class=\"yoast-schema-graph\">{\"@context\":\"https:\/\/schema.org\",\"@graph\":[{\"@type\":\"Article\",\"@id\":\"https:\/\/www.molinsfilmfestival.com\/eng\/2021\/08\/31\/cartell-terror-molins-2021\/#article\",\"isPartOf\":{\"@id\":\"https:\/\/www.molinsfilmfestival.com\/eng\/2021\/08\/31\/cartell-terror-molins-2021\/\"},\"author\":{\"name\":\"terrormolins\",\"@id\":\"https:\/\/www.molinsfilmfestival.com\/#\/schema\/person\/9d664b50116f871b0cb00fa43b2527dd\"},\"headline\":\"Cartell oficial del TerrorMolins 2021\",\"datePublished\":\"2021-08-31T21:05:53+00:00\",\"mainEntityOfPage\":{\"@id\":\"https:\/\/www.molinsfilmfestival.com\/eng\/2021\/08\/31\/cartell-terror-molins-2021\/\"},\"wordCount\":442,\"publisher\":{\"@id\":\"https:\/\/www.molinsfilmfestival.com\/#organization\"},\"articleSection\":[\"40 Edition 2021\",\"Destacats\",\"Leitmotiv\"],\"inLanguage\":\"es\"},{\"@type\":\"WebPage\",\"@id\":\"https:\/\/www.molinsfilmfestival.com\/eng\/2021\/08\/31\/cartell-terror-molins-2021\/\",\"url\":\"https:\/\/www.molinsfilmfestival.com\/eng\/2021\/08\/31\/cartell-terror-molins-2021\/\",\"name\":\"Cartell oficial del TerrorMolins 2021 | Molins Horror Film Festival\",\"isPartOf\":{\"@id\":\"https:\/\/www.molinsfilmfestival.com\/#website\"},\"datePublished\":\"2021-08-31T21:05:53+00:00\",\"breadcrumb\":{\"@id\":\"https:\/\/www.molinsfilmfestival.com\/eng\/2021\/08\/31\/cartell-terror-molins-2021\/#breadcrumb\"},\"inLanguage\":\"es\",\"potentialAction\":[{\"@type\":\"ReadAction\",\"target\":[\"https:\/\/www.molinsfilmfestival.com\/eng\/2021\/08\/31\/cartell-terror-molins-2021\/\"]}]},{\"@type\":\"BreadcrumbList\",\"@id\":\"https:\/\/www.molinsfilmfestival.com\/eng\/2021\/08\/31\/cartell-terror-molins-2021\/#breadcrumb\",\"itemListElement\":[{\"@type\":\"ListItem\",\"position\":1,\"name\":\"Inici\",\"item\":\"https:\/\/www.molinsfilmfestival.com\/\"},{\"@type\":\"ListItem\",\"position\":2,\"name\":\"Cartell oficial del TerrorMolins 2021\"}]},{\"@type\":\"WebSite\",\"@id\":\"https:\/\/www.molinsfilmfestival.com\/#website\",\"url\":\"https:\/\/www.molinsfilmfestival.com\/\",\"name\":\"Molins Horror Film Festival\",\"description\":\"Festival de Cine de Terror de Molins de Rei\",\"publisher\":{\"@id\":\"https:\/\/www.molinsfilmfestival.com\/#organization\"},\"potentialAction\":[{\"@type\":\"SearchAction\",\"target\":{\"@type\":\"EntryPoint\",\"urlTemplate\":\"https:\/\/www.molinsfilmfestival.com\/?s={search_term_string}\"},\"query-input\":{\"@type\":\"PropertyValueSpecification\",\"valueRequired\":true,\"valueName\":\"search_term_string\"}}],\"inLanguage\":\"es\"},{\"@type\":\"Organization\",\"@id\":\"https:\/\/www.molinsfilmfestival.com\/#organization\",\"name\":\"Molins Horror Film Festival\",\"url\":\"https:\/\/www.molinsfilmfestival.com\/\",\"logo\":{\"@type\":\"ImageObject\",\"inLanguage\":\"es\",\"@id\":\"https:\/\/www.molinsfilmfestival.com\/#\/schema\/logo\/image\/\",\"url\":\"https:\/\/www.molinsfilmfestival.com\/wp-content\/uploads\/2025\/05\/terrormolins_logo.svg\",\"contentUrl\":\"https:\/\/www.molinsfilmfestival.com\/wp-content\/uploads\/2025\/05\/terrormolins_logo.svg\",\"caption\":\"Molins Horror Film Festival\"},\"image\":{\"@id\":\"https:\/\/www.molinsfilmfestival.com\/#\/schema\/logo\/image\/\"}},{\"@type\":\"Person\",\"@id\":\"https:\/\/www.molinsfilmfestival.com\/#\/schema\/person\/9d664b50116f871b0cb00fa43b2527dd\",\"name\":\"terrormolins\",\"image\":{\"@type\":\"ImageObject\",\"inLanguage\":\"es\",\"@id\":\"https:\/\/www.molinsfilmfestival.com\/#\/schema\/person\/image\/\",\"url\":\"https:\/\/secure.gravatar.com\/avatar\/591ccac8e3772fe3891dbd3892fd2232dbe1beb33ebbae4b228747f35168dcc6?s=96&d=mm&r=g\",\"contentUrl\":\"https:\/\/secure.gravatar.com\/avatar\/591ccac8e3772fe3891dbd3892fd2232dbe1beb33ebbae4b228747f35168dcc6?s=96&d=mm&r=g\",\"caption\":\"terrormolins\"},\"sameAs\":[\"https:\/\/temporal.molinsfilmfestival.com\"],\"url\":\"http:\/\/www.molinsfilmfestival.com\/esp\/author\/terrormolins\/\"}]}<\/script>\n<!-- \/ Yoast SEO plugin. -->","yoast_head_json":{"title":"Cartel oficial del TerrorMolins 2021 | Molinos Horror Film Festival","robots":{"index":"index","follow":"follow","max-snippet":"max-snippet:-1","max-image-preview":"max-image-preview:large","max-video-preview":"max-video-preview:-1"},"canonical":"https:\/\/www.molinsfilmfestival.com\/esp\/2021\/08\/31\/cartell-terror-molins-2021\/","og_locale":"es_ES","og_type":"article","og_title":"Cartell oficial del TerrorMolins 2021 | Molins Horror Film Festival","og_description":"Vol\u00edem fer un homenatge a tots els nostres cartells, aix\u00ed com tamb\u00e9 un homenatge a aquesta cerca de nous aires per a trencar amb l\u2019autoritarisme pr\u00f2pi de la d\u00e8cada que va veure n\u00e9ixer al Festival en aquell lluny\u00e0 1973. Hem optat per un collage de gran format que es va realitzar de manera manual, fotografiat i maquetat en digital. Ens transporta als cartells setenteros i al moviment de la contracultura d'aquesta \u00e8poca.","og_url":"https:\/\/www.molinsfilmfestival.com\/esp\/2021\/08\/31\/cartell-terror-molins-2021\/","og_site_name":"Molins Horror Film Festival","article_published_time":"2021-08-31T21:05:53+00:00","author":"terrormolins","twitter_card":"summary_large_image","twitter_misc":{"Escrito por":"terrormolins","Tiempo de lectura":"2 minutos"},"schema":{"@context":"https:\/\/schema.org","@graph":[{"@type":"Article","@id":"https:\/\/www.molinsfilmfestival.com\/eng\/2021\/08\/31\/cartell-terror-molins-2021\/#article","isPartOf":{"@id":"https:\/\/www.molinsfilmfestival.com\/eng\/2021\/08\/31\/cartell-terror-molins-2021\/"},"author":{"name":"terrormolins","@id":"https:\/\/www.molinsfilmfestival.com\/#\/schema\/person\/9d664b50116f871b0cb00fa43b2527dd"},"headline":"Cartell oficial del TerrorMolins 2021","datePublished":"2021-08-31T21:05:53+00:00","mainEntityOfPage":{"@id":"https:\/\/www.molinsfilmfestival.com\/eng\/2021\/08\/31\/cartell-terror-molins-2021\/"},"wordCount":442,"publisher":{"@id":"https:\/\/www.molinsfilmfestival.com\/#organization"},"articleSection":["40 Edition 2021","Destacats","Leitmotiv"],"inLanguage":"es"},{"@type":"WebPage","@id":"https:\/\/www.molinsfilmfestival.com\/eng\/2021\/08\/31\/cartell-terror-molins-2021\/","url":"https:\/\/www.molinsfilmfestival.com\/eng\/2021\/08\/31\/cartell-terror-molins-2021\/","name":"Cartel oficial del TerrorMolins 2021 | Molinos Horror Film Festival","isPartOf":{"@id":"https:\/\/www.molinsfilmfestival.com\/#website"},"datePublished":"2021-08-31T21:05:53+00:00","breadcrumb":{"@id":"https:\/\/www.molinsfilmfestival.com\/eng\/2021\/08\/31\/cartell-terror-molins-2021\/#breadcrumb"},"inLanguage":"es","potentialAction":[{"@type":"ReadAction","target":["https:\/\/www.molinsfilmfestival.com\/eng\/2021\/08\/31\/cartell-terror-molins-2021\/"]}]},{"@type":"BreadcrumbList","@id":"https:\/\/www.molinsfilmfestival.com\/eng\/2021\/08\/31\/cartell-terror-molins-2021\/#breadcrumb","itemListElement":[{"@type":"ListItem","position":1,"name":"Inici","item":"https:\/\/www.molinsfilmfestival.com\/"},{"@type":"ListItem","position":2,"name":"Cartell oficial del TerrorMolins 2021"}]},{"@type":"WebSite","@id":"https:\/\/www.molinsfilmfestival.com\/#website","url":"https:\/\/www.molinsfilmfestival.com\/","name":"Molinos Horror Film Festival","description":"Festival de Cine de Terror de Molinos de Rey","publisher":{"@id":"https:\/\/www.molinsfilmfestival.com\/#organization"},"potentialAction":[{"@type":"SearchAction","target":{"@type":"EntryPoint","urlTemplate":"https:\/\/www.molinsfilmfestival.com\/?s={search_term_string}"},"query-input":{"@type":"PropertyValueSpecification","valueRequired":true,"valueName":"search_term_string"}}],"inLanguage":"es"},{"@type":"Organization","@id":"https:\/\/www.molinsfilmfestival.com\/#organization","name":"Molinos Horror Film Festival","url":"https:\/\/www.molinsfilmfestival.com\/","logo":{"@type":"ImageObject","inLanguage":"es","@id":"https:\/\/www.molinsfilmfestival.com\/#\/schema\/logo\/image\/","url":"https:\/\/www.molinsfilmfestival.com\/wp-content\/uploads\/2025\/05\/terrormolins_logo.svg","contentUrl":"https:\/\/www.molinsfilmfestival.com\/wp-content\/uploads\/2025\/05\/terrormolins_logo.svg","caption":"Molins Horror Film Festival"},"image":{"@id":"https:\/\/www.molinsfilmfestival.com\/#\/schema\/logo\/image\/"}},{"@type":"Person","@id":"https:\/\/www.molinsfilmfestival.com\/#\/schema\/person\/9d664b50116f871b0cb00fa43b2527dd","name":"terrormolinos","image":{"@type":"ImageObject","inLanguage":"es","@id":"https:\/\/www.molinsfilmfestival.com\/#\/schema\/person\/image\/","url":"https:\/\/secure.gravatar.com\/avatar\/591ccac8e3772fe3891dbd3892fd2232dbe1beb33ebbae4b228747f35168dcc6?s=96&d=mm&r=g","contentUrl":"https:\/\/secure.gravatar.com\/avatar\/591ccac8e3772fe3891dbd3892fd2232dbe1beb33ebbae4b228747f35168dcc6?s=96&d=mm&r=g","caption":"terrormolins"},"sameAs":["https:\/\/temporal.molinsfilmfestival.com"],"url":"http:\/\/www.molinsfilmfestival.com\/esp\/author\/terrormolins\/"}]}},"_links":{"self":[{"href":"http:\/\/www.molinsfilmfestival.com\/esp\/wp-json\/wp\/v2\/posts\/1337","targetHints":{"allow":["GET"]}}],"collection":[{"href":"http:\/\/www.molinsfilmfestival.com\/esp\/wp-json\/wp\/v2\/posts"}],"about":[{"href":"http:\/\/www.molinsfilmfestival.com\/esp\/wp-json\/wp\/v2\/types\/post"}],"author":[{"embeddable":true,"href":"http:\/\/www.molinsfilmfestival.com\/esp\/wp-json\/wp\/v2\/users\/1"}],"replies":[{"embeddable":true,"href":"http:\/\/www.molinsfilmfestival.com\/esp\/wp-json\/wp\/v2\/comments?post=1337"}],"version-history":[{"count":0,"href":"http:\/\/www.molinsfilmfestival.com\/esp\/wp-json\/wp\/v2\/posts\/1337\/revisions"}],"wp:attachment":[{"href":"http:\/\/www.molinsfilmfestival.com\/esp\/wp-json\/wp\/v2\/media?parent=1337"}],"wp:term":[{"taxonomy":"category","embeddable":true,"href":"http:\/\/www.molinsfilmfestival.com\/esp\/wp-json\/wp\/v2\/categories?post=1337"},{"taxonomy":"post_tag","embeddable":true,"href":"http:\/\/www.molinsfilmfestival.com\/esp\/wp-json\/wp\/v2\/tags?post=1337"}],"curies":[{"name":"wp","href":"https:\/\/api.w.org\/{rel}","templated":true}]}}