{"id":1330,"date":"2021-09-14T00:24:40","date_gmt":"2021-09-13T22:24:40","guid":{"rendered":"http:\/\/www.molinsfilmfestival.com\/?p=5536"},"modified":"2021-09-14T00:24:40","modified_gmt":"2021-09-13T22:24:40","slug":"__trashed","status":"publish","type":"post","link":"https:\/\/www.molinsfilmfestival.com\/eng\/2021\/09\/14\/__trashed\/","title":{"rendered":"An exhibition will celebrate the 40th edition of TerrorMolins"},"content":{"rendered":"<p>The Festival is preparing a retrospective exhibition to commemorate the 40th edition. The Ca n&#039;Ametller exhibition hall will host one of the central events of the celebrations. The exhibition will open on Friday, October 29, and will be open until Sunday, November 14.<\/p>\n\n\n\n<p>Images, both graphic and audiovisual, will be the backbone of the exhibition, which will be structured by decades, from the 1970s to the present day, with a prominent role for the public and horror cinema itself. Likewise, work is being done on a striking graphic staging, which also reflects the desire to pay tribute to the counterculture as the social context in which the Festival was born.<\/p>\n\n\n\n<p>A series of talks, including on the counterculture itself, will complement the exhibition and serve as parallel events to the celebration of the 40th edition. The production of the events is the responsibility of the Festival itself, with the support of the companies Cerygres and Guinot Prunera.<\/p>","protected":false},"excerpt":{"rendered":"<p>The Festival is preparing a retrospective exhibition to commemorate the 40th edition. The Ca n&#039;Ametller exhibition hall will host one of the central events of the celebrations. The exhibition will be inaugurated on Friday, October 29, and can be visited until Sunday, November 14. Images, both graphic and audiovisual, will be the backbone of the exhibition, which [\u2026]<\/p>","protected":false},"author":1,"featured_media":0,"comment_status":"closed","ping_status":"closed","sticky":false,"template":"","format":"standard","meta":{"_acf_changed":false,"footnotes":""},"categories":[106,56,62],"tags":[118,119,120,121],"class_list":["post-1330","post","type-post","status-publish","format-standard","hentry","category-40-edition-2021-ca","category-destacats","category-leitmotiv-ca","tag-contracultura-ca","tag-contraculture","tag-exposicion-ca","tag-terror-ca"],"acf":[],"yoast_head":"<!-- This site is optimized with the Yoast SEO plugin v26.4 - https:\/\/yoast.com\/wordpress\/plugins\/seo\/ -->\n<title>Una exposici\u00f3 celebrar\u00e0 les 40 edicions del TerrorMolins | Molins Horror Film Festival<\/title>\n<meta name=\"robots\" content=\"index, follow, max-snippet:-1, max-image-preview:large, max-video-preview:-1\" \/>\n<link rel=\"canonical\" href=\"https:\/\/www.molinsfilmfestival.com\/eng\/2021\/09\/14\/__trashed\/\" \/>\n<meta property=\"og:locale\" content=\"en_GB\" \/>\n<meta property=\"og:type\" content=\"article\" \/>\n<meta property=\"og:title\" content=\"Una exposici\u00f3 celebrar\u00e0 les 40 edicions del TerrorMolins | Molins Horror Film Festival\" \/>\n<meta property=\"og:description\" content=\"El Festival est\u00e0 preparant una exposici\u00f3 retrospectiva per a commemorar les 40 edicions. La sala d\u2019exposicions de Ca n\u2019Ametller acollir\u00e0 un dels actes centrals de les celebracions. L\u2019exposici\u00f3 s\u2019inaugurar\u00e0 el divendres 29 d\u2019octubre, i es podr\u00e0 visitar fins el diumenge 14 de novembre. Les imatges, tant gr\u00e0fiques com audiovisulas seran l\u2019eix vertebrador de l\u2019exposici\u00f3, que [&hellip;]\" \/>\n<meta property=\"og:url\" content=\"https:\/\/www.molinsfilmfestival.com\/eng\/2021\/09\/14\/__trashed\/\" \/>\n<meta property=\"og:site_name\" content=\"Molins Horror Film Festival\" \/>\n<meta property=\"article:published_time\" content=\"2021-09-13T22:24:40+00:00\" \/>\n<meta name=\"author\" content=\"terrormolins\" \/>\n<meta name=\"twitter:card\" content=\"summary_large_image\" \/>\n<meta name=\"twitter:label1\" content=\"Written by\" \/>\n\t<meta name=\"twitter:data1\" content=\"terrormolins\" \/>\n\t<meta name=\"twitter:label2\" content=\"Estimated reading time\" \/>\n\t<meta name=\"twitter:data2\" content=\"1 minute\" \/>\n<script type=\"application\/ld+json\" class=\"yoast-schema-graph\">{\"@context\":\"https:\/\/schema.org\",\"@graph\":[{\"@type\":\"Article\",\"@id\":\"https:\/\/www.molinsfilmfestival.com\/2021\/09\/14\/__trashed\/#article\",\"isPartOf\":{\"@id\":\"https:\/\/www.molinsfilmfestival.com\/2021\/09\/14\/__trashed\/\"},\"author\":{\"name\":\"terrormolins\",\"@id\":\"https:\/\/www.molinsfilmfestival.com\/#\/schema\/person\/9d664b50116f871b0cb00fa43b2527dd\"},\"headline\":\"Una exposici\u00f3 celebrar\u00e0 les 40 edicions del TerrorMolins\",\"datePublished\":\"2021-09-13T22:24:40+00:00\",\"mainEntityOfPage\":{\"@id\":\"https:\/\/www.molinsfilmfestival.com\/2021\/09\/14\/__trashed\/\"},\"wordCount\":176,\"publisher\":{\"@id\":\"https:\/\/www.molinsfilmfestival.com\/#organization\"},\"keywords\":[\"contracultura\",\"contraculture\",\"exposici\u00f3n\",\"terror\"],\"articleSection\":[\"40 Edition 2021\",\"Destacats\",\"Leitmotiv\"],\"inLanguage\":\"en-GB\"},{\"@type\":\"WebPage\",\"@id\":\"https:\/\/www.molinsfilmfestival.com\/2021\/09\/14\/__trashed\/\",\"url\":\"https:\/\/www.molinsfilmfestival.com\/2021\/09\/14\/__trashed\/\",\"name\":\"Una exposici\u00f3 celebrar\u00e0 les 40 edicions del TerrorMolins | Molins Horror Film Festival\",\"isPartOf\":{\"@id\":\"https:\/\/www.molinsfilmfestival.com\/#website\"},\"datePublished\":\"2021-09-13T22:24:40+00:00\",\"breadcrumb\":{\"@id\":\"https:\/\/www.molinsfilmfestival.com\/2021\/09\/14\/__trashed\/#breadcrumb\"},\"inLanguage\":\"en-GB\",\"potentialAction\":[{\"@type\":\"ReadAction\",\"target\":[\"https:\/\/www.molinsfilmfestival.com\/2021\/09\/14\/__trashed\/\"]}]},{\"@type\":\"BreadcrumbList\",\"@id\":\"https:\/\/www.molinsfilmfestival.com\/2021\/09\/14\/__trashed\/#breadcrumb\",\"itemListElement\":[{\"@type\":\"ListItem\",\"position\":1,\"name\":\"Inici\",\"item\":\"https:\/\/www.molinsfilmfestival.com\/\"},{\"@type\":\"ListItem\",\"position\":2,\"name\":\"Una exposici\u00f3 celebrar\u00e0 les 40 edicions del TerrorMolins\"}]},{\"@type\":\"WebSite\",\"@id\":\"https:\/\/www.molinsfilmfestival.com\/#website\",\"url\":\"https:\/\/www.molinsfilmfestival.com\/\",\"name\":\"Molins Horror Film Festival\",\"description\":\"Festival de Cine de Terror de Molins de Rei\",\"publisher\":{\"@id\":\"https:\/\/www.molinsfilmfestival.com\/#organization\"},\"potentialAction\":[{\"@type\":\"SearchAction\",\"target\":{\"@type\":\"EntryPoint\",\"urlTemplate\":\"https:\/\/www.molinsfilmfestival.com\/?s={search_term_string}\"},\"query-input\":{\"@type\":\"PropertyValueSpecification\",\"valueRequired\":true,\"valueName\":\"search_term_string\"}}],\"inLanguage\":\"en-GB\"},{\"@type\":\"Organization\",\"@id\":\"https:\/\/www.molinsfilmfestival.com\/#organization\",\"name\":\"Molins Horror Film Festival\",\"url\":\"https:\/\/www.molinsfilmfestival.com\/\",\"logo\":{\"@type\":\"ImageObject\",\"inLanguage\":\"en-GB\",\"@id\":\"https:\/\/www.molinsfilmfestival.com\/#\/schema\/logo\/image\/\",\"url\":\"https:\/\/www.molinsfilmfestival.com\/wp-content\/uploads\/2025\/05\/terrormolins_logo.svg\",\"contentUrl\":\"https:\/\/www.molinsfilmfestival.com\/wp-content\/uploads\/2025\/05\/terrormolins_logo.svg\",\"caption\":\"Molins Horror Film Festival\"},\"image\":{\"@id\":\"https:\/\/www.molinsfilmfestival.com\/#\/schema\/logo\/image\/\"}},{\"@type\":\"Person\",\"@id\":\"https:\/\/www.molinsfilmfestival.com\/#\/schema\/person\/9d664b50116f871b0cb00fa43b2527dd\",\"name\":\"terrormolins\",\"image\":{\"@type\":\"ImageObject\",\"inLanguage\":\"en-GB\",\"@id\":\"https:\/\/www.molinsfilmfestival.com\/#\/schema\/person\/image\/\",\"url\":\"https:\/\/secure.gravatar.com\/avatar\/591ccac8e3772fe3891dbd3892fd2232dbe1beb33ebbae4b228747f35168dcc6?s=96&d=mm&r=g\",\"contentUrl\":\"https:\/\/secure.gravatar.com\/avatar\/591ccac8e3772fe3891dbd3892fd2232dbe1beb33ebbae4b228747f35168dcc6?s=96&d=mm&r=g\",\"caption\":\"terrormolins\"},\"sameAs\":[\"https:\/\/temporal.molinsfilmfestival.com\"],\"url\":\"https:\/\/www.molinsfilmfestival.com\/eng\/author\/terrormolins\/\"}]}<\/script>\n<!-- \/ Yoast SEO plugin. -->","yoast_head_json":{"title":"An exhibition will celebrate the 40th edition of the TerrorMolins | Molins Horror Film Festival","robots":{"index":"index","follow":"follow","max-snippet":"max-snippet:-1","max-image-preview":"max-image-preview:large","max-video-preview":"max-video-preview:-1"},"canonical":"https:\/\/www.molinsfilmfestival.com\/eng\/2021\/09\/14\/__trashed\/","og_locale":"en_GB","og_type":"article","og_title":"Una exposici\u00f3 celebrar\u00e0 les 40 edicions del TerrorMolins | Molins Horror Film Festival","og_description":"El Festival est\u00e0 preparant una exposici\u00f3 retrospectiva per a commemorar les 40 edicions. La sala d\u2019exposicions de Ca n\u2019Ametller acollir\u00e0 un dels actes centrals de les celebracions. L\u2019exposici\u00f3 s\u2019inaugurar\u00e0 el divendres 29 d\u2019octubre, i es podr\u00e0 visitar fins el diumenge 14 de novembre. Les imatges, tant gr\u00e0fiques com audiovisulas seran l\u2019eix vertebrador de l\u2019exposici\u00f3, que [&hellip;]","og_url":"https:\/\/www.molinsfilmfestival.com\/eng\/2021\/09\/14\/__trashed\/","og_site_name":"Molins Horror Film Festival","article_published_time":"2021-09-13T22:24:40+00:00","author":"terrormolins","twitter_card":"summary_large_image","twitter_misc":{"Written by":"terrormolins","Estimated reading time":"1 minute"},"schema":{"@context":"https:\/\/schema.org","@graph":[{"@type":"Article","@id":"https:\/\/www.molinsfilmfestival.com\/2021\/09\/14\/__trashed\/#article","isPartOf":{"@id":"https:\/\/www.molinsfilmfestival.com\/2021\/09\/14\/__trashed\/"},"author":{"name":"terrormolins","@id":"https:\/\/www.molinsfilmfestival.com\/#\/schema\/person\/9d664b50116f871b0cb00fa43b2527dd"},"headline":"Una exposici\u00f3 celebrar\u00e0 les 40 edicions del TerrorMolins","datePublished":"2021-09-13T22:24:40+00:00","mainEntityOfPage":{"@id":"https:\/\/www.molinsfilmfestival.com\/2021\/09\/14\/__trashed\/"},"wordCount":176,"publisher":{"@id":"https:\/\/www.molinsfilmfestival.com\/#organization"},"keywords":["contracultura","contraculture","exposici\u00f3n","terror"],"articleSection":["40 Edition 2021","Destacats","Leitmotiv"],"inLanguage":"en-GB"},{"@type":"WebPage","@id":"https:\/\/www.molinsfilmfestival.com\/2021\/09\/14\/__trashed\/","url":"https:\/\/www.molinsfilmfestival.com\/2021\/09\/14\/__trashed\/","name":"An exhibition will celebrate the 40th edition of the TerrorMolins | Molins Horror Film Festival","isPartOf":{"@id":"https:\/\/www.molinsfilmfestival.com\/#website"},"datePublished":"2021-09-13T22:24:40+00:00","breadcrumb":{"@id":"https:\/\/www.molinsfilmfestival.com\/2021\/09\/14\/__trashed\/#breadcrumb"},"inLanguage":"en-GB","potentialAction":[{"@type":"ReadAction","target":["https:\/\/www.molinsfilmfestival.com\/2021\/09\/14\/__trashed\/"]}]},{"@type":"BreadcrumbList","@id":"https:\/\/www.molinsfilmfestival.com\/2021\/09\/14\/__trashed\/#breadcrumb","itemListElement":[{"@type":"ListItem","position":1,"name":"Inici","item":"https:\/\/www.molinsfilmfestival.com\/"},{"@type":"ListItem","position":2,"name":"Una exposici\u00f3 celebrar\u00e0 les 40 edicions del TerrorMolins"}]},{"@type":"WebSite","@id":"https:\/\/www.molinsfilmfestival.com\/#website","url":"https:\/\/www.molinsfilmfestival.com\/","name":"Molins Horror Film Festival","description":"Molins de Rei Horror Film Festival","publisher":{"@id":"https:\/\/www.molinsfilmfestival.com\/#organization"},"potentialAction":[{"@type":"SearchAction","target":{"@type":"EntryPoint","urlTemplate":"https:\/\/www.molinsfilmfestival.com\/?s={search_term_string}"},"query-input":{"@type":"PropertyValueSpecification","valueRequired":true,"valueName":"search_term_string"}}],"inLanguage":"en-GB"},{"@type":"Organization","@id":"https:\/\/www.molinsfilmfestival.com\/#organization","name":"Molins Horror Film Festival","url":"https:\/\/www.molinsfilmfestival.com\/","logo":{"@type":"ImageObject","inLanguage":"en-GB","@id":"https:\/\/www.molinsfilmfestival.com\/#\/schema\/logo\/image\/","url":"https:\/\/www.molinsfilmfestival.com\/wp-content\/uploads\/2025\/05\/terrormolins_logo.svg","contentUrl":"https:\/\/www.molinsfilmfestival.com\/wp-content\/uploads\/2025\/05\/terrormolins_logo.svg","caption":"Molins Horror Film Festival"},"image":{"@id":"https:\/\/www.molinsfilmfestival.com\/#\/schema\/logo\/image\/"}},{"@type":"Person","@id":"https:\/\/www.molinsfilmfestival.com\/#\/schema\/person\/9d664b50116f871b0cb00fa43b2527dd","name":"terrormills","image":{"@type":"ImageObject","inLanguage":"en-GB","@id":"https:\/\/www.molinsfilmfestival.com\/#\/schema\/person\/image\/","url":"https:\/\/secure.gravatar.com\/avatar\/591ccac8e3772fe3891dbd3892fd2232dbe1beb33ebbae4b228747f35168dcc6?s=96&d=mm&r=g","contentUrl":"https:\/\/secure.gravatar.com\/avatar\/591ccac8e3772fe3891dbd3892fd2232dbe1beb33ebbae4b228747f35168dcc6?s=96&d=mm&r=g","caption":"terrormolins"},"sameAs":["https:\/\/temporal.molinsfilmfestival.com"],"url":"https:\/\/www.molinsfilmfestival.com\/eng\/author\/terrormolins\/"}]}},"_links":{"self":[{"href":"https:\/\/www.molinsfilmfestival.com\/eng\/wp-json\/wp\/v2\/posts\/1330","targetHints":{"allow":["GET"]}}],"collection":[{"href":"https:\/\/www.molinsfilmfestival.com\/eng\/wp-json\/wp\/v2\/posts"}],"about":[{"href":"https:\/\/www.molinsfilmfestival.com\/eng\/wp-json\/wp\/v2\/types\/post"}],"author":[{"embeddable":true,"href":"https:\/\/www.molinsfilmfestival.com\/eng\/wp-json\/wp\/v2\/users\/1"}],"replies":[{"embeddable":true,"href":"https:\/\/www.molinsfilmfestival.com\/eng\/wp-json\/wp\/v2\/comments?post=1330"}],"version-history":[{"count":0,"href":"https:\/\/www.molinsfilmfestival.com\/eng\/wp-json\/wp\/v2\/posts\/1330\/revisions"}],"wp:attachment":[{"href":"https:\/\/www.molinsfilmfestival.com\/eng\/wp-json\/wp\/v2\/media?parent=1330"}],"wp:term":[{"taxonomy":"category","embeddable":true,"href":"https:\/\/www.molinsfilmfestival.com\/eng\/wp-json\/wp\/v2\/categories?post=1330"},{"taxonomy":"post_tag","embeddable":true,"href":"https:\/\/www.molinsfilmfestival.com\/eng\/wp-json\/wp\/v2\/tags?post=1330"}],"curies":[{"name":"wp","href":"https:\/\/api.w.org\/{rel}","templated":true}]}}