{"id":1337,"date":"2021-08-31T23:05:53","date_gmt":"2021-08-31T21:05:53","guid":{"rendered":"http:\/\/www.molinsfilmfestival.com\/2021\/08\/31\/cartell-terror-molins-2021\/"},"modified":"2021-08-31T23:05:53","modified_gmt":"2021-08-31T21:05:53","slug":"cartell-terror-molins-2021","status":"publish","type":"post","link":"https:\/\/www.molinsfilmfestival.com\/eng\/2021\/08\/31\/cartell-terror-molins-2021\/","title":{"rendered":"Official poster for TerrorMolins 2021"},"content":{"rendered":"<h4 class=\"wp-block-heading\">After the announcement of the <a href=\"https:\/\/temporal.molinsfilmfestival.com\/2021\/05\/23\/terrormolins-celebra-les-seves-40-edicions-revisant-el-context-social-en-que-va-neixer\/?lang=ca\">leitmotif<\/a> of the Festival, one of the most special moments for us arrives, the presentation of the official poster, a collaboration between photographer Joan Gosa and designer Joan Jarque, both members of the festival team. <\/h4>\n\n<h4 class=\"wp-block-heading\">How was the process of creating the poster?<\/h4>\n\n<p>As you already know, the leitmotif of this edition is Counterculture and the poster for this 40th edition is based on this concept. We wanted to pay homage to all our posters, as well as to this search for new airs to break with the authoritarianism typical of the decade that saw the Festival born in that distant 1973. We have opted for a large-format collage that was made manually, photographed and digitally modeled. It transports us to the seventies posters and the counterculture movement of that era.<\/p>\n\n<figure class=\"wp-block-video\"><\/figure>\n<p style=\"font-size:12px\">Joan Gosa, born in Pallej\u00e0, is a professional freelance photographer. He considers himself passionate about world cultures and the relationship between man and nature. He combines his great passion for travel with his work as a sports and news photojournalist for a major news agency. He has his own photographic studio, where he develops his personal and professional projects alongside his clients. His relationship with TerrorMolins began in 2017, assisting as an official photographer; from that moment on he became a vital part of the Festival.<\/p>\n\n<p style=\"font-size:12px\">Joan Jarque, born in Molins, defines himself as a multidisciplinary designer in love with video-mapping and horror cinema. He collaborates in the Festival&#039;s communication management, within its communication and marketing department, as well as in the creation and production of live video-mappings during the days in which the festival is held. He collaborates in the Festival&#039;s communication management, within its communication and marketing department, as well as in the creation and production of live video-mappings during the days in which the festival is held. He works as a creative producer for the Framemov studio and is also a freelance graphic designer for various brands. His relationship with TerrorMolins began in 2001, attending the Festival with his parents, who are also great lovers of this event with genre cinema. It is clear that terror is part of his genetics. It is clear that terror is part of his genetics.<\/p>","protected":false},"excerpt":{"rendered":"<p>We wanted to pay homage to all our posters, as well as to this search for new airs to break with the authoritarianism typical of the decade that saw the Festival born in that distant 1973. We opted for a large-format collage that was made manually, photographed and digitally modeled. It transports us to the seventies posters and the counterculture movement of that era.<\/p>","protected":false},"author":1,"featured_media":0,"comment_status":"closed","ping_status":"closed","sticky":false,"template":"","format":"standard","meta":{"_acf_changed":false,"footnotes":""},"categories":[106,56,62],"tags":[],"class_list":["post-1337","post","type-post","status-publish","format-standard","hentry","category-40-edition-2021-ca","category-destacats","category-leitmotiv-ca"],"acf":[],"yoast_head":"<!-- This site is optimized with the Yoast SEO plugin v26.4 - https:\/\/yoast.com\/wordpress\/plugins\/seo\/ -->\n<title>Cartell oficial del TerrorMolins 2021 | Molins Horror Film Festival<\/title>\n<meta name=\"robots\" content=\"index, follow, max-snippet:-1, max-image-preview:large, max-video-preview:-1\" \/>\n<link rel=\"canonical\" href=\"https:\/\/www.molinsfilmfestival.com\/eng\/2021\/08\/31\/cartell-terror-molins-2021\/\" \/>\n<meta property=\"og:locale\" content=\"en_GB\" \/>\n<meta property=\"og:type\" content=\"article\" \/>\n<meta property=\"og:title\" content=\"Cartell oficial del TerrorMolins 2021 | Molins Horror Film Festival\" \/>\n<meta property=\"og:description\" content=\"Vol\u00edem fer un homenatge a tots els nostres cartells, aix\u00ed com tamb\u00e9 un homenatge a aquesta cerca de nous aires per a trencar amb l\u2019autoritarisme pr\u00f2pi de la d\u00e8cada que va veure n\u00e9ixer al Festival en aquell lluny\u00e0 1973. Hem optat per un collage de gran format que es va realitzar de manera manual, fotografiat i maquetat en digital. Ens transporta als cartells setenteros i al moviment de la contracultura d&#039;aquesta \u00e8poca.\" \/>\n<meta property=\"og:url\" content=\"https:\/\/www.molinsfilmfestival.com\/eng\/2021\/08\/31\/cartell-terror-molins-2021\/\" \/>\n<meta property=\"og:site_name\" content=\"Molins Horror Film Festival\" \/>\n<meta property=\"article:published_time\" content=\"2021-08-31T21:05:53+00:00\" \/>\n<meta name=\"author\" content=\"terrormolins\" \/>\n<meta name=\"twitter:card\" content=\"summary_large_image\" \/>\n<meta name=\"twitter:label1\" content=\"Written by\" \/>\n\t<meta name=\"twitter:data1\" content=\"terrormolins\" \/>\n\t<meta name=\"twitter:label2\" content=\"Estimated reading time\" \/>\n\t<meta name=\"twitter:data2\" content=\"2 minutes\" \/>\n<script type=\"application\/ld+json\" class=\"yoast-schema-graph\">{\"@context\":\"https:\/\/schema.org\",\"@graph\":[{\"@type\":\"Article\",\"@id\":\"https:\/\/www.molinsfilmfestival.com\/eng\/2021\/08\/31\/cartell-terror-molins-2021\/#article\",\"isPartOf\":{\"@id\":\"https:\/\/www.molinsfilmfestival.com\/eng\/2021\/08\/31\/cartell-terror-molins-2021\/\"},\"author\":{\"name\":\"terrormolins\",\"@id\":\"https:\/\/www.molinsfilmfestival.com\/#\/schema\/person\/9d664b50116f871b0cb00fa43b2527dd\"},\"headline\":\"Cartell oficial del TerrorMolins 2021\",\"datePublished\":\"2021-08-31T21:05:53+00:00\",\"mainEntityOfPage\":{\"@id\":\"https:\/\/www.molinsfilmfestival.com\/eng\/2021\/08\/31\/cartell-terror-molins-2021\/\"},\"wordCount\":442,\"publisher\":{\"@id\":\"https:\/\/www.molinsfilmfestival.com\/#organization\"},\"articleSection\":[\"40 Edition 2021\",\"Destacats\",\"Leitmotiv\"],\"inLanguage\":\"en-GB\"},{\"@type\":\"WebPage\",\"@id\":\"https:\/\/www.molinsfilmfestival.com\/eng\/2021\/08\/31\/cartell-terror-molins-2021\/\",\"url\":\"https:\/\/www.molinsfilmfestival.com\/eng\/2021\/08\/31\/cartell-terror-molins-2021\/\",\"name\":\"Cartell oficial del TerrorMolins 2021 | Molins Horror Film Festival\",\"isPartOf\":{\"@id\":\"https:\/\/www.molinsfilmfestival.com\/#website\"},\"datePublished\":\"2021-08-31T21:05:53+00:00\",\"breadcrumb\":{\"@id\":\"https:\/\/www.molinsfilmfestival.com\/eng\/2021\/08\/31\/cartell-terror-molins-2021\/#breadcrumb\"},\"inLanguage\":\"en-GB\",\"potentialAction\":[{\"@type\":\"ReadAction\",\"target\":[\"https:\/\/www.molinsfilmfestival.com\/eng\/2021\/08\/31\/cartell-terror-molins-2021\/\"]}]},{\"@type\":\"BreadcrumbList\",\"@id\":\"https:\/\/www.molinsfilmfestival.com\/eng\/2021\/08\/31\/cartell-terror-molins-2021\/#breadcrumb\",\"itemListElement\":[{\"@type\":\"ListItem\",\"position\":1,\"name\":\"Inici\",\"item\":\"https:\/\/www.molinsfilmfestival.com\/\"},{\"@type\":\"ListItem\",\"position\":2,\"name\":\"Cartell oficial del TerrorMolins 2021\"}]},{\"@type\":\"WebSite\",\"@id\":\"https:\/\/www.molinsfilmfestival.com\/#website\",\"url\":\"https:\/\/www.molinsfilmfestival.com\/\",\"name\":\"Molins Horror Film Festival\",\"description\":\"Festival de Cine de Terror de Molins de Rei\",\"publisher\":{\"@id\":\"https:\/\/www.molinsfilmfestival.com\/#organization\"},\"potentialAction\":[{\"@type\":\"SearchAction\",\"target\":{\"@type\":\"EntryPoint\",\"urlTemplate\":\"https:\/\/www.molinsfilmfestival.com\/?s={search_term_string}\"},\"query-input\":{\"@type\":\"PropertyValueSpecification\",\"valueRequired\":true,\"valueName\":\"search_term_string\"}}],\"inLanguage\":\"en-GB\"},{\"@type\":\"Organization\",\"@id\":\"https:\/\/www.molinsfilmfestival.com\/#organization\",\"name\":\"Molins Horror Film Festival\",\"url\":\"https:\/\/www.molinsfilmfestival.com\/\",\"logo\":{\"@type\":\"ImageObject\",\"inLanguage\":\"en-GB\",\"@id\":\"https:\/\/www.molinsfilmfestival.com\/#\/schema\/logo\/image\/\",\"url\":\"https:\/\/www.molinsfilmfestival.com\/wp-content\/uploads\/2025\/05\/terrormolins_logo.svg\",\"contentUrl\":\"https:\/\/www.molinsfilmfestival.com\/wp-content\/uploads\/2025\/05\/terrormolins_logo.svg\",\"caption\":\"Molins Horror Film Festival\"},\"image\":{\"@id\":\"https:\/\/www.molinsfilmfestival.com\/#\/schema\/logo\/image\/\"}},{\"@type\":\"Person\",\"@id\":\"https:\/\/www.molinsfilmfestival.com\/#\/schema\/person\/9d664b50116f871b0cb00fa43b2527dd\",\"name\":\"terrormolins\",\"image\":{\"@type\":\"ImageObject\",\"inLanguage\":\"en-GB\",\"@id\":\"https:\/\/www.molinsfilmfestival.com\/#\/schema\/person\/image\/\",\"url\":\"https:\/\/secure.gravatar.com\/avatar\/591ccac8e3772fe3891dbd3892fd2232dbe1beb33ebbae4b228747f35168dcc6?s=96&d=mm&r=g\",\"contentUrl\":\"https:\/\/secure.gravatar.com\/avatar\/591ccac8e3772fe3891dbd3892fd2232dbe1beb33ebbae4b228747f35168dcc6?s=96&d=mm&r=g\",\"caption\":\"terrormolins\"},\"sameAs\":[\"https:\/\/temporal.molinsfilmfestival.com\"],\"url\":\"https:\/\/www.molinsfilmfestival.com\/eng\/author\/terrormolins\/\"}]}<\/script>\n<!-- \/ Yoast SEO plugin. -->","yoast_head_json":{"title":"Official poster for TerrorMolins 2021 | Molins Horror Film Festival","robots":{"index":"index","follow":"follow","max-snippet":"max-snippet:-1","max-image-preview":"max-image-preview:large","max-video-preview":"max-video-preview:-1"},"canonical":"https:\/\/www.molinsfilmfestival.com\/eng\/2021\/08\/31\/cartell-terror-molins-2021\/","og_locale":"en_GB","og_type":"article","og_title":"Cartell oficial del TerrorMolins 2021 | Molins Horror Film Festival","og_description":"Vol\u00edem fer un homenatge a tots els nostres cartells, aix\u00ed com tamb\u00e9 un homenatge a aquesta cerca de nous aires per a trencar amb l\u2019autoritarisme pr\u00f2pi de la d\u00e8cada que va veure n\u00e9ixer al Festival en aquell lluny\u00e0 1973. Hem optat per un collage de gran format que es va realitzar de manera manual, fotografiat i maquetat en digital. Ens transporta als cartells setenteros i al moviment de la contracultura d'aquesta \u00e8poca.","og_url":"https:\/\/www.molinsfilmfestival.com\/eng\/2021\/08\/31\/cartell-terror-molins-2021\/","og_site_name":"Molins Horror Film Festival","article_published_time":"2021-08-31T21:05:53+00:00","author":"terrormolins","twitter_card":"summary_large_image","twitter_misc":{"Written by":"terrormolins","Estimated reading time":"2 minutes"},"schema":{"@context":"https:\/\/schema.org","@graph":[{"@type":"Article","@id":"https:\/\/www.molinsfilmfestival.com\/eng\/2021\/08\/31\/cartell-terror-molins-2021\/#article","isPartOf":{"@id":"https:\/\/www.molinsfilmfestival.com\/eng\/2021\/08\/31\/cartell-terror-molins-2021\/"},"author":{"name":"terrormolins","@id":"https:\/\/www.molinsfilmfestival.com\/#\/schema\/person\/9d664b50116f871b0cb00fa43b2527dd"},"headline":"Cartell oficial del TerrorMolins 2021","datePublished":"2021-08-31T21:05:53+00:00","mainEntityOfPage":{"@id":"https:\/\/www.molinsfilmfestival.com\/eng\/2021\/08\/31\/cartell-terror-molins-2021\/"},"wordCount":442,"publisher":{"@id":"https:\/\/www.molinsfilmfestival.com\/#organization"},"articleSection":["40 Edition 2021","Destacats","Leitmotiv"],"inLanguage":"en-GB"},{"@type":"WebPage","@id":"https:\/\/www.molinsfilmfestival.com\/eng\/2021\/08\/31\/cartell-terror-molins-2021\/","url":"https:\/\/www.molinsfilmfestival.com\/eng\/2021\/08\/31\/cartell-terror-molins-2021\/","name":"Official poster for TerrorMolins 2021 | Molins Horror Film Festival","isPartOf":{"@id":"https:\/\/www.molinsfilmfestival.com\/#website"},"datePublished":"2021-08-31T21:05:53+00:00","breadcrumb":{"@id":"https:\/\/www.molinsfilmfestival.com\/eng\/2021\/08\/31\/cartell-terror-molins-2021\/#breadcrumb"},"inLanguage":"en-GB","potentialAction":[{"@type":"ReadAction","target":["https:\/\/www.molinsfilmfestival.com\/eng\/2021\/08\/31\/cartell-terror-molins-2021\/"]}]},{"@type":"BreadcrumbList","@id":"https:\/\/www.molinsfilmfestival.com\/eng\/2021\/08\/31\/cartell-terror-molins-2021\/#breadcrumb","itemListElement":[{"@type":"ListItem","position":1,"name":"Inici","item":"https:\/\/www.molinsfilmfestival.com\/"},{"@type":"ListItem","position":2,"name":"Cartell oficial del TerrorMolins 2021"}]},{"@type":"WebSite","@id":"https:\/\/www.molinsfilmfestival.com\/#website","url":"https:\/\/www.molinsfilmfestival.com\/","name":"Molins Horror Film Festival","description":"Molins de Rei Horror Film Festival","publisher":{"@id":"https:\/\/www.molinsfilmfestival.com\/#organization"},"potentialAction":[{"@type":"SearchAction","target":{"@type":"EntryPoint","urlTemplate":"https:\/\/www.molinsfilmfestival.com\/?s={search_term_string}"},"query-input":{"@type":"PropertyValueSpecification","valueRequired":true,"valueName":"search_term_string"}}],"inLanguage":"en-GB"},{"@type":"Organization","@id":"https:\/\/www.molinsfilmfestival.com\/#organization","name":"Molins Horror Film Festival","url":"https:\/\/www.molinsfilmfestival.com\/","logo":{"@type":"ImageObject","inLanguage":"en-GB","@id":"https:\/\/www.molinsfilmfestival.com\/#\/schema\/logo\/image\/","url":"https:\/\/www.molinsfilmfestival.com\/wp-content\/uploads\/2025\/05\/terrormolins_logo.svg","contentUrl":"https:\/\/www.molinsfilmfestival.com\/wp-content\/uploads\/2025\/05\/terrormolins_logo.svg","caption":"Molins Horror Film Festival"},"image":{"@id":"https:\/\/www.molinsfilmfestival.com\/#\/schema\/logo\/image\/"}},{"@type":"Person","@id":"https:\/\/www.molinsfilmfestival.com\/#\/schema\/person\/9d664b50116f871b0cb00fa43b2527dd","name":"terrormills","image":{"@type":"ImageObject","inLanguage":"en-GB","@id":"https:\/\/www.molinsfilmfestival.com\/#\/schema\/person\/image\/","url":"https:\/\/secure.gravatar.com\/avatar\/591ccac8e3772fe3891dbd3892fd2232dbe1beb33ebbae4b228747f35168dcc6?s=96&d=mm&r=g","contentUrl":"https:\/\/secure.gravatar.com\/avatar\/591ccac8e3772fe3891dbd3892fd2232dbe1beb33ebbae4b228747f35168dcc6?s=96&d=mm&r=g","caption":"terrormolins"},"sameAs":["https:\/\/temporal.molinsfilmfestival.com"],"url":"https:\/\/www.molinsfilmfestival.com\/eng\/author\/terrormolins\/"}]}},"_links":{"self":[{"href":"https:\/\/www.molinsfilmfestival.com\/eng\/wp-json\/wp\/v2\/posts\/1337","targetHints":{"allow":["GET"]}}],"collection":[{"href":"https:\/\/www.molinsfilmfestival.com\/eng\/wp-json\/wp\/v2\/posts"}],"about":[{"href":"https:\/\/www.molinsfilmfestival.com\/eng\/wp-json\/wp\/v2\/types\/post"}],"author":[{"embeddable":true,"href":"https:\/\/www.molinsfilmfestival.com\/eng\/wp-json\/wp\/v2\/users\/1"}],"replies":[{"embeddable":true,"href":"https:\/\/www.molinsfilmfestival.com\/eng\/wp-json\/wp\/v2\/comments?post=1337"}],"version-history":[{"count":0,"href":"https:\/\/www.molinsfilmfestival.com\/eng\/wp-json\/wp\/v2\/posts\/1337\/revisions"}],"wp:attachment":[{"href":"https:\/\/www.molinsfilmfestival.com\/eng\/wp-json\/wp\/v2\/media?parent=1337"}],"wp:term":[{"taxonomy":"category","embeddable":true,"href":"https:\/\/www.molinsfilmfestival.com\/eng\/wp-json\/wp\/v2\/categories?post=1337"},{"taxonomy":"post_tag","embeddable":true,"href":"https:\/\/www.molinsfilmfestival.com\/eng\/wp-json\/wp\/v2\/tags?post=1337"}],"curies":[{"name":"wp","href":"https:\/\/api.w.org\/{rel}","templated":true}]}}