{"id":1351,"date":"2021-05-17T15:29:00","date_gmt":"2021-05-17T13:29:00","guid":{"rendered":"http:\/\/www.molinsfilmfestival.com\/2021\/05\/17\/20-cortometrajes-optan-a-los-premios-tac-2021\/"},"modified":"2021-05-17T15:29:00","modified_gmt":"2021-05-17T13:29:00","slug":"20-curtmetratges-opten-als-premis-tac-2021","status":"publish","type":"post","link":"https:\/\/www.molinsfilmfestival.com\/eng\/2021\/05\/17\/20-curtmetratges-opten-als-premis-tac-2021\/","title":{"rendered":"20 Short Films are in the running for the 2021 TAC Awards"},"content":{"rendered":"<p><strong><em>20 Short Films are competing for the 2021 TAC Awards. The best Horror and Fantasy shorts of Catalan production.<\/em><\/strong><\/p>\n\n\n\n<p>After a 2020 marked by the pandemic and the cancellation of some of the federation&#039;s member festivals, the TAC returns with its batteries fully charged. We are returning to the usual awards format and we can now announce the list of short films selected for the 2021 TAC Awards. There are a total of 20 Catalan productions that participated in the official sections of the different festivals affiliated with the federation during 2020.<\/p>\n\n\n\n<p>Of the 20 selected, a jury formed by representatives of all the festivals will choose five, which will be the ones to compete for the TAC Awards for Best Short Film, Best Performance and Best Special Effects, in addition to the audience award. The five finalists will be announced during the Cryptshow Festival in Badalona on July 2, 3 and 4. Finally, a jury formed by professionals from the sector will determine the winners. The awards will be presented in October,<br>during the Cardoterror of Cardedeu.<\/p>\n\n\n\n<p>The 20 short films selected for the 2021 TAC Awards are:<\/p>\n\n\n\n<p>TRASH, by Mark Fentz<br>C\u00c1NTAME MAM\u00c1 deToni O. Prats<br>HOUSE of Xesco Palac\u00edn<br>CRUEL by Toni O. Prats<br>FOUR THORNS by Kail Gr\u00f6sser<br>THE DAY THAT KILLED YOU by Edu Escudero<br>CARDBOARD SWORD by Edu Mar\u00edn<br>HORRORSCOPE by Pol Diggler<br>HOSTILE by Carlos S\u00e1nchez<br>THE INVERTED WOMAN by Santi Planet<br>THE SERVANT by Alejandro Moreno<br>THE LAST CHRISTMAS OF THE UNIVERSE by David Mu\u00f1oz &amp; Adri\u00e1n Cardona<br>MEAT THE FAMILY by Javier M\u00e9ndez<br>NOT SUITABLE FOR MINORS by Daniel Noblom<br>DON&#039;T LET ME SINK by David Conill<br>CHRISTMAS by Robert Rabanal<br>NOT AN EASY SITUATION by Irene Alonso Vieito<br>NEVER LEAVE YOU ALONE by Mireia Noguera<br>WHO PULLS THE SHEET by Marcos Fern\u00e1ndez and David Ruiz.<br>VICTIMS OF THE SYSTEM by Nerea Jordana<br><\/p>\n\n\n\n<p>The TAC is made up of: Sabadell Horror Film Festival, Sant Cugat Fant\u00e0stic, Cryptshow Festival (Badalona), Fantosfreak (Cerdanyola del Vall\u00e8s), B-Retina (Cornell\u00e0 de Llobregat), Fangofest (Amposta), InFest (Rub\u00ed), Acocollona&#039;t (Girona), Bai de Fest (Roses), Cardoterror (Cardedeu) and Molins de Rei Horror Film Festival.<\/p>","protected":false},"excerpt":{"rendered":"<p>20 Short Films are competing for the 2021 TAC Awards. The best Horror and Fantasy shorts produced in Catalonia. After a 2020 marked by the pandemic and the cancellation of some of the federation&#039;s member festivals, the TAC returns with its batteries fully charged. We are returning to the usual awards format and we can now announce the list [\u2026]<\/p>","protected":false},"author":1,"featured_media":0,"comment_status":"closed","ping_status":"closed","sticky":false,"template":"","format":"standard","meta":{"_acf_changed":false,"footnotes":""},"categories":[57,56,133],"tags":[],"class_list":["post-1351","post","type-post","status-publish","format-standard","hentry","category-curtmetratges","category-destacats","category-tac-ca"],"acf":[],"yoast_head":"<!-- This site is optimized with the Yoast SEO plugin v26.4 - https:\/\/yoast.com\/wordpress\/plugins\/seo\/ -->\n<title>20 Curtmetratges opten als Premis TAC 2021 | Molins Horror Film Festival<\/title>\n<meta name=\"robots\" content=\"index, follow, max-snippet:-1, max-image-preview:large, max-video-preview:-1\" \/>\n<link rel=\"canonical\" href=\"https:\/\/www.molinsfilmfestival.com\/eng\/2021\/05\/17\/20-curtmetratges-opten-als-premis-tac-2021\/\" \/>\n<meta property=\"og:locale\" content=\"en_GB\" \/>\n<meta property=\"og:type\" content=\"article\" \/>\n<meta property=\"og:title\" content=\"20 Curtmetratges opten als Premis TAC 2021 | Molins Horror Film Festival\" \/>\n<meta property=\"og:description\" content=\"20 Curtmetratges opten als Premis TAC 2021. Els millors curts de Terror i Fant\u00e0stic de producci\u00f3 catalana. Despr\u00e9s d\u2019un 2020 marcat per la pand\u00e8mia i la cancel\u00b7laci\u00f3 d\u2019alguns dels festivals membres de la federaci\u00f3, el TAC torna amb les piles ben carregades. Reprenem el format habitual de premis i ja us podem anunciar el llistat [&hellip;]\" \/>\n<meta property=\"og:url\" content=\"https:\/\/www.molinsfilmfestival.com\/eng\/2021\/05\/17\/20-curtmetratges-opten-als-premis-tac-2021\/\" \/>\n<meta property=\"og:site_name\" content=\"Molins Horror Film Festival\" \/>\n<meta property=\"article:published_time\" content=\"2021-05-17T13:29:00+00:00\" \/>\n<meta name=\"author\" content=\"terrormolins\" \/>\n<meta name=\"twitter:card\" content=\"summary_large_image\" \/>\n<meta name=\"twitter:label1\" content=\"Written by\" \/>\n\t<meta name=\"twitter:data1\" content=\"terrormolins\" \/>\n\t<meta name=\"twitter:label2\" content=\"Estimated reading time\" \/>\n\t<meta name=\"twitter:data2\" content=\"2 minutes\" \/>\n<script type=\"application\/ld+json\" class=\"yoast-schema-graph\">{\"@context\":\"https:\/\/schema.org\",\"@graph\":[{\"@type\":\"Article\",\"@id\":\"https:\/\/www.molinsfilmfestival.com\/eng\/2021\/05\/17\/20-curtmetratges-opten-als-premis-tac-2021\/#article\",\"isPartOf\":{\"@id\":\"https:\/\/www.molinsfilmfestival.com\/eng\/2021\/05\/17\/20-curtmetratges-opten-als-premis-tac-2021\/\"},\"author\":{\"name\":\"terrormolins\",\"@id\":\"https:\/\/www.molinsfilmfestival.com\/#\/schema\/person\/9d664b50116f871b0cb00fa43b2527dd\"},\"headline\":\"20 Curtmetratges opten als Premis TAC 2021\",\"datePublished\":\"2021-05-17T13:29:00+00:00\",\"mainEntityOfPage\":{\"@id\":\"https:\/\/www.molinsfilmfestival.com\/eng\/2021\/05\/17\/20-curtmetratges-opten-als-premis-tac-2021\/\"},\"wordCount\":354,\"publisher\":{\"@id\":\"https:\/\/www.molinsfilmfestival.com\/#organization\"},\"articleSection\":[\"Curtmetratges\",\"Destacats\",\"TAC\"],\"inLanguage\":\"en-GB\"},{\"@type\":\"WebPage\",\"@id\":\"https:\/\/www.molinsfilmfestival.com\/eng\/2021\/05\/17\/20-curtmetratges-opten-als-premis-tac-2021\/\",\"url\":\"https:\/\/www.molinsfilmfestival.com\/eng\/2021\/05\/17\/20-curtmetratges-opten-als-premis-tac-2021\/\",\"name\":\"20 Curtmetratges opten als Premis TAC 2021 | Molins Horror Film Festival\",\"isPartOf\":{\"@id\":\"https:\/\/www.molinsfilmfestival.com\/#website\"},\"datePublished\":\"2021-05-17T13:29:00+00:00\",\"breadcrumb\":{\"@id\":\"https:\/\/www.molinsfilmfestival.com\/eng\/2021\/05\/17\/20-curtmetratges-opten-als-premis-tac-2021\/#breadcrumb\"},\"inLanguage\":\"en-GB\",\"potentialAction\":[{\"@type\":\"ReadAction\",\"target\":[\"https:\/\/www.molinsfilmfestival.com\/eng\/2021\/05\/17\/20-curtmetratges-opten-als-premis-tac-2021\/\"]}]},{\"@type\":\"BreadcrumbList\",\"@id\":\"https:\/\/www.molinsfilmfestival.com\/eng\/2021\/05\/17\/20-curtmetratges-opten-als-premis-tac-2021\/#breadcrumb\",\"itemListElement\":[{\"@type\":\"ListItem\",\"position\":1,\"name\":\"Inici\",\"item\":\"https:\/\/www.molinsfilmfestival.com\/\"},{\"@type\":\"ListItem\",\"position\":2,\"name\":\"20 Curtmetratges opten als Premis TAC 2021\"}]},{\"@type\":\"WebSite\",\"@id\":\"https:\/\/www.molinsfilmfestival.com\/#website\",\"url\":\"https:\/\/www.molinsfilmfestival.com\/\",\"name\":\"Molins Horror Film Festival\",\"description\":\"Festival de Cine de Terror de Molins de Rei\",\"publisher\":{\"@id\":\"https:\/\/www.molinsfilmfestival.com\/#organization\"},\"potentialAction\":[{\"@type\":\"SearchAction\",\"target\":{\"@type\":\"EntryPoint\",\"urlTemplate\":\"https:\/\/www.molinsfilmfestival.com\/?s={search_term_string}\"},\"query-input\":{\"@type\":\"PropertyValueSpecification\",\"valueRequired\":true,\"valueName\":\"search_term_string\"}}],\"inLanguage\":\"en-GB\"},{\"@type\":\"Organization\",\"@id\":\"https:\/\/www.molinsfilmfestival.com\/#organization\",\"name\":\"Molins Horror Film Festival\",\"url\":\"https:\/\/www.molinsfilmfestival.com\/\",\"logo\":{\"@type\":\"ImageObject\",\"inLanguage\":\"en-GB\",\"@id\":\"https:\/\/www.molinsfilmfestival.com\/#\/schema\/logo\/image\/\",\"url\":\"https:\/\/www.molinsfilmfestival.com\/wp-content\/uploads\/2025\/05\/terrormolins_logo.svg\",\"contentUrl\":\"https:\/\/www.molinsfilmfestival.com\/wp-content\/uploads\/2025\/05\/terrormolins_logo.svg\",\"caption\":\"Molins Horror Film Festival\"},\"image\":{\"@id\":\"https:\/\/www.molinsfilmfestival.com\/#\/schema\/logo\/image\/\"}},{\"@type\":\"Person\",\"@id\":\"https:\/\/www.molinsfilmfestival.com\/#\/schema\/person\/9d664b50116f871b0cb00fa43b2527dd\",\"name\":\"terrormolins\",\"image\":{\"@type\":\"ImageObject\",\"inLanguage\":\"en-GB\",\"@id\":\"https:\/\/www.molinsfilmfestival.com\/#\/schema\/person\/image\/\",\"url\":\"https:\/\/secure.gravatar.com\/avatar\/591ccac8e3772fe3891dbd3892fd2232dbe1beb33ebbae4b228747f35168dcc6?s=96&d=mm&r=g\",\"contentUrl\":\"https:\/\/secure.gravatar.com\/avatar\/591ccac8e3772fe3891dbd3892fd2232dbe1beb33ebbae4b228747f35168dcc6?s=96&d=mm&r=g\",\"caption\":\"terrormolins\"},\"sameAs\":[\"https:\/\/temporal.molinsfilmfestival.com\"],\"url\":\"https:\/\/www.molinsfilmfestival.com\/eng\/author\/terrormolins\/\"}]}<\/script>\n<!-- \/ Yoast SEO plugin. -->","yoast_head_json":{"title":"20 Short Films Qualify for the 2021 TAC Awards | Molins Horror Film Festival","robots":{"index":"index","follow":"follow","max-snippet":"max-snippet:-1","max-image-preview":"max-image-preview:large","max-video-preview":"max-video-preview:-1"},"canonical":"https:\/\/www.molinsfilmfestival.com\/eng\/2021\/05\/17\/20-curtmetratges-opten-als-premis-tac-2021\/","og_locale":"en_GB","og_type":"article","og_title":"20 Curtmetratges opten als Premis TAC 2021 | Molins Horror Film Festival","og_description":"20 Curtmetratges opten als Premis TAC 2021. Els millors curts de Terror i Fant\u00e0stic de producci\u00f3 catalana. Despr\u00e9s d\u2019un 2020 marcat per la pand\u00e8mia i la cancel\u00b7laci\u00f3 d\u2019alguns dels festivals membres de la federaci\u00f3, el TAC torna amb les piles ben carregades. Reprenem el format habitual de premis i ja us podem anunciar el llistat [&hellip;]","og_url":"https:\/\/www.molinsfilmfestival.com\/eng\/2021\/05\/17\/20-curtmetratges-opten-als-premis-tac-2021\/","og_site_name":"Molins Horror Film Festival","article_published_time":"2021-05-17T13:29:00+00:00","author":"terrormolins","twitter_card":"summary_large_image","twitter_misc":{"Written by":"terrormolins","Estimated reading time":"2 minutes"},"schema":{"@context":"https:\/\/schema.org","@graph":[{"@type":"Article","@id":"https:\/\/www.molinsfilmfestival.com\/eng\/2021\/05\/17\/20-curtmetratges-opten-als-premis-tac-2021\/#article","isPartOf":{"@id":"https:\/\/www.molinsfilmfestival.com\/eng\/2021\/05\/17\/20-curtmetratges-opten-als-premis-tac-2021\/"},"author":{"name":"terrormolins","@id":"https:\/\/www.molinsfilmfestival.com\/#\/schema\/person\/9d664b50116f871b0cb00fa43b2527dd"},"headline":"20 Curtmetratges opten als Premis TAC 2021","datePublished":"2021-05-17T13:29:00+00:00","mainEntityOfPage":{"@id":"https:\/\/www.molinsfilmfestival.com\/eng\/2021\/05\/17\/20-curtmetratges-opten-als-premis-tac-2021\/"},"wordCount":354,"publisher":{"@id":"https:\/\/www.molinsfilmfestival.com\/#organization"},"articleSection":["Curtmetratges","Destacats","TAC"],"inLanguage":"en-GB"},{"@type":"WebPage","@id":"https:\/\/www.molinsfilmfestival.com\/eng\/2021\/05\/17\/20-curtmetratges-opten-als-premis-tac-2021\/","url":"https:\/\/www.molinsfilmfestival.com\/eng\/2021\/05\/17\/20-curtmetratges-opten-als-premis-tac-2021\/","name":"20 Short Films Qualify for the 2021 TAC Awards | Molins Horror Film Festival","isPartOf":{"@id":"https:\/\/www.molinsfilmfestival.com\/#website"},"datePublished":"2021-05-17T13:29:00+00:00","breadcrumb":{"@id":"https:\/\/www.molinsfilmfestival.com\/eng\/2021\/05\/17\/20-curtmetratges-opten-als-premis-tac-2021\/#breadcrumb"},"inLanguage":"en-GB","potentialAction":[{"@type":"ReadAction","target":["https:\/\/www.molinsfilmfestival.com\/eng\/2021\/05\/17\/20-curtmetratges-opten-als-premis-tac-2021\/"]}]},{"@type":"BreadcrumbList","@id":"https:\/\/www.molinsfilmfestival.com\/eng\/2021\/05\/17\/20-curtmetratges-opten-als-premis-tac-2021\/#breadcrumb","itemListElement":[{"@type":"ListItem","position":1,"name":"Inici","item":"https:\/\/www.molinsfilmfestival.com\/"},{"@type":"ListItem","position":2,"name":"20 Curtmetratges opten als Premis TAC 2021"}]},{"@type":"WebSite","@id":"https:\/\/www.molinsfilmfestival.com\/#website","url":"https:\/\/www.molinsfilmfestival.com\/","name":"Molins Horror Film Festival","description":"Molins de Rei Horror Film Festival","publisher":{"@id":"https:\/\/www.molinsfilmfestival.com\/#organization"},"potentialAction":[{"@type":"SearchAction","target":{"@type":"EntryPoint","urlTemplate":"https:\/\/www.molinsfilmfestival.com\/?s={search_term_string}"},"query-input":{"@type":"PropertyValueSpecification","valueRequired":true,"valueName":"search_term_string"}}],"inLanguage":"en-GB"},{"@type":"Organization","@id":"https:\/\/www.molinsfilmfestival.com\/#organization","name":"Molins Horror Film Festival","url":"https:\/\/www.molinsfilmfestival.com\/","logo":{"@type":"ImageObject","inLanguage":"en-GB","@id":"https:\/\/www.molinsfilmfestival.com\/#\/schema\/logo\/image\/","url":"https:\/\/www.molinsfilmfestival.com\/wp-content\/uploads\/2025\/05\/terrormolins_logo.svg","contentUrl":"https:\/\/www.molinsfilmfestival.com\/wp-content\/uploads\/2025\/05\/terrormolins_logo.svg","caption":"Molins Horror Film Festival"},"image":{"@id":"https:\/\/www.molinsfilmfestival.com\/#\/schema\/logo\/image\/"}},{"@type":"Person","@id":"https:\/\/www.molinsfilmfestival.com\/#\/schema\/person\/9d664b50116f871b0cb00fa43b2527dd","name":"terrormills","image":{"@type":"ImageObject","inLanguage":"en-GB","@id":"https:\/\/www.molinsfilmfestival.com\/#\/schema\/person\/image\/","url":"https:\/\/secure.gravatar.com\/avatar\/591ccac8e3772fe3891dbd3892fd2232dbe1beb33ebbae4b228747f35168dcc6?s=96&d=mm&r=g","contentUrl":"https:\/\/secure.gravatar.com\/avatar\/591ccac8e3772fe3891dbd3892fd2232dbe1beb33ebbae4b228747f35168dcc6?s=96&d=mm&r=g","caption":"terrormolins"},"sameAs":["https:\/\/temporal.molinsfilmfestival.com"],"url":"https:\/\/www.molinsfilmfestival.com\/eng\/author\/terrormolins\/"}]}},"_links":{"self":[{"href":"https:\/\/www.molinsfilmfestival.com\/eng\/wp-json\/wp\/v2\/posts\/1351","targetHints":{"allow":["GET"]}}],"collection":[{"href":"https:\/\/www.molinsfilmfestival.com\/eng\/wp-json\/wp\/v2\/posts"}],"about":[{"href":"https:\/\/www.molinsfilmfestival.com\/eng\/wp-json\/wp\/v2\/types\/post"}],"author":[{"embeddable":true,"href":"https:\/\/www.molinsfilmfestival.com\/eng\/wp-json\/wp\/v2\/users\/1"}],"replies":[{"embeddable":true,"href":"https:\/\/www.molinsfilmfestival.com\/eng\/wp-json\/wp\/v2\/comments?post=1351"}],"version-history":[{"count":0,"href":"https:\/\/www.molinsfilmfestival.com\/eng\/wp-json\/wp\/v2\/posts\/1351\/revisions"}],"wp:attachment":[{"href":"https:\/\/www.molinsfilmfestival.com\/eng\/wp-json\/wp\/v2\/media?parent=1351"}],"wp:term":[{"taxonomy":"category","embeddable":true,"href":"https:\/\/www.molinsfilmfestival.com\/eng\/wp-json\/wp\/v2\/categories?post=1351"},{"taxonomy":"post_tag","embeddable":true,"href":"https:\/\/www.molinsfilmfestival.com\/eng\/wp-json\/wp\/v2\/tags?post=1351"}],"curies":[{"name":"wp","href":"https:\/\/api.w.org\/{rel}","templated":true}]}}