{"id":13969,"date":"2020-10-25T23:26:02","date_gmt":"2020-10-25T22:26:02","guid":{"rendered":"https:\/\/temporal.molinsfilmfestival.com\/2020\/10\/25\/caspot-terrormolins-2020-dirigit-per-marc-carreteesspot-terrormolins-2020-dirigido-por-marc-carreteenterrormolins-2020-spot-by-marc-carrete-6\/"},"modified":"2020-10-25T23:26:02","modified_gmt":"2020-10-25T22:26:02","slug":"caspot-terrormolins-2020-dirigit-per-marc-carreteesspot-terrormolins-2020-dirigido-por-marc-carreteenterrormolins-2020-spot-by-marc-carrete-6","status":"publish","type":"post","link":"https:\/\/www.molinsfilmfestival.com\/eng\/2020\/10\/25\/caspot-terrormolins-2020-dirigit-per-marc-carreteesspot-terrormolins-2020-dirigido-por-marc-carreteenterrormolins-2020-spot-by-marc-carrete-6\/","title":{"rendered":"[:ca]Terror spot Molins 2020 directed by Marc Carret\u00e9[:es]Terror spot Molins 2020 directed by Marc Carret\u00e9[:en]terrorMolins 2020 spot by Marc Carret\u00e9[:]"},"content":{"rendered":"<p>[:en]<\/p>\n<h2>It is our pleasure to present to you the\u2019<strong>official spot of the terrorMolins 2020<\/strong> directed by Marc Carret\u00e9. A spot that undoubtedly conveys the director&#039;s passion and mastery of genre cinema and the essence of this year&#039;s leitmotif, Nature Revenge: Human Extinction.<\/h2>\n<p>&nbsp;<\/p>\n<p><strong><a href=\"http:\/\/www.molinsfilmfestival.com\/wp-content\/uploads\/2020\/10\/marc-carrete-terrorweekend.jpg\"><img loading=\"lazy\" decoding=\"async\" class=\"alignleft size-medium wp-image-18411\" src=\"http:\/\/www.molinsfilmfestival.com\/wp-content\/uploads\/2020\/10\/marc-carrete-terrorweekend-300x179.jpg\" alt=\"marc-carrete-terrorweekend\" width=\"300\" height=\"179\" \/><\/a><\/strong><strong>Marc Carrete:<\/strong> Barcelona, 1970. Producer, screenwriter and director of independent cinema, specializing in the horror genre. Author of the short films <em>Bad Body<\/em> i <em>Castidermia<\/em>. He made his feature film debut in 2104 with <em>Asmodexia<\/em>. In 2015 he founded the label <a href=\"https:\/\/www.creaturesofthedark.com\/\">Creatures of the Dark<\/a>, under which they have occurred <em><a href=\"http:\/\/www.molinsfilmfestival.com\/eng\/2017\/09\/15\/framed-premier-mundial-inauguracion-del-terrormolins\/\" rel=\"noopener noreferrer\" target=\"_blank\">Framed<\/a><\/em> (World premiere at terrorMolins 2017)) i <em><a href=\"http:\/\/www.molinsfilmfestival.com\/eng\/2018\/08\/30\/after-the-lethargy\/\" rel=\"noopener noreferrer\" target=\"_blank\">After the lethargy<\/a><\/em> (2018). He is currently working on the development of several feature film projects, including <em>The Spiritualist<\/em>, a teaser that we were able to enjoy last year at terrorMolins.<br \/>\nHe is undoubtedly one of the most outstanding directors on the national indie scene, whose work has been recognized at festivals around the world. It is therefore an honor for us to have had a director of the stature of Marc Carret\u00e9 to make our commercial for this edition.<br \/>\n&nbsp;<br \/>\n&nbsp;<\/p>\n<blockquote><p>&#8220;<em>The two main objectives have been, on the one hand, to be as faithful as possible to the leitmotif of this year&#039;s edition, and on the other, and above all, to excite. And I thought that there would be no better way to do it than by trying to reproduce the emotion that many of us have every time we arrive in Molins de Rei and prepare to enter this kind of temple of horror cinema that La Peni has become, in the hands of terrorMolins, undoubtedly one of the festival venues with the most character and tradition that I have ever known.<\/em>&#8221;<\/p>\n<p>Marc Carrete<\/p><\/blockquote>\n<p>&nbsp;<\/p>\n<h3><a href=\"https:\/\/youtu.be\/1EolAMXkbJY\">You can enjoy the spot at this link<\/a><\/h3>\n<p>[:es]<\/p>\n<h2>It is a pleasure for us to present you <strong>official spot of terrorMolins 2020<\/strong> directed by Marc Carret\u00e9. A spot that undoubtedly conveys the filmmaker&#039;s passion and mastery of genre cinema and the essence of this edition&#039;s leitmotif, Nature Revenge: Human Extinction.<\/h2>\n<p>&nbsp;<\/p>\n<p><a href=\"http:\/\/www.molinsfilmfestival.com\/wp-content\/uploads\/2020\/10\/marc-carrete-terrorweekend.jpg\"><img loading=\"lazy\" decoding=\"async\" class=\"alignleft wp-image-18411 size-medium\" src=\"http:\/\/www.molinsfilmfestival.com\/wp-content\/uploads\/2020\/10\/marc-carrete-terrorweekend-300x179.jpg\" alt=\"marc-carrete-terrorweekend\" width=\"300\" height=\"179\" \/><\/a><strong>Marc Carrete<\/strong>; Barcelona, 1970. Independent film producer, screenwriter and director, specialized in the horror genre. Author of the short films <em>Bad Body<\/em> y <em>Castidermia<\/em>. He debuted in the largo in 2104 con <em>Asmodexia<\/em>. In 2015 he founded the label <a href=\"https:\/\/www.creaturesofthedark.com\/\">Creatures of the Dark<\/a>, under which they have been produced <em><a href=\"http:\/\/www.molinsfilmfestival.com\/eng\/2017\/09\/15\/framed-premier-mundial-inauguracion-del-terrormolins\/\" rel=\"noopener noreferrer\" target=\"_blank\">Framed<\/a><\/em> (World premiere in terrorMolins 2017) and <em><a href=\"http:\/\/www.molinsfilmfestival.com\/eng\/2018\/08\/30\/after-the-lethargy\/\" rel=\"noopener noreferrer\" target=\"_blank\">After the lethargy<\/a><\/em> (2018). He is currently working on the development of several feature-length projects, among them El <em>Spiritualist<\/em>, whose teaser we were able to enjoy last year in terrorMolins.<br \/>\nWithout a doubt, she is one of the most outstanding directors of the national indie scene whose work has been recognized at festivals around the world. It is therefore an honor for us to have counted on a director of the stature of Marc Carret\u00e9 to make our spot this edition.<br \/>\n&nbsp;<br \/>\n&nbsp;<\/p>\n<blockquote><p><span style=\"font-size: 1rem;\">&#8220;<em>The two main objectives have been on the one hand to be as faithful as possible to the leitmotif of this year&#039;s edition, and on the other, and above all, to excite. And I thought that there would be no better way to do it than by trying to reproduce the emotion that many of us have every time we arrive in Molins de Rei and prepare to enter this kind of temple of horror cinema that La Peni has become, hands of terrorMolins, without a doubt one of the most characterful and lonely festival venues I have ever met.<\/em>&#8220;<\/span><\/p>\n<p>Marc Carrete<\/p><\/blockquote>\n<p>&nbsp;<\/p>\n<h3><a href=\"https:\/\/youtu.be\/1EolAMXkbJY\">You can enjoy the spot in this link<\/a><\/h3>\n<p>[:en]<\/p>\n<h2>It is a pleasure for us to present the <strong>official spot of terrorMolins 2020<\/strong> directed by Marc Carret\u00e9. A spot that undoubtedly transmits the passion and mastery that the director has for genre cinema and the essence of the leitmotiv of this edition, Nature Revenge: Human Extinction.<\/h2>\n<p>&nbsp;<\/p>\n<p><a href=\"http:\/\/www.molinsfilmfestival.com\/wp-content\/uploads\/2020\/10\/marc-carrete-terrorweekend.jpg\"><img loading=\"lazy\" decoding=\"async\" class=\"alignleft size-medium wp-image-18411\" src=\"http:\/\/www.molinsfilmfestival.com\/wp-content\/uploads\/2020\/10\/marc-carrete-terrorweekend-300x179.jpg\" alt=\"marc-carrete-terrorweekend\" width=\"300\" height=\"179\" \/><\/a><strong>Marc Carrete<\/strong>; Barcelona, \u200b\u200b\u200b\u200b1970. Producer, screenwriter and independent film director, specialized in the horror genre. Author of the short films <em>Bad body<\/em> y <em>Castidermia<\/em>. He made his feature debut in 2104 with Asmodexia. In 2015 I founded the label <a href=\"https:\/\/www.creaturesofthedark.com\/\">Creatures of the Dark<\/a>, under which <a href=\"http:\/\/www.molinsfilmfestival.com\/eng\/2017\/09\/15\/framed-premier-mundial-inauguracion-del-terrormolins\/\">Framed<\/a> (World Premiere at terrorMolins 2017) and <a href=\"http:\/\/www.molinsfilmfestival.com\/eng\/2018\/08\/30\/after-the-lethargy\/\" rel=\"noopener noreferrer\" target=\"_blank\"><em>After the lethargy<\/em><\/a> (2018) have been produced. He is currently working on the development of various feature film projects, including <em>The Spiritualist<\/em>, whose teaser we were able to enjoy last year on terrorMolins.<br \/>\nHe is undoubtedly one of the most prominent directors on the national indie scene whose work has been recognized at festivals around the world. It is therefore an honor for us to have had a director of the stature of Marc Carret\u00e9 for the realization of our spot for this edition.<br \/>\n&nbsp;<br \/>\n&nbsp;<\/p>\n<blockquote><p>&#8220;<em>The two main objectives have been, on the one hand, to be as faithful as possible to the leitmotif of this year&#039;s edition, and on the other, and above all, to excite. And I thought that there would be no better way to do it than by looking to reproduce the emotion that many of us have every time we arrive in Molins de Rei and we are about to enter this type of temple of horror cinema that La Peni has become, in the hands of terrorMolins, without a doubt one of the festival venues with the most character and tradition I have ever known.<\/em>&#8221;<\/p>\n<p>Marc Carrete<\/p><\/blockquote>\n<p>&nbsp;<\/p>\n<h3><a href=\"https:\/\/youtu.be\/1EolAMXkbJY\">You can watch the spot in this link<\/a><\/h3>\n<p>[:]<\/p>","protected":false},"excerpt":{"rendered":"<p>[:en] It is our pleasure to present the official spot for the Molins 2020 horror film directed by Marc Carret\u00e9. A spot that undoubtedly conveys the director&#039;s passion and mastery for genre cinema and the essence of this year&#039;s leitmotiv, Nature Revenge: Human Extinction. Marc Carret\u00e9: Barcelona, 1970. Producer, screenwriter and director of [\u2026]<\/p>","protected":false},"author":1,"featured_media":0,"comment_status":"open","ping_status":"open","sticky":false,"template":"","format":"standard","meta":{"_acf_changed":false,"footnotes":""},"categories":[],"tags":[],"class_list":["post-13969","post","type-post","status-publish","format-standard","hentry"],"acf":[],"yoast_head":"<!-- This site is optimized with the Yoast SEO plugin v26.4 - https:\/\/yoast.com\/wordpress\/plugins\/seo\/ -->\n<title>[:ca]Spot terrorMolins 2020 dirigit per Marc Carret\u00e9[:es]Spot terrorMolins 2020 dirigido por Marc Carret\u00e9[:en]terrorMolins 2020 spot by Marc Carret\u00e9[:] | Molins Horror Film Festival<\/title>\n<meta name=\"robots\" content=\"index, follow, max-snippet:-1, max-image-preview:large, max-video-preview:-1\" \/>\n<link rel=\"canonical\" href=\"https:\/\/www.molinsfilmfestival.com\/eng\/2020\/10\/25\/caspot-terrormolins-2020-dirigit-per-marc-carreteesspot-terrormolins-2020-dirigido-por-marc-carreteenterrormolins-2020-spot-by-marc-carrete-6\/\" \/>\n<meta property=\"og:locale\" content=\"en_GB\" \/>\n<meta property=\"og:type\" content=\"article\" \/>\n<meta property=\"og:title\" content=\"[:ca]Spot terrorMolins 2020 dirigit per Marc Carret\u00e9[:es]Spot terrorMolins 2020 dirigido por Marc Carret\u00e9[:en]terrorMolins 2020 spot by Marc Carret\u00e9[:] | Molins Horror Film Festival\" \/>\n<meta property=\"og:description\" content=\"[:ca] \u00c9s un plaer per a nosaltres presentar-vos l&#8217;espot oficial del terrorMolins 2020 dirigit per Marc Carret\u00e9. Un espot que transmet sens dubte la passi\u00f3 i el domini que el realitzador t\u00e9 pel cinema de g\u00e8nere i l\u00b4essencia del leitmotive d\u00b4enguany, Nature Revenge: Human Extinction. &nbsp; Marc Carret\u00e9: Barcelona, 1970. Productor, guionista i director de [&hellip;]\" \/>\n<meta property=\"og:url\" content=\"https:\/\/www.molinsfilmfestival.com\/eng\/2020\/10\/25\/caspot-terrormolins-2020-dirigit-per-marc-carreteesspot-terrormolins-2020-dirigido-por-marc-carreteenterrormolins-2020-spot-by-marc-carrete-6\/\" \/>\n<meta property=\"og:site_name\" content=\"Molins Horror Film Festival\" \/>\n<meta property=\"article:published_time\" content=\"2020-10-25T22:26:02+00:00\" \/>\n<meta property=\"og:image\" content=\"http:\/\/www.molinsfilmfestival.com\/wp-content\/uploads\/2020\/10\/marc-carrete-terrorweekend-300x179.jpg\" \/>\n<meta name=\"author\" content=\"terrormolins\" \/>\n<meta name=\"twitter:card\" content=\"summary_large_image\" \/>\n<meta name=\"twitter:label1\" content=\"Written by\" \/>\n\t<meta name=\"twitter:data1\" content=\"terrormolins\" \/>\n\t<meta name=\"twitter:label2\" content=\"Estimated reading time\" \/>\n\t<meta name=\"twitter:data2\" content=\"4 minutes\" \/>\n<script type=\"application\/ld+json\" class=\"yoast-schema-graph\">{\"@context\":\"https:\/\/schema.org\",\"@graph\":[{\"@type\":\"Article\",\"@id\":\"https:\/\/www.molinsfilmfestival.com\/2020\/10\/25\/caspot-terrormolins-2020-dirigit-per-marc-carreteesspot-terrormolins-2020-dirigido-por-marc-carreteenterrormolins-2020-spot-by-marc-carrete-6\/#article\",\"isPartOf\":{\"@id\":\"https:\/\/www.molinsfilmfestival.com\/2020\/10\/25\/caspot-terrormolins-2020-dirigit-per-marc-carreteesspot-terrormolins-2020-dirigido-por-marc-carreteenterrormolins-2020-spot-by-marc-carrete-6\/\"},\"author\":{\"name\":\"terrormolins\",\"@id\":\"https:\/\/www.molinsfilmfestival.com\/#\/schema\/person\/9d664b50116f871b0cb00fa43b2527dd\"},\"headline\":\"[:ca]Spot terrorMolins 2020 dirigit per Marc Carret\u00e9[:es]Spot terrorMolins 2020 dirigido por Marc Carret\u00e9[:en]terrorMolins 2020 spot by Marc Carret\u00e9[:]\",\"datePublished\":\"2020-10-25T22:26:02+00:00\",\"mainEntityOfPage\":{\"@id\":\"https:\/\/www.molinsfilmfestival.com\/2020\/10\/25\/caspot-terrormolins-2020-dirigit-per-marc-carreteesspot-terrormolins-2020-dirigido-por-marc-carreteenterrormolins-2020-spot-by-marc-carrete-6\/\"},\"wordCount\":926,\"commentCount\":0,\"publisher\":{\"@id\":\"https:\/\/www.molinsfilmfestival.com\/#organization\"},\"image\":{\"@id\":\"https:\/\/www.molinsfilmfestival.com\/2020\/10\/25\/caspot-terrormolins-2020-dirigit-per-marc-carreteesspot-terrormolins-2020-dirigido-por-marc-carreteenterrormolins-2020-spot-by-marc-carrete-6\/#primaryimage\"},\"thumbnailUrl\":\"http:\/\/www.molinsfilmfestival.com\/wp-content\/uploads\/2020\/10\/marc-carrete-terrorweekend-300x179.jpg\",\"inLanguage\":\"en-GB\"},{\"@type\":\"WebPage\",\"@id\":\"https:\/\/www.molinsfilmfestival.com\/2020\/10\/25\/caspot-terrormolins-2020-dirigit-per-marc-carreteesspot-terrormolins-2020-dirigido-por-marc-carreteenterrormolins-2020-spot-by-marc-carrete-6\/\",\"url\":\"https:\/\/www.molinsfilmfestival.com\/2020\/10\/25\/caspot-terrormolins-2020-dirigit-per-marc-carreteesspot-terrormolins-2020-dirigido-por-marc-carreteenterrormolins-2020-spot-by-marc-carrete-6\/\",\"name\":\"[:ca]Spot terrorMolins 2020 dirigit per Marc Carret\u00e9[:es]Spot terrorMolins 2020 dirigido por Marc Carret\u00e9[:en]terrorMolins 2020 spot by Marc Carret\u00e9[:] | Molins Horror Film Festival\",\"isPartOf\":{\"@id\":\"https:\/\/www.molinsfilmfestival.com\/#website\"},\"primaryImageOfPage\":{\"@id\":\"https:\/\/www.molinsfilmfestival.com\/2020\/10\/25\/caspot-terrormolins-2020-dirigit-per-marc-carreteesspot-terrormolins-2020-dirigido-por-marc-carreteenterrormolins-2020-spot-by-marc-carrete-6\/#primaryimage\"},\"image\":{\"@id\":\"https:\/\/www.molinsfilmfestival.com\/2020\/10\/25\/caspot-terrormolins-2020-dirigit-per-marc-carreteesspot-terrormolins-2020-dirigido-por-marc-carreteenterrormolins-2020-spot-by-marc-carrete-6\/#primaryimage\"},\"thumbnailUrl\":\"http:\/\/www.molinsfilmfestival.com\/wp-content\/uploads\/2020\/10\/marc-carrete-terrorweekend-300x179.jpg\",\"datePublished\":\"2020-10-25T22:26:02+00:00\",\"breadcrumb\":{\"@id\":\"https:\/\/www.molinsfilmfestival.com\/2020\/10\/25\/caspot-terrormolins-2020-dirigit-per-marc-carreteesspot-terrormolins-2020-dirigido-por-marc-carreteenterrormolins-2020-spot-by-marc-carrete-6\/#breadcrumb\"},\"inLanguage\":\"en-GB\",\"potentialAction\":[{\"@type\":\"ReadAction\",\"target\":[\"https:\/\/www.molinsfilmfestival.com\/2020\/10\/25\/caspot-terrormolins-2020-dirigit-per-marc-carreteesspot-terrormolins-2020-dirigido-por-marc-carreteenterrormolins-2020-spot-by-marc-carrete-6\/\"]}]},{\"@type\":\"ImageObject\",\"inLanguage\":\"en-GB\",\"@id\":\"https:\/\/www.molinsfilmfestival.com\/2020\/10\/25\/caspot-terrormolins-2020-dirigit-per-marc-carreteesspot-terrormolins-2020-dirigido-por-marc-carreteenterrormolins-2020-spot-by-marc-carrete-6\/#primaryimage\",\"url\":\"http:\/\/www.molinsfilmfestival.com\/wp-content\/uploads\/2020\/10\/marc-carrete-terrorweekend-300x179.jpg\",\"contentUrl\":\"http:\/\/www.molinsfilmfestival.com\/wp-content\/uploads\/2020\/10\/marc-carrete-terrorweekend-300x179.jpg\"},{\"@type\":\"BreadcrumbList\",\"@id\":\"https:\/\/www.molinsfilmfestival.com\/2020\/10\/25\/caspot-terrormolins-2020-dirigit-per-marc-carreteesspot-terrormolins-2020-dirigido-por-marc-carreteenterrormolins-2020-spot-by-marc-carrete-6\/#breadcrumb\",\"itemListElement\":[{\"@type\":\"ListItem\",\"position\":1,\"name\":\"Inici\",\"item\":\"https:\/\/www.molinsfilmfestival.com\/\"},{\"@type\":\"ListItem\",\"position\":2,\"name\":\"[:ca]Spot terrorMolins 2020 dirigit per Marc Carret\u00e9[:es]Spot terrorMolins 2020 dirigido por Marc Carret\u00e9[:en]terrorMolins 2020 spot by Marc Carret\u00e9[:]\"}]},{\"@type\":\"WebSite\",\"@id\":\"https:\/\/www.molinsfilmfestival.com\/#website\",\"url\":\"https:\/\/www.molinsfilmfestival.com\/\",\"name\":\"Molins Horror Film Festival\",\"description\":\"Festival de Cine de Terror de Molins de Rei\",\"publisher\":{\"@id\":\"https:\/\/www.molinsfilmfestival.com\/#organization\"},\"potentialAction\":[{\"@type\":\"SearchAction\",\"target\":{\"@type\":\"EntryPoint\",\"urlTemplate\":\"https:\/\/www.molinsfilmfestival.com\/?s={search_term_string}\"},\"query-input\":{\"@type\":\"PropertyValueSpecification\",\"valueRequired\":true,\"valueName\":\"search_term_string\"}}],\"inLanguage\":\"en-GB\"},{\"@type\":\"Organization\",\"@id\":\"https:\/\/www.molinsfilmfestival.com\/#organization\",\"name\":\"Molins Horror Film Festival\",\"url\":\"https:\/\/www.molinsfilmfestival.com\/\",\"logo\":{\"@type\":\"ImageObject\",\"inLanguage\":\"en-GB\",\"@id\":\"https:\/\/www.molinsfilmfestival.com\/#\/schema\/logo\/image\/\",\"url\":\"https:\/\/www.molinsfilmfestival.com\/wp-content\/uploads\/2025\/05\/terrormolins_logo.svg\",\"contentUrl\":\"https:\/\/www.molinsfilmfestival.com\/wp-content\/uploads\/2025\/05\/terrormolins_logo.svg\",\"caption\":\"Molins Horror Film Festival\"},\"image\":{\"@id\":\"https:\/\/www.molinsfilmfestival.com\/#\/schema\/logo\/image\/\"}},{\"@type\":\"Person\",\"@id\":\"https:\/\/www.molinsfilmfestival.com\/#\/schema\/person\/9d664b50116f871b0cb00fa43b2527dd\",\"name\":\"terrormolins\",\"image\":{\"@type\":\"ImageObject\",\"inLanguage\":\"en-GB\",\"@id\":\"https:\/\/www.molinsfilmfestival.com\/#\/schema\/person\/image\/\",\"url\":\"https:\/\/secure.gravatar.com\/avatar\/591ccac8e3772fe3891dbd3892fd2232dbe1beb33ebbae4b228747f35168dcc6?s=96&d=mm&r=g\",\"contentUrl\":\"https:\/\/secure.gravatar.com\/avatar\/591ccac8e3772fe3891dbd3892fd2232dbe1beb33ebbae4b228747f35168dcc6?s=96&d=mm&r=g\",\"caption\":\"terrormolins\"},\"sameAs\":[\"https:\/\/temporal.molinsfilmfestival.com\"],\"url\":\"https:\/\/www.molinsfilmfestival.com\/eng\/author\/terrormolins\/\"}]}<\/script>\n<!-- \/ Yoast SEO plugin. -->","yoast_head_json":{"title":"[:ca]Spot terrorMolins 2020 directed by Marc Carret\u00e9[:es]Spot terrorMolins 2020 directed by Marc Carret\u00e9[:en]terrorMolins 2020 spot by Marc Carret\u00e9[:] | Molins Horror Film Festival","robots":{"index":"index","follow":"follow","max-snippet":"max-snippet:-1","max-image-preview":"max-image-preview:large","max-video-preview":"max-video-preview:-1"},"canonical":"https:\/\/www.molinsfilmfestival.com\/eng\/2020\/10\/25\/caspot-terrormolins-2020-dirigit-per-marc-carreteesspot-terrormolins-2020-dirigido-por-marc-carreteenterrormolins-2020-spot-by-marc-carrete-6\/","og_locale":"en_GB","og_type":"article","og_title":"[:ca]Spot terrorMolins 2020 dirigit per Marc Carret\u00e9[:es]Spot terrorMolins 2020 dirigido por Marc Carret\u00e9[:en]terrorMolins 2020 spot by Marc Carret\u00e9[:] | Molins Horror Film Festival","og_description":"[:ca] \u00c9s un plaer per a nosaltres presentar-vos l&#8217;espot oficial del terrorMolins 2020 dirigit per Marc Carret\u00e9. Un espot que transmet sens dubte la passi\u00f3 i el domini que el realitzador t\u00e9 pel cinema de g\u00e8nere i l\u00b4essencia del leitmotive d\u00b4enguany, Nature Revenge: Human Extinction. &nbsp; Marc Carret\u00e9: Barcelona, 1970. Productor, guionista i director de [&hellip;]","og_url":"https:\/\/www.molinsfilmfestival.com\/eng\/2020\/10\/25\/caspot-terrormolins-2020-dirigit-per-marc-carreteesspot-terrormolins-2020-dirigido-por-marc-carreteenterrormolins-2020-spot-by-marc-carrete-6\/","og_site_name":"Molins Horror Film Festival","article_published_time":"2020-10-25T22:26:02+00:00","og_image":[{"url":"http:\/\/www.molinsfilmfestival.com\/wp-content\/uploads\/2020\/10\/marc-carrete-terrorweekend-300x179.jpg","type":"","width":"","height":""}],"author":"terrormolins","twitter_card":"summary_large_image","twitter_misc":{"Written by":"terrormolins","Estimated reading time":"4 minutes"},"schema":{"@context":"https:\/\/schema.org","@graph":[{"@type":"Article","@id":"https:\/\/www.molinsfilmfestival.com\/2020\/10\/25\/caspot-terrormolins-2020-dirigit-per-marc-carreteesspot-terrormolins-2020-dirigido-por-marc-carreteenterrormolins-2020-spot-by-marc-carrete-6\/#article","isPartOf":{"@id":"https:\/\/www.molinsfilmfestival.com\/2020\/10\/25\/caspot-terrormolins-2020-dirigit-per-marc-carreteesspot-terrormolins-2020-dirigido-por-marc-carreteenterrormolins-2020-spot-by-marc-carrete-6\/"},"author":{"name":"terrormolins","@id":"https:\/\/www.molinsfilmfestival.com\/#\/schema\/person\/9d664b50116f871b0cb00fa43b2527dd"},"headline":"[:ca]Spot terrorMolins 2020 dirigit per Marc Carret\u00e9[:es]Spot terrorMolins 2020 dirigido por Marc Carret\u00e9[:en]terrorMolins 2020 spot by Marc Carret\u00e9[:]","datePublished":"2020-10-25T22:26:02+00:00","mainEntityOfPage":{"@id":"https:\/\/www.molinsfilmfestival.com\/2020\/10\/25\/caspot-terrormolins-2020-dirigit-per-marc-carreteesspot-terrormolins-2020-dirigido-por-marc-carreteenterrormolins-2020-spot-by-marc-carrete-6\/"},"wordCount":926,"commentCount":0,"publisher":{"@id":"https:\/\/www.molinsfilmfestival.com\/#organization"},"image":{"@id":"https:\/\/www.molinsfilmfestival.com\/2020\/10\/25\/caspot-terrormolins-2020-dirigit-per-marc-carreteesspot-terrormolins-2020-dirigido-por-marc-carreteenterrormolins-2020-spot-by-marc-carrete-6\/#primaryimage"},"thumbnailUrl":"http:\/\/www.molinsfilmfestival.com\/wp-content\/uploads\/2020\/10\/marc-carrete-terrorweekend-300x179.jpg","inLanguage":"en-GB"},{"@type":"WebPage","@id":"https:\/\/www.molinsfilmfestival.com\/2020\/10\/25\/caspot-terrormolins-2020-dirigit-per-marc-carreteesspot-terrormolins-2020-dirigido-por-marc-carreteenterrormolins-2020-spot-by-marc-carrete-6\/","url":"https:\/\/www.molinsfilmfestival.com\/2020\/10\/25\/caspot-terrormolins-2020-dirigit-per-marc-carreteesspot-terrormolins-2020-dirigido-por-marc-carreteenterrormolins-2020-spot-by-marc-carrete-6\/","name":"[:ca]Spot terrorMolins 2020 directed by Marc Carret\u00e9[:es]Spot terrorMolins 2020 directed by Marc Carret\u00e9[:en]terrorMolins 2020 spot by Marc Carret\u00e9[:] | Molins Horror Film Festival","isPartOf":{"@id":"https:\/\/www.molinsfilmfestival.com\/#website"},"primaryImageOfPage":{"@id":"https:\/\/www.molinsfilmfestival.com\/2020\/10\/25\/caspot-terrormolins-2020-dirigit-per-marc-carreteesspot-terrormolins-2020-dirigido-por-marc-carreteenterrormolins-2020-spot-by-marc-carrete-6\/#primaryimage"},"image":{"@id":"https:\/\/www.molinsfilmfestival.com\/2020\/10\/25\/caspot-terrormolins-2020-dirigit-per-marc-carreteesspot-terrormolins-2020-dirigido-por-marc-carreteenterrormolins-2020-spot-by-marc-carrete-6\/#primaryimage"},"thumbnailUrl":"http:\/\/www.molinsfilmfestival.com\/wp-content\/uploads\/2020\/10\/marc-carrete-terrorweekend-300x179.jpg","datePublished":"2020-10-25T22:26:02+00:00","breadcrumb":{"@id":"https:\/\/www.molinsfilmfestival.com\/2020\/10\/25\/caspot-terrormolins-2020-dirigit-per-marc-carreteesspot-terrormolins-2020-dirigido-por-marc-carreteenterrormolins-2020-spot-by-marc-carrete-6\/#breadcrumb"},"inLanguage":"en-GB","potentialAction":[{"@type":"ReadAction","target":["https:\/\/www.molinsfilmfestival.com\/2020\/10\/25\/caspot-terrormolins-2020-dirigit-per-marc-carreteesspot-terrormolins-2020-dirigido-por-marc-carreteenterrormolins-2020-spot-by-marc-carrete-6\/"]}]},{"@type":"ImageObject","inLanguage":"en-GB","@id":"https:\/\/www.molinsfilmfestival.com\/2020\/10\/25\/caspot-terrormolins-2020-dirigit-per-marc-carreteesspot-terrormolins-2020-dirigido-por-marc-carreteenterrormolins-2020-spot-by-marc-carrete-6\/#primaryimage","url":"http:\/\/www.molinsfilmfestival.com\/wp-content\/uploads\/2020\/10\/marc-carrete-terrorweekend-300x179.jpg","contentUrl":"http:\/\/www.molinsfilmfestival.com\/wp-content\/uploads\/2020\/10\/marc-carrete-terrorweekend-300x179.jpg"},{"@type":"BreadcrumbList","@id":"https:\/\/www.molinsfilmfestival.com\/2020\/10\/25\/caspot-terrormolins-2020-dirigit-per-marc-carreteesspot-terrormolins-2020-dirigido-por-marc-carreteenterrormolins-2020-spot-by-marc-carrete-6\/#breadcrumb","itemListElement":[{"@type":"ListItem","position":1,"name":"Inici","item":"https:\/\/www.molinsfilmfestival.com\/"},{"@type":"ListItem","position":2,"name":"[:ca]Spot terrorMolins 2020 dirigit per Marc Carret\u00e9[:es]Spot terrorMolins 2020 dirigido por Marc Carret\u00e9[:en]terrorMolins 2020 spot by Marc Carret\u00e9[:]"}]},{"@type":"WebSite","@id":"https:\/\/www.molinsfilmfestival.com\/#website","url":"https:\/\/www.molinsfilmfestival.com\/","name":"Molins Horror Film Festival","description":"Molins de Rei Horror Film Festival","publisher":{"@id":"https:\/\/www.molinsfilmfestival.com\/#organization"},"potentialAction":[{"@type":"SearchAction","target":{"@type":"EntryPoint","urlTemplate":"https:\/\/www.molinsfilmfestival.com\/?s={search_term_string}"},"query-input":{"@type":"PropertyValueSpecification","valueRequired":true,"valueName":"search_term_string"}}],"inLanguage":"en-GB"},{"@type":"Organization","@id":"https:\/\/www.molinsfilmfestival.com\/#organization","name":"Molins Horror Film Festival","url":"https:\/\/www.molinsfilmfestival.com\/","logo":{"@type":"ImageObject","inLanguage":"en-GB","@id":"https:\/\/www.molinsfilmfestival.com\/#\/schema\/logo\/image\/","url":"https:\/\/www.molinsfilmfestival.com\/wp-content\/uploads\/2025\/05\/terrormolins_logo.svg","contentUrl":"https:\/\/www.molinsfilmfestival.com\/wp-content\/uploads\/2025\/05\/terrormolins_logo.svg","caption":"Molins Horror Film Festival"},"image":{"@id":"https:\/\/www.molinsfilmfestival.com\/#\/schema\/logo\/image\/"}},{"@type":"Person","@id":"https:\/\/www.molinsfilmfestival.com\/#\/schema\/person\/9d664b50116f871b0cb00fa43b2527dd","name":"terrormills","image":{"@type":"ImageObject","inLanguage":"en-GB","@id":"https:\/\/www.molinsfilmfestival.com\/#\/schema\/person\/image\/","url":"https:\/\/secure.gravatar.com\/avatar\/591ccac8e3772fe3891dbd3892fd2232dbe1beb33ebbae4b228747f35168dcc6?s=96&d=mm&r=g","contentUrl":"https:\/\/secure.gravatar.com\/avatar\/591ccac8e3772fe3891dbd3892fd2232dbe1beb33ebbae4b228747f35168dcc6?s=96&d=mm&r=g","caption":"terrormolins"},"sameAs":["https:\/\/temporal.molinsfilmfestival.com"],"url":"https:\/\/www.molinsfilmfestival.com\/eng\/author\/terrormolins\/"}]}},"_links":{"self":[{"href":"https:\/\/www.molinsfilmfestival.com\/eng\/wp-json\/wp\/v2\/posts\/13969","targetHints":{"allow":["GET"]}}],"collection":[{"href":"https:\/\/www.molinsfilmfestival.com\/eng\/wp-json\/wp\/v2\/posts"}],"about":[{"href":"https:\/\/www.molinsfilmfestival.com\/eng\/wp-json\/wp\/v2\/types\/post"}],"author":[{"embeddable":true,"href":"https:\/\/www.molinsfilmfestival.com\/eng\/wp-json\/wp\/v2\/users\/1"}],"replies":[{"embeddable":true,"href":"https:\/\/www.molinsfilmfestival.com\/eng\/wp-json\/wp\/v2\/comments?post=13969"}],"version-history":[{"count":0,"href":"https:\/\/www.molinsfilmfestival.com\/eng\/wp-json\/wp\/v2\/posts\/13969\/revisions"}],"wp:attachment":[{"href":"https:\/\/www.molinsfilmfestival.com\/eng\/wp-json\/wp\/v2\/media?parent=13969"}],"wp:term":[{"taxonomy":"category","embeddable":true,"href":"https:\/\/www.molinsfilmfestival.com\/eng\/wp-json\/wp\/v2\/categories?post=13969"},{"taxonomy":"post_tag","embeddable":true,"href":"https:\/\/www.molinsfilmfestival.com\/eng\/wp-json\/wp\/v2\/tags?post=13969"}],"curies":[{"name":"wp","href":"https:\/\/api.w.org\/{rel}","templated":true}]}}