{"id":5159,"date":"2015-08-31T21:00:42","date_gmt":"2015-08-31T19:00:42","guid":{"rendered":"https:\/\/temporal.molinsfilmfestival.com\/2015\/08\/31\/caneixen-els-20-segons-de-terroresnacen-los-20-segundos-de-terrorennew-20-seconds-horror-video-contest\/"},"modified":"2015-08-31T21:00:42","modified_gmt":"2015-08-31T19:00:42","slug":"caneixen-els-20-segons-de-terroresnacen-los-20-segundos-de-terrorennew-20-seconds-horror-video-contest","status":"publish","type":"post","link":"https:\/\/www.molinsfilmfestival.com\/eng\/2015\/08\/31\/caneixen-els-20-segons-de-terroresnacen-los-20-segundos-de-terrorennew-20-seconds-horror-video-contest\/","title":{"rendered":"[:ca]20 Seconds of Terror are Born[:es]20 Seconds of Terror are Born[:en]New 20 Seconds Horror Video Contest[:]"},"content":{"rendered":"<p>[:en]The is launched <a href=\"http:\/\/www.molinsfilmfestival.com\/eng\/ca\/2015\/10\/27\/participantes-1er-concurso-de-videos-de-terror-de-20-segundos-via-twitter\/\" rel=\"noopener\" target=\"_blank\">first edition of the 20 Second Horror Video Contest<\/a>. It started limited to Twitter and ended up expanding to other networks in later editions.[:es]The <a href=\"http:\/\/www.molinsfilmfestival.com\/eng\/es\/2015\/10\/27\/participantes-1er-concurso-de-videos-de-terror-de-20-segundos-via-twitter\/\" rel=\"noopener\" target=\"_blank\">first edition of the 20 Seconds Horror Video Contest<\/a>. It started limited to Twitter to end up expanding to other networks in later editions.[:en]The <a href=\"http:\/\/www.molinsfilmfestival.com\/eng\/en\/2015\/10\/27\/participantes-1er-concurso-de-videos-de-terror-de-20-segundos-via-twitter\/\" rel=\"noopener\" target=\"_blank\">first edition of the 20 Seconds Horror Video Contest<\/a> is launched. It started limited to Twitter and was expanded to other social networks in later editions.[:]<\/p>","protected":false},"excerpt":{"rendered":"<p>[:ca]The first edition of the 20-Second Horror Video Contest is launched. It began limited to Twitter and ended up expanding to other networks in later editions.[:es]The first edition of the 20-Second Horror Video Contest is launched. It began limited to Twitter and ended up expanding to other networks in later editions.[:en]The first [\u2026]<\/p>","protected":false},"author":1,"featured_media":0,"comment_status":"open","ping_status":"open","sticky":false,"template":"","format":"standard","meta":{"_acf_changed":false,"footnotes":""},"categories":[],"tags":[],"class_list":["post-5159","post","type-post","status-publish","format-standard","hentry"],"acf":[],"yoast_head":"<!-- This site is optimized with the Yoast SEO plugin v26.4 - https:\/\/yoast.com\/wordpress\/plugins\/seo\/ -->\n<title>[:ca]Neixen els 20 Segons de Terror[:es]Nacen los 20 Segundos de Terror[:en]New 20 Seconds Horror Video Contest[:] | Molins Horror Film Festival<\/title>\n<meta name=\"robots\" content=\"index, follow, max-snippet:-1, max-image-preview:large, max-video-preview:-1\" \/>\n<link rel=\"canonical\" href=\"https:\/\/www.molinsfilmfestival.com\/eng\/2015\/08\/31\/caneixen-els-20-segons-de-terroresnacen-los-20-segundos-de-terrorennew-20-seconds-horror-video-contest\/\" \/>\n<meta property=\"og:locale\" content=\"en_GB\" \/>\n<meta property=\"og:type\" content=\"article\" \/>\n<meta property=\"og:title\" content=\"[:ca]Neixen els 20 Segons de Terror[:es]Nacen los 20 Segundos de Terror[:en]New 20 Seconds Horror Video Contest[:] | Molins Horror Film Festival\" \/>\n<meta property=\"og:description\" content=\"[:ca]Es llan\u00e7a la primera edici\u00f3 del Concurs de V\u00eddeos de Terror de 20 Segons. Va comen\u00e7ar acotat a Twitter per acabar ampliant-se a altres xarxes en edicions posteriors.[:es]Se lanza la primera edici\u00f3n del Concurso de V\u00eddeos de Terror de 20 Segundos. Empez\u00f3 acotado a Twitter para acabar ampli\u00e1ndose a otras redes en ediciones posteriores.[:en]The first [&hellip;]\" \/>\n<meta property=\"og:url\" content=\"https:\/\/www.molinsfilmfestival.com\/eng\/2015\/08\/31\/caneixen-els-20-segons-de-terroresnacen-los-20-segundos-de-terrorennew-20-seconds-horror-video-contest\/\" \/>\n<meta property=\"og:site_name\" content=\"Molins Horror Film Festival\" \/>\n<meta property=\"article:published_time\" content=\"2015-08-31T19:00:42+00:00\" \/>\n<meta name=\"author\" content=\"terrormolins\" \/>\n<meta name=\"twitter:card\" content=\"summary_large_image\" \/>\n<meta name=\"twitter:label1\" content=\"Written by\" \/>\n\t<meta name=\"twitter:data1\" content=\"terrormolins\" \/>\n<script type=\"application\/ld+json\" class=\"yoast-schema-graph\">{\"@context\":\"https:\/\/schema.org\",\"@graph\":[{\"@type\":\"Article\",\"@id\":\"https:\/\/www.molinsfilmfestival.com\/2015\/08\/31\/caneixen-els-20-segons-de-terroresnacen-los-20-segundos-de-terrorennew-20-seconds-horror-video-contest\/#article\",\"isPartOf\":{\"@id\":\"https:\/\/www.molinsfilmfestival.com\/2015\/08\/31\/caneixen-els-20-segons-de-terroresnacen-los-20-segundos-de-terrorennew-20-seconds-horror-video-contest\/\"},\"author\":{\"name\":\"terrormolins\",\"@id\":\"https:\/\/www.molinsfilmfestival.com\/#\/schema\/person\/9d664b50116f871b0cb00fa43b2527dd\"},\"headline\":\"[:ca]Neixen els 20 Segons de Terror[:es]Nacen los 20 Segundos de Terror[:en]New 20 Seconds Horror Video Contest[:]\",\"datePublished\":\"2015-08-31T19:00:42+00:00\",\"mainEntityOfPage\":{\"@id\":\"https:\/\/www.molinsfilmfestival.com\/2015\/08\/31\/caneixen-els-20-segons-de-terroresnacen-los-20-segundos-de-terrorennew-20-seconds-horror-video-contest\/\"},\"wordCount\":106,\"commentCount\":0,\"publisher\":{\"@id\":\"https:\/\/www.molinsfilmfestival.com\/#organization\"},\"inLanguage\":\"en-GB\"},{\"@type\":\"WebPage\",\"@id\":\"https:\/\/www.molinsfilmfestival.com\/2015\/08\/31\/caneixen-els-20-segons-de-terroresnacen-los-20-segundos-de-terrorennew-20-seconds-horror-video-contest\/\",\"url\":\"https:\/\/www.molinsfilmfestival.com\/2015\/08\/31\/caneixen-els-20-segons-de-terroresnacen-los-20-segundos-de-terrorennew-20-seconds-horror-video-contest\/\",\"name\":\"[:ca]Neixen els 20 Segons de Terror[:es]Nacen los 20 Segundos de Terror[:en]New 20 Seconds Horror Video Contest[:] | Molins Horror Film Festival\",\"isPartOf\":{\"@id\":\"https:\/\/www.molinsfilmfestival.com\/#website\"},\"datePublished\":\"2015-08-31T19:00:42+00:00\",\"breadcrumb\":{\"@id\":\"https:\/\/www.molinsfilmfestival.com\/2015\/08\/31\/caneixen-els-20-segons-de-terroresnacen-los-20-segundos-de-terrorennew-20-seconds-horror-video-contest\/#breadcrumb\"},\"inLanguage\":\"en-GB\",\"potentialAction\":[{\"@type\":\"ReadAction\",\"target\":[\"https:\/\/www.molinsfilmfestival.com\/2015\/08\/31\/caneixen-els-20-segons-de-terroresnacen-los-20-segundos-de-terrorennew-20-seconds-horror-video-contest\/\"]}]},{\"@type\":\"BreadcrumbList\",\"@id\":\"https:\/\/www.molinsfilmfestival.com\/2015\/08\/31\/caneixen-els-20-segons-de-terroresnacen-los-20-segundos-de-terrorennew-20-seconds-horror-video-contest\/#breadcrumb\",\"itemListElement\":[{\"@type\":\"ListItem\",\"position\":1,\"name\":\"Inici\",\"item\":\"https:\/\/www.molinsfilmfestival.com\/\"},{\"@type\":\"ListItem\",\"position\":2,\"name\":\"[:ca]Neixen els 20 Segons de Terror[:es]Nacen los 20 Segundos de Terror[:en]New 20 Seconds Horror Video Contest[:]\"}]},{\"@type\":\"WebSite\",\"@id\":\"https:\/\/www.molinsfilmfestival.com\/#website\",\"url\":\"https:\/\/www.molinsfilmfestival.com\/\",\"name\":\"Molins Horror Film Festival\",\"description\":\"Festival de Cine de Terror de Molins de Rei\",\"publisher\":{\"@id\":\"https:\/\/www.molinsfilmfestival.com\/#organization\"},\"potentialAction\":[{\"@type\":\"SearchAction\",\"target\":{\"@type\":\"EntryPoint\",\"urlTemplate\":\"https:\/\/www.molinsfilmfestival.com\/?s={search_term_string}\"},\"query-input\":{\"@type\":\"PropertyValueSpecification\",\"valueRequired\":true,\"valueName\":\"search_term_string\"}}],\"inLanguage\":\"en-GB\"},{\"@type\":\"Organization\",\"@id\":\"https:\/\/www.molinsfilmfestival.com\/#organization\",\"name\":\"Molins Horror Film Festival\",\"url\":\"https:\/\/www.molinsfilmfestival.com\/\",\"logo\":{\"@type\":\"ImageObject\",\"inLanguage\":\"en-GB\",\"@id\":\"https:\/\/www.molinsfilmfestival.com\/#\/schema\/logo\/image\/\",\"url\":\"https:\/\/www.molinsfilmfestival.com\/wp-content\/uploads\/2025\/05\/terrormolins_logo.svg\",\"contentUrl\":\"https:\/\/www.molinsfilmfestival.com\/wp-content\/uploads\/2025\/05\/terrormolins_logo.svg\",\"caption\":\"Molins Horror Film Festival\"},\"image\":{\"@id\":\"https:\/\/www.molinsfilmfestival.com\/#\/schema\/logo\/image\/\"}},{\"@type\":\"Person\",\"@id\":\"https:\/\/www.molinsfilmfestival.com\/#\/schema\/person\/9d664b50116f871b0cb00fa43b2527dd\",\"name\":\"terrormolins\",\"image\":{\"@type\":\"ImageObject\",\"inLanguage\":\"en-GB\",\"@id\":\"https:\/\/www.molinsfilmfestival.com\/#\/schema\/person\/image\/\",\"url\":\"https:\/\/secure.gravatar.com\/avatar\/591ccac8e3772fe3891dbd3892fd2232dbe1beb33ebbae4b228747f35168dcc6?s=96&d=mm&r=g\",\"contentUrl\":\"https:\/\/secure.gravatar.com\/avatar\/591ccac8e3772fe3891dbd3892fd2232dbe1beb33ebbae4b228747f35168dcc6?s=96&d=mm&r=g\",\"caption\":\"terrormolins\"},\"sameAs\":[\"https:\/\/temporal.molinsfilmfestival.com\"],\"url\":\"https:\/\/www.molinsfilmfestival.com\/eng\/author\/terrormolins\/\"}]}<\/script>\n<!-- \/ Yoast SEO plugin. -->","yoast_head_json":{"title":"[:ca]The 20 Seconds of Terror are Born[:es]The 20 Seconds of Terror are Born[:en]New 20 Seconds Horror Video Contest[:] | Molins Horror Film Festival","robots":{"index":"index","follow":"follow","max-snippet":"max-snippet:-1","max-image-preview":"max-image-preview:large","max-video-preview":"max-video-preview:-1"},"canonical":"https:\/\/www.molinsfilmfestival.com\/eng\/2015\/08\/31\/caneixen-els-20-segons-de-terroresnacen-los-20-segundos-de-terrorennew-20-seconds-horror-video-contest\/","og_locale":"en_GB","og_type":"article","og_title":"[:ca]Neixen els 20 Segons de Terror[:es]Nacen los 20 Segundos de Terror[:en]New 20 Seconds Horror Video Contest[:] | Molins Horror Film Festival","og_description":"[:ca]Es llan\u00e7a la primera edici\u00f3 del Concurs de V\u00eddeos de Terror de 20 Segons. Va comen\u00e7ar acotat a Twitter per acabar ampliant-se a altres xarxes en edicions posteriors.[:es]Se lanza la primera edici\u00f3n del Concurso de V\u00eddeos de Terror de 20 Segundos. Empez\u00f3 acotado a Twitter para acabar ampli\u00e1ndose a otras redes en ediciones posteriores.[:en]The first [&hellip;]","og_url":"https:\/\/www.molinsfilmfestival.com\/eng\/2015\/08\/31\/caneixen-els-20-segons-de-terroresnacen-los-20-segundos-de-terrorennew-20-seconds-horror-video-contest\/","og_site_name":"Molins Horror Film Festival","article_published_time":"2015-08-31T19:00:42+00:00","author":"terrormolins","twitter_card":"summary_large_image","twitter_misc":{"Written by":"terrormolins"},"schema":{"@context":"https:\/\/schema.org","@graph":[{"@type":"Article","@id":"https:\/\/www.molinsfilmfestival.com\/2015\/08\/31\/caneixen-els-20-segons-de-terroresnacen-los-20-segundos-de-terrorennew-20-seconds-horror-video-contest\/#article","isPartOf":{"@id":"https:\/\/www.molinsfilmfestival.com\/2015\/08\/31\/caneixen-els-20-segons-de-terroresnacen-los-20-segundos-de-terrorennew-20-seconds-horror-video-contest\/"},"author":{"name":"terrormolins","@id":"https:\/\/www.molinsfilmfestival.com\/#\/schema\/person\/9d664b50116f871b0cb00fa43b2527dd"},"headline":"[:ca]Neixen els 20 Segons de Terror[:es]Nacen los 20 Segundos de Terror[:en]New 20 Seconds Horror Video Contest[:]","datePublished":"2015-08-31T19:00:42+00:00","mainEntityOfPage":{"@id":"https:\/\/www.molinsfilmfestival.com\/2015\/08\/31\/caneixen-els-20-segons-de-terroresnacen-los-20-segundos-de-terrorennew-20-seconds-horror-video-contest\/"},"wordCount":106,"commentCount":0,"publisher":{"@id":"https:\/\/www.molinsfilmfestival.com\/#organization"},"inLanguage":"en-GB"},{"@type":"WebPage","@id":"https:\/\/www.molinsfilmfestival.com\/2015\/08\/31\/caneixen-els-20-segons-de-terroresnacen-los-20-segundos-de-terrorennew-20-seconds-horror-video-contest\/","url":"https:\/\/www.molinsfilmfestival.com\/2015\/08\/31\/caneixen-els-20-segons-de-terroresnacen-los-20-segundos-de-terrorennew-20-seconds-horror-video-contest\/","name":"[:ca]The 20 Seconds of Terror are Born[:es]The 20 Seconds of Terror are Born[:en]New 20 Seconds Horror Video Contest[:] | Molins Horror Film Festival","isPartOf":{"@id":"https:\/\/www.molinsfilmfestival.com\/#website"},"datePublished":"2015-08-31T19:00:42+00:00","breadcrumb":{"@id":"https:\/\/www.molinsfilmfestival.com\/2015\/08\/31\/caneixen-els-20-segons-de-terroresnacen-los-20-segundos-de-terrorennew-20-seconds-horror-video-contest\/#breadcrumb"},"inLanguage":"en-GB","potentialAction":[{"@type":"ReadAction","target":["https:\/\/www.molinsfilmfestival.com\/2015\/08\/31\/caneixen-els-20-segons-de-terroresnacen-los-20-segundos-de-terrorennew-20-seconds-horror-video-contest\/"]}]},{"@type":"BreadcrumbList","@id":"https:\/\/www.molinsfilmfestival.com\/2015\/08\/31\/caneixen-els-20-segons-de-terroresnacen-los-20-segundos-de-terrorennew-20-seconds-horror-video-contest\/#breadcrumb","itemListElement":[{"@type":"ListItem","position":1,"name":"Inici","item":"https:\/\/www.molinsfilmfestival.com\/"},{"@type":"ListItem","position":2,"name":"[:ca]Neixen els 20 Segons de Terror[:es]Nacen los 20 Segundos de Terror[:en]New 20 Seconds Horror Video Contest[:]"}]},{"@type":"WebSite","@id":"https:\/\/www.molinsfilmfestival.com\/#website","url":"https:\/\/www.molinsfilmfestival.com\/","name":"Molins Horror Film Festival","description":"Molins de Rei Horror Film Festival","publisher":{"@id":"https:\/\/www.molinsfilmfestival.com\/#organization"},"potentialAction":[{"@type":"SearchAction","target":{"@type":"EntryPoint","urlTemplate":"https:\/\/www.molinsfilmfestival.com\/?s={search_term_string}"},"query-input":{"@type":"PropertyValueSpecification","valueRequired":true,"valueName":"search_term_string"}}],"inLanguage":"en-GB"},{"@type":"Organization","@id":"https:\/\/www.molinsfilmfestival.com\/#organization","name":"Molins Horror Film Festival","url":"https:\/\/www.molinsfilmfestival.com\/","logo":{"@type":"ImageObject","inLanguage":"en-GB","@id":"https:\/\/www.molinsfilmfestival.com\/#\/schema\/logo\/image\/","url":"https:\/\/www.molinsfilmfestival.com\/wp-content\/uploads\/2025\/05\/terrormolins_logo.svg","contentUrl":"https:\/\/www.molinsfilmfestival.com\/wp-content\/uploads\/2025\/05\/terrormolins_logo.svg","caption":"Molins Horror Film Festival"},"image":{"@id":"https:\/\/www.molinsfilmfestival.com\/#\/schema\/logo\/image\/"}},{"@type":"Person","@id":"https:\/\/www.molinsfilmfestival.com\/#\/schema\/person\/9d664b50116f871b0cb00fa43b2527dd","name":"terrormills","image":{"@type":"ImageObject","inLanguage":"en-GB","@id":"https:\/\/www.molinsfilmfestival.com\/#\/schema\/person\/image\/","url":"https:\/\/secure.gravatar.com\/avatar\/591ccac8e3772fe3891dbd3892fd2232dbe1beb33ebbae4b228747f35168dcc6?s=96&d=mm&r=g","contentUrl":"https:\/\/secure.gravatar.com\/avatar\/591ccac8e3772fe3891dbd3892fd2232dbe1beb33ebbae4b228747f35168dcc6?s=96&d=mm&r=g","caption":"terrormolins"},"sameAs":["https:\/\/temporal.molinsfilmfestival.com"],"url":"https:\/\/www.molinsfilmfestival.com\/eng\/author\/terrormolins\/"}]}},"_links":{"self":[{"href":"https:\/\/www.molinsfilmfestival.com\/eng\/wp-json\/wp\/v2\/posts\/5159","targetHints":{"allow":["GET"]}}],"collection":[{"href":"https:\/\/www.molinsfilmfestival.com\/eng\/wp-json\/wp\/v2\/posts"}],"about":[{"href":"https:\/\/www.molinsfilmfestival.com\/eng\/wp-json\/wp\/v2\/types\/post"}],"author":[{"embeddable":true,"href":"https:\/\/www.molinsfilmfestival.com\/eng\/wp-json\/wp\/v2\/users\/1"}],"replies":[{"embeddable":true,"href":"https:\/\/www.molinsfilmfestival.com\/eng\/wp-json\/wp\/v2\/comments?post=5159"}],"version-history":[{"count":0,"href":"https:\/\/www.molinsfilmfestival.com\/eng\/wp-json\/wp\/v2\/posts\/5159\/revisions"}],"wp:attachment":[{"href":"https:\/\/www.molinsfilmfestival.com\/eng\/wp-json\/wp\/v2\/media?parent=5159"}],"wp:term":[{"taxonomy":"category","embeddable":true,"href":"https:\/\/www.molinsfilmfestival.com\/eng\/wp-json\/wp\/v2\/categories?post=5159"},{"taxonomy":"post_tag","embeddable":true,"href":"https:\/\/www.molinsfilmfestival.com\/eng\/wp-json\/wp\/v2\/tags?post=5159"}],"curies":[{"name":"wp","href":"https:\/\/api.w.org\/{rel}","templated":true}]}}