{"id":10875,"date":"2019-08-28T17:43:08","date_gmt":"2019-08-28T15:43:08","guid":{"rendered":"https:\/\/temporal.molinsfilmfestival.com\/2019\/08\/28\/caduel-de-curtmetratges-entre-festivals-fant-bilbao-vs-fantosfreakesduelo-de-cortometrajes-entre-festivales-fant-bilbao-vs-fantosfreakenshort-films-duel-between-festivals-fant-bilbao-vs-16\/"},"modified":"2019-08-28T17:43:08","modified_gmt":"2019-08-28T15:43:08","slug":"caduel-de-curtmetratges-entre-festivals-fant-bilbao-vs-fantosfreakesduelo-de-cortometrajes-entre-festivales-fant-bilbao-vs-fantosfreakenshort-films-duel-between-festivals-fant-bilbao-vs-16","status":"publish","type":"post","link":"https:\/\/www.molinsfilmfestival.com\/esp\/2019\/08\/28\/caduel-de-curtmetratges-entre-festivals-fant-bilbao-vs-fantosfreakesduelo-de-cortometrajes-entre-festivales-fant-bilbao-vs-fantosfreakenshort-films-duel-between-festivals-fant-bilbao-vs-16\/","title":{"rendered":"[:es]Duelo de cortometrajes entre Festivales: Fant Bilbao vs. Fantosfreak[:es]Duelo de cortometrajes entre Festivales: Fant Bilbao vs. Fantosfreak[:en]Short Films duelo between Festivales: Fant Bilbao vs. Fantosfreak[:]"},"content":{"rendered":"<p>[:es]Nos acompa\u00f1ar\u00e1n como responsables de estos dos Festivales, miembros del TAC como nosotros, sus responsables <strong>Rafa Dengr\u00e0 (<a href=\"https:\/\/www.fantosfreak.com\/\" rel=\"noopener noreferrer\" target=\"_blank\">Fantosfreak<\/a>)<\/strong> i <strong>Francisco Javier Donate (<a href=\"http:\/\/fantbilbao.eus\/web\/\" rel=\"noopener noreferrer\" target=\"_blank\">FantBilbao<\/a>)<\/strong>.<\/p>\n<h2>Si te gustan los cortometrajes, el <strong>jueves 15 de noviembre las 21:30 h.<\/strong> tienes una cita con terrorMolins en la <strong>Sala G\u00f3tica<\/strong> de Molins de Rei para disfrutar del <strong>duelo de cortos<\/strong> entre dos festivales amigos, Fantosfreak y FantBilbao.<\/h2>\n<p>Prep\u00e1rate para una sesi\u00f3n sorprendente a la vez que divertida que terminar\u00e1 en uno de los dos Festivales alz\u00e1ndose como ganador.<\/p>\n<h3>\u00bfTe lo vas a perder?<\/h3>\n<p>[:es]Nos acompa\u00f1ar\u00e1n como responsables de estos dos Festivales, ambos miembros del TAC como nosotros, sus responsables <strong>Rafa Dengr\u00e0 (<a href=\"https:\/\/www.fantosfreak.com\/\" rel=\"noopener noreferrer\" target=\"_blank\">Fantosfreak<\/a>)<\/strong> y <strong>Francisco Javier Donate (<a href=\"http:\/\/fantbilbao.eus\/web\/\" rel=\"noopener noreferrer\" target=\"_blank\">FantBilbao<\/a>)<\/strong>.<\/p>\n<h2>Si te gustan los cortometrajes, el <strong>jueves 15 de noviembre las 21:30h.<\/strong> tienes una cita con terrorMolins en la <strong>Sala G\u00f3tica<\/strong> de Molins de Rei para disfrutar del <strong>duelo de cortos<\/strong> entre dos festivales amigos, Fantosfreak y FantBilbao.<\/h2>\n<p>Prep\u00e1rate para una sesi\u00f3n sorprendente a la vez que divertida que terminar\u00e1 en uno de los dos cert\u00e1menes erigi\u00e9ndose como ganador.<\/p>\n<h3>\u00bfTe lo vas a perder?<\/h3>\n<p>[:en]<strong>Rafa Dengr\u00e0 (<a href=\"https:\/\/www.fantosfreak.com\/\" rel=\"noopener noreferrer\" target=\"_blank\">Fantosfreak<\/a>)<\/strong> and <strong>Francisco Javier Donate (<a href=\"http:\/\/fantbilbao.eus\/web\/\" rel=\"noopener noreferrer\" target=\"_blank\">FantBilbao<\/a>)<\/strong> will accompany os a los managers of these two Festivals, both TAC members like us.<\/p>\n<h2>Hasta hace algunos filmes, en el Thursday, November 15th at 9:30 pm hab\u00eda sido appointment with Molins Film Festival en la Sala G\u00f3tica de Molins de Rei para enjoyar el duelo de las shorts durante 2 festivales que consideran friends, Fantos.<\/h2>\n<p>Get ready for amazing and funny session that will end in one of the two festivals becoming the great winner.<\/p>\n<h3>\u00bfAre you going to miss it?<\/h3>\n<p>[:]<\/p>","protected":false},"excerpt":{"rendered":"<p>[:ca]Ens acompanyaran com a responsables d&#8217;aquests dos Festivals, membres del TAC com nosaltres, els seus responsables Rafa Dengr\u00e0 (Fantosfreak) i Francisco Javier Donate (FantBilbao). Si t&#8217;agraden els curtmetratges, el dijous 15 de novembre les 21:30h. tens una cita amb terrorMolins a la Sala G\u00f2tica de Molins de Rei per gaudir del duel de curts entre [&hellip;]<\/p>","protected":false},"author":1,"featured_media":0,"comment_status":"open","ping_status":"open","sticky":false,"template":"","format":"standard","meta":{"_acf_changed":false,"footnotes":""},"categories":[],"tags":[],"class_list":["post-10875","post","type-post","status-publish","format-standard","hentry"],"acf":[],"yoast_head":"<!-- This site is optimized with the Yoast SEO plugin v26.4 - https:\/\/yoast.com\/wordpress\/plugins\/seo\/ -->\n<title>[:ca]Duel de curtmetratges entre Festivals: Fant Bilbao vs. Fantosfreak[:es]Duelo de cortometrajes entre Festivales: Fant Bilbao vs. Fantosfreak[:en]Short Films duel between Festivals: Fant Bilbao vs. Fantosfreak[:] | Molins Horror Film Festival<\/title>\n<meta name=\"robots\" content=\"index, follow, max-snippet:-1, max-image-preview:large, max-video-preview:-1\" \/>\n<link rel=\"canonical\" href=\"https:\/\/www.molinsfilmfestival.com\/esp\/2019\/08\/28\/caduel-de-curtmetratges-entre-festivals-fant-bilbao-vs-fantosfreakesduelo-de-cortometrajes-entre-festivales-fant-bilbao-vs-fantosfreakenshort-films-duel-between-festivals-fant-bilbao-vs-16\/\" \/>\n<meta property=\"og:locale\" content=\"es_ES\" \/>\n<meta property=\"og:type\" content=\"article\" \/>\n<meta property=\"og:title\" content=\"[:ca]Duel de curtmetratges entre Festivals: Fant Bilbao vs. Fantosfreak[:es]Duelo de cortometrajes entre Festivales: Fant Bilbao vs. Fantosfreak[:en]Short Films duel between Festivals: Fant Bilbao vs. Fantosfreak[:] | Molins Horror Film Festival\" \/>\n<meta property=\"og:description\" content=\"[:ca]Ens acompanyaran com a responsables d&#8217;aquests dos Festivals, membres del TAC com nosaltres, els seus responsables Rafa Dengr\u00e0 (Fantosfreak) i Francisco Javier Donate (FantBilbao). Si t&#8217;agraden els curtmetratges, el dijous 15 de novembre les 21:30h. tens una cita amb terrorMolins a la Sala G\u00f2tica de Molins de Rei per gaudir del duel de curts entre [&hellip;]\" \/>\n<meta property=\"og:url\" content=\"https:\/\/www.molinsfilmfestival.com\/esp\/2019\/08\/28\/caduel-de-curtmetratges-entre-festivals-fant-bilbao-vs-fantosfreakesduelo-de-cortometrajes-entre-festivales-fant-bilbao-vs-fantosfreakenshort-films-duel-between-festivals-fant-bilbao-vs-16\/\" \/>\n<meta property=\"og:site_name\" content=\"Molins Horror Film Festival\" \/>\n<meta property=\"article:published_time\" content=\"2019-08-28T15:43:08+00:00\" \/>\n<meta name=\"author\" content=\"terrormolins\" \/>\n<meta name=\"twitter:card\" content=\"summary_large_image\" \/>\n<meta name=\"twitter:label1\" content=\"Escrito por\" \/>\n\t<meta name=\"twitter:data1\" content=\"terrormolins\" \/>\n\t<meta name=\"twitter:label2\" content=\"Tiempo de lectura\" \/>\n\t<meta name=\"twitter:data2\" content=\"1 minuto\" \/>\n<script type=\"application\/ld+json\" class=\"yoast-schema-graph\">{\"@context\":\"https:\/\/schema.org\",\"@graph\":[{\"@type\":\"Article\",\"@id\":\"https:\/\/www.molinsfilmfestival.com\/2019\/08\/28\/caduel-de-curtmetratges-entre-festivals-fant-bilbao-vs-fantosfreakesduelo-de-cortometrajes-entre-festivales-fant-bilbao-vs-fantosfreakenshort-films-duel-between-festivals-fant-bilbao-vs-16\/#article\",\"isPartOf\":{\"@id\":\"https:\/\/www.molinsfilmfestival.com\/2019\/08\/28\/caduel-de-curtmetratges-entre-festivals-fant-bilbao-vs-fantosfreakesduelo-de-cortometrajes-entre-festivales-fant-bilbao-vs-fantosfreakenshort-films-duel-between-festivals-fant-bilbao-vs-16\/\"},\"author\":{\"name\":\"terrormolins\",\"@id\":\"https:\/\/www.molinsfilmfestival.com\/#\/schema\/person\/9d664b50116f871b0cb00fa43b2527dd\"},\"headline\":\"[:ca]Duel de curtmetratges entre Festivals: Fant Bilbao vs. Fantosfreak[:es]Duelo de cortometrajes entre Festivales: Fant Bilbao vs. Fantosfreak[:en]Short Films duel between Festivals: Fant Bilbao vs. Fantosfreak[:]\",\"datePublished\":\"2019-08-28T15:43:08+00:00\",\"mainEntityOfPage\":{\"@id\":\"https:\/\/www.molinsfilmfestival.com\/2019\/08\/28\/caduel-de-curtmetratges-entre-festivals-fant-bilbao-vs-fantosfreakesduelo-de-cortometrajes-entre-festivales-fant-bilbao-vs-fantosfreakenshort-films-duel-between-festivals-fant-bilbao-vs-16\/\"},\"wordCount\":309,\"commentCount\":0,\"publisher\":{\"@id\":\"https:\/\/www.molinsfilmfestival.com\/#organization\"},\"inLanguage\":\"es\"},{\"@type\":\"WebPage\",\"@id\":\"https:\/\/www.molinsfilmfestival.com\/2019\/08\/28\/caduel-de-curtmetratges-entre-festivals-fant-bilbao-vs-fantosfreakesduelo-de-cortometrajes-entre-festivales-fant-bilbao-vs-fantosfreakenshort-films-duel-between-festivals-fant-bilbao-vs-16\/\",\"url\":\"https:\/\/www.molinsfilmfestival.com\/2019\/08\/28\/caduel-de-curtmetratges-entre-festivals-fant-bilbao-vs-fantosfreakesduelo-de-cortometrajes-entre-festivales-fant-bilbao-vs-fantosfreakenshort-films-duel-between-festivals-fant-bilbao-vs-16\/\",\"name\":\"[:ca]Duel de curtmetratges entre Festivals: Fant Bilbao vs. Fantosfreak[:es]Duelo de cortometrajes entre Festivales: Fant Bilbao vs. Fantosfreak[:en]Short Films duel between Festivals: Fant Bilbao vs. Fantosfreak[:] | Molins Horror Film Festival\",\"isPartOf\":{\"@id\":\"https:\/\/www.molinsfilmfestival.com\/#website\"},\"datePublished\":\"2019-08-28T15:43:08+00:00\",\"breadcrumb\":{\"@id\":\"https:\/\/www.molinsfilmfestival.com\/2019\/08\/28\/caduel-de-curtmetratges-entre-festivals-fant-bilbao-vs-fantosfreakesduelo-de-cortometrajes-entre-festivales-fant-bilbao-vs-fantosfreakenshort-films-duel-between-festivals-fant-bilbao-vs-16\/#breadcrumb\"},\"inLanguage\":\"es\",\"potentialAction\":[{\"@type\":\"ReadAction\",\"target\":[\"https:\/\/www.molinsfilmfestival.com\/2019\/08\/28\/caduel-de-curtmetratges-entre-festivals-fant-bilbao-vs-fantosfreakesduelo-de-cortometrajes-entre-festivales-fant-bilbao-vs-fantosfreakenshort-films-duel-between-festivals-fant-bilbao-vs-16\/\"]}]},{\"@type\":\"BreadcrumbList\",\"@id\":\"https:\/\/www.molinsfilmfestival.com\/2019\/08\/28\/caduel-de-curtmetratges-entre-festivals-fant-bilbao-vs-fantosfreakesduelo-de-cortometrajes-entre-festivales-fant-bilbao-vs-fantosfreakenshort-films-duel-between-festivals-fant-bilbao-vs-16\/#breadcrumb\",\"itemListElement\":[{\"@type\":\"ListItem\",\"position\":1,\"name\":\"Inici\",\"item\":\"https:\/\/www.molinsfilmfestival.com\/\"},{\"@type\":\"ListItem\",\"position\":2,\"name\":\"[:ca]Duel de curtmetratges entre Festivals: Fant Bilbao vs. Fantosfreak[:es]Duelo de cortometrajes entre Festivales: Fant Bilbao vs. Fantosfreak[:en]Short Films duel between Festivals: Fant Bilbao vs. Fantosfreak[:]\"}]},{\"@type\":\"WebSite\",\"@id\":\"https:\/\/www.molinsfilmfestival.com\/#website\",\"url\":\"https:\/\/www.molinsfilmfestival.com\/\",\"name\":\"Molins Horror Film Festival\",\"description\":\"Festival de Cine de Terror de Molins de Rei\",\"publisher\":{\"@id\":\"https:\/\/www.molinsfilmfestival.com\/#organization\"},\"potentialAction\":[{\"@type\":\"SearchAction\",\"target\":{\"@type\":\"EntryPoint\",\"urlTemplate\":\"https:\/\/www.molinsfilmfestival.com\/?s={search_term_string}\"},\"query-input\":{\"@type\":\"PropertyValueSpecification\",\"valueRequired\":true,\"valueName\":\"search_term_string\"}}],\"inLanguage\":\"es\"},{\"@type\":\"Organization\",\"@id\":\"https:\/\/www.molinsfilmfestival.com\/#organization\",\"name\":\"Molins Horror Film Festival\",\"url\":\"https:\/\/www.molinsfilmfestival.com\/\",\"logo\":{\"@type\":\"ImageObject\",\"inLanguage\":\"es\",\"@id\":\"https:\/\/www.molinsfilmfestival.com\/#\/schema\/logo\/image\/\",\"url\":\"https:\/\/www.molinsfilmfestival.com\/wp-content\/uploads\/2025\/05\/terrormolins_logo.svg\",\"contentUrl\":\"https:\/\/www.molinsfilmfestival.com\/wp-content\/uploads\/2025\/05\/terrormolins_logo.svg\",\"caption\":\"Molins Horror Film Festival\"},\"image\":{\"@id\":\"https:\/\/www.molinsfilmfestival.com\/#\/schema\/logo\/image\/\"}},{\"@type\":\"Person\",\"@id\":\"https:\/\/www.molinsfilmfestival.com\/#\/schema\/person\/9d664b50116f871b0cb00fa43b2527dd\",\"name\":\"terrormolins\",\"image\":{\"@type\":\"ImageObject\",\"inLanguage\":\"es\",\"@id\":\"https:\/\/www.molinsfilmfestival.com\/#\/schema\/person\/image\/\",\"url\":\"https:\/\/secure.gravatar.com\/avatar\/591ccac8e3772fe3891dbd3892fd2232dbe1beb33ebbae4b228747f35168dcc6?s=96&d=mm&r=g\",\"contentUrl\":\"https:\/\/secure.gravatar.com\/avatar\/591ccac8e3772fe3891dbd3892fd2232dbe1beb33ebbae4b228747f35168dcc6?s=96&d=mm&r=g\",\"caption\":\"terrormolins\"},\"sameAs\":[\"https:\/\/temporal.molinsfilmfestival.com\"],\"url\":\"https:\/\/www.molinsfilmfestival.com\/esp\/author\/terrormolins\/\"}]}<\/script>\n<!-- \/ Yoast SEO plugin. -->","yoast_head_json":{"title":"[:ca]Duel de curtmetratges entre Festivals: Fant Bilbao vs. Fantosfreak[:es]Duelo de cortometrajes entre Festivales: Fant Bilbao vs. Fantosfreak[:en]Short Films duel between Festivals: Fant Bilbao vs. Fantosfreak[:] | Molins Horror Film Festival","robots":{"index":"index","follow":"follow","max-snippet":"max-snippet:-1","max-image-preview":"max-image-preview:large","max-video-preview":"max-video-preview:-1"},"canonical":"https:\/\/www.molinsfilmfestival.com\/esp\/2019\/08\/28\/caduel-de-curtmetratges-entre-festivals-fant-bilbao-vs-fantosfreakesduelo-de-cortometrajes-entre-festivales-fant-bilbao-vs-fantosfreakenshort-films-duel-between-festivals-fant-bilbao-vs-16\/","og_locale":"es_ES","og_type":"article","og_title":"[:ca]Duel de curtmetratges entre Festivals: Fant Bilbao vs. Fantosfreak[:es]Duelo de cortometrajes entre Festivales: Fant Bilbao vs. Fantosfreak[:en]Short Films duel between Festivals: Fant Bilbao vs. Fantosfreak[:] | Molins Horror Film Festival","og_description":"[:ca]Ens acompanyaran com a responsables d&#8217;aquests dos Festivals, membres del TAC com nosaltres, els seus responsables Rafa Dengr\u00e0 (Fantosfreak) i Francisco Javier Donate (FantBilbao). Si t&#8217;agraden els curtmetratges, el dijous 15 de novembre les 21:30h. tens una cita amb terrorMolins a la Sala G\u00f2tica de Molins de Rei per gaudir del duel de curts entre [&hellip;]","og_url":"https:\/\/www.molinsfilmfestival.com\/esp\/2019\/08\/28\/caduel-de-curtmetratges-entre-festivals-fant-bilbao-vs-fantosfreakesduelo-de-cortometrajes-entre-festivales-fant-bilbao-vs-fantosfreakenshort-films-duel-between-festivals-fant-bilbao-vs-16\/","og_site_name":"Molins Horror Film Festival","article_published_time":"2019-08-28T15:43:08+00:00","author":"terrormolins","twitter_card":"summary_large_image","twitter_misc":{"Escrito por":"terrormolins","Tiempo de lectura":"1 minuto"},"schema":{"@context":"https:\/\/schema.org","@graph":[{"@type":"Article","@id":"https:\/\/www.molinsfilmfestival.com\/2019\/08\/28\/caduel-de-curtmetratges-entre-festivals-fant-bilbao-vs-fantosfreakesduelo-de-cortometrajes-entre-festivales-fant-bilbao-vs-fantosfreakenshort-films-duel-between-festivals-fant-bilbao-vs-16\/#article","isPartOf":{"@id":"https:\/\/www.molinsfilmfestival.com\/2019\/08\/28\/caduel-de-curtmetratges-entre-festivals-fant-bilbao-vs-fantosfreakesduelo-de-cortometrajes-entre-festivales-fant-bilbao-vs-fantosfreakenshort-films-duel-between-festivals-fant-bilbao-vs-16\/"},"author":{"name":"terrormolins","@id":"https:\/\/www.molinsfilmfestival.com\/#\/schema\/person\/9d664b50116f871b0cb00fa43b2527dd"},"headline":"[:ca]Duel de curtmetratges entre Festivals: Fant Bilbao vs. Fantosfreak[:es]Duelo de cortometrajes entre Festivales: Fant Bilbao vs. Fantosfreak[:en]Short Films duel between Festivals: Fant Bilbao vs. Fantosfreak[:]","datePublished":"2019-08-28T15:43:08+00:00","mainEntityOfPage":{"@id":"https:\/\/www.molinsfilmfestival.com\/2019\/08\/28\/caduel-de-curtmetratges-entre-festivals-fant-bilbao-vs-fantosfreakesduelo-de-cortometrajes-entre-festivales-fant-bilbao-vs-fantosfreakenshort-films-duel-between-festivals-fant-bilbao-vs-16\/"},"wordCount":309,"commentCount":0,"publisher":{"@id":"https:\/\/www.molinsfilmfestival.com\/#organization"},"inLanguage":"es"},{"@type":"WebPage","@id":"https:\/\/www.molinsfilmfestival.com\/2019\/08\/28\/caduel-de-curtmetratges-entre-festivals-fant-bilbao-vs-fantosfreakesduelo-de-cortometrajes-entre-festivales-fant-bilbao-vs-fantosfreakenshort-films-duel-between-festivals-fant-bilbao-vs-16\/","url":"https:\/\/www.molinsfilmfestival.com\/2019\/08\/28\/caduel-de-curtmetratges-entre-festivals-fant-bilbao-vs-fantosfreakesduelo-de-cortometrajes-entre-festivales-fant-bilbao-vs-fantosfreakenshort-films-duel-between-festivals-fant-bilbao-vs-16\/","name":"[:ca]Duel de curtmetratges entre Festivals: Fant Bilbao vs. Fantosfreak[:es]Duelo de cortometrajes entre Festivales: Fant Bilbao vs. Fantosfreak[:en]Short Films duel between Festivals: Fant Bilbao vs. Fantosfreak[:] | Molins Horror Film Festival","isPartOf":{"@id":"https:\/\/www.molinsfilmfestival.com\/#website"},"datePublished":"2019-08-28T15:43:08+00:00","breadcrumb":{"@id":"https:\/\/www.molinsfilmfestival.com\/2019\/08\/28\/caduel-de-curtmetratges-entre-festivals-fant-bilbao-vs-fantosfreakesduelo-de-cortometrajes-entre-festivales-fant-bilbao-vs-fantosfreakenshort-films-duel-between-festivals-fant-bilbao-vs-16\/#breadcrumb"},"inLanguage":"es","potentialAction":[{"@type":"ReadAction","target":["https:\/\/www.molinsfilmfestival.com\/2019\/08\/28\/caduel-de-curtmetratges-entre-festivals-fant-bilbao-vs-fantosfreakesduelo-de-cortometrajes-entre-festivales-fant-bilbao-vs-fantosfreakenshort-films-duel-between-festivals-fant-bilbao-vs-16\/"]}]},{"@type":"BreadcrumbList","@id":"https:\/\/www.molinsfilmfestival.com\/2019\/08\/28\/caduel-de-curtmetratges-entre-festivals-fant-bilbao-vs-fantosfreakesduelo-de-cortometrajes-entre-festivales-fant-bilbao-vs-fantosfreakenshort-films-duel-between-festivals-fant-bilbao-vs-16\/#breadcrumb","itemListElement":[{"@type":"ListItem","position":1,"name":"Inici","item":"https:\/\/www.molinsfilmfestival.com\/"},{"@type":"ListItem","position":2,"name":"[:ca]Duel de curtmetratges entre Festivals: Fant Bilbao vs. Fantosfreak[:es]Duelo de cortometrajes entre Festivales: Fant Bilbao vs. Fantosfreak[:en]Short Films duel between Festivals: Fant Bilbao vs. Fantosfreak[:]"}]},{"@type":"WebSite","@id":"https:\/\/www.molinsfilmfestival.com\/#website","url":"https:\/\/www.molinsfilmfestival.com\/","name":"Molinos Horror Film Festival","description":"Festival de Cine de Terror de Molinos de Rey","publisher":{"@id":"https:\/\/www.molinsfilmfestival.com\/#organization"},"potentialAction":[{"@type":"SearchAction","target":{"@type":"EntryPoint","urlTemplate":"https:\/\/www.molinsfilmfestival.com\/?s={search_term_string}"},"query-input":{"@type":"PropertyValueSpecification","valueRequired":true,"valueName":"search_term_string"}}],"inLanguage":"es"},{"@type":"Organization","@id":"https:\/\/www.molinsfilmfestival.com\/#organization","name":"Molinos Horror Film Festival","url":"https:\/\/www.molinsfilmfestival.com\/","logo":{"@type":"ImageObject","inLanguage":"es","@id":"https:\/\/www.molinsfilmfestival.com\/#\/schema\/logo\/image\/","url":"https:\/\/www.molinsfilmfestival.com\/wp-content\/uploads\/2025\/05\/terrormolins_logo.svg","contentUrl":"https:\/\/www.molinsfilmfestival.com\/wp-content\/uploads\/2025\/05\/terrormolins_logo.svg","caption":"Molins Horror Film Festival"},"image":{"@id":"https:\/\/www.molinsfilmfestival.com\/#\/schema\/logo\/image\/"}},{"@type":"Person","@id":"https:\/\/www.molinsfilmfestival.com\/#\/schema\/person\/9d664b50116f871b0cb00fa43b2527dd","name":"terrormolinos","image":{"@type":"ImageObject","inLanguage":"es","@id":"https:\/\/www.molinsfilmfestival.com\/#\/schema\/person\/image\/","url":"https:\/\/secure.gravatar.com\/avatar\/591ccac8e3772fe3891dbd3892fd2232dbe1beb33ebbae4b228747f35168dcc6?s=96&d=mm&r=g","contentUrl":"https:\/\/secure.gravatar.com\/avatar\/591ccac8e3772fe3891dbd3892fd2232dbe1beb33ebbae4b228747f35168dcc6?s=96&d=mm&r=g","caption":"terrormolins"},"sameAs":["https:\/\/temporal.molinsfilmfestival.com"],"url":"https:\/\/www.molinsfilmfestival.com\/esp\/author\/terrormolins\/"}]}},"_links":{"self":[{"href":"https:\/\/www.molinsfilmfestival.com\/esp\/wp-json\/wp\/v2\/posts\/10875","targetHints":{"allow":["GET"]}}],"collection":[{"href":"https:\/\/www.molinsfilmfestival.com\/esp\/wp-json\/wp\/v2\/posts"}],"about":[{"href":"https:\/\/www.molinsfilmfestival.com\/esp\/wp-json\/wp\/v2\/types\/post"}],"author":[{"embeddable":true,"href":"https:\/\/www.molinsfilmfestival.com\/esp\/wp-json\/wp\/v2\/users\/1"}],"replies":[{"embeddable":true,"href":"https:\/\/www.molinsfilmfestival.com\/esp\/wp-json\/wp\/v2\/comments?post=10875"}],"version-history":[{"count":0,"href":"https:\/\/www.molinsfilmfestival.com\/esp\/wp-json\/wp\/v2\/posts\/10875\/revisions"}],"wp:attachment":[{"href":"https:\/\/www.molinsfilmfestival.com\/esp\/wp-json\/wp\/v2\/media?parent=10875"}],"wp:term":[{"taxonomy":"category","embeddable":true,"href":"https:\/\/www.molinsfilmfestival.com\/esp\/wp-json\/wp\/v2\/categories?post=10875"},{"taxonomy":"post_tag","embeddable":true,"href":"https:\/\/www.molinsfilmfestival.com\/esp\/wp-json\/wp\/v2\/tags?post=10875"}],"curies":[{"name":"wp","href":"https:\/\/api.w.org\/{rel}","templated":true}]}}