{"id":11329,"date":"2019-09-27T17:25:31","date_gmt":"2019-09-27T15:25:31","guid":{"rendered":"https:\/\/temporal.molinsfilmfestival.com\/2019\/09\/27\/caiv-concurs-de-dibuix-i-pintura-lluis-fisas-i-morenoesiv-concurso-de-dibujo-y-pintura-lluis-fisas-i-moreno-5\/"},"modified":"2019-09-27T17:25:31","modified_gmt":"2019-09-27T15:25:31","slug":"caiv-concurs-de-dibuix-i-pintura-lluis-fisas-i-morenoesiv-concurso-de-dibujo-y-pintura-lluis-fisas-i-moreno-5","status":"publish","type":"post","link":"https:\/\/www.molinsfilmfestival.com\/esp\/2019\/09\/27\/caiv-concurs-de-dibuix-i-pintura-lluis-fisas-i-morenoesiv-concurso-de-dibujo-y-pintura-lluis-fisas-i-moreno-5\/","title":{"rendered":"[:es]IV Concurso de Dibujo y Pintura Luis Fisas y Moreno[:es]IV Concurso de Dibujo y Pintura Luis Fisas y Moreno[:]"},"content":{"rendered":"<p>[:es]<img loading=\"lazy\" decoding=\"async\" src=\"http:\/\/www.molinsfilmfestival.com\/wp-content\/uploads\/2018\/09\/banner_terror_kids.png\" alt=\"Terror kids banner\" width=\"1334\" height=\"325\" class=\"alignnone size-full wp-image-10639\" \/><\/p>\n<h2>IV Concurso de Dibujo y Pintura Luis Fisas y Moreno<\/h2>\n<p>Desde el C\u00edrculo Art\u00edstico de Molins de Rei y la Concejal\u00eda de Infancia del Ayuntamiento de Molins de Rei presentamos las bases del XIII Concurso de Dibujo y Pintura Llu\u00eds Fisas i Moreno.<\/p>\n<p>Como cada a\u00f1o, con motivo de la Fiesta Mayor de la villa, se organiza el concurso de dibujo Llu\u00eds Fisas i Moreno en el que pueden participar todos los ni\u00f1os y j\u00f3venes de 6 a 18 a\u00f1os.<\/p>\n<p>El tema para esta edici\u00f3n es el Festival de Cine de Terror de Molins de Rei. Hay 3 categor\u00edas: Infantil (6 a 9 a\u00f1os), Adolescentes (10 a 14 a\u00f1os) y J\u00f3venes (de 15 a 18 a\u00f1os).<\/p>\n<p>Los trabajos presentados se expondr\u00e1n del 7 al 18 de noviembre de 2019 en el bulevar de la Federaci\u00f3n Obrera.<\/p>\n<p><strong>Entrega de los trabajos:<br \/>\nLugar: Punto Joven de Molins de Rei<\/p>\n<p>Exposici\u00f3n de los dibujos<br \/>\nFecha: del 7 al 18 de noviembre 2019 (incluidos)<br \/>\nLugar: Federaci\u00f3n Obrera de Molins de Rei<\/strong><\/p>\n<p><a href=\"http:\/\/www.molinsfilmfestival.com\/wp-content\/uploads\/2019\/09\/IV-Concurs-de-Dibuix-i-Pintura-Lluis-Fisas-i-Moreno.png\"><img loading=\"lazy\" decoding=\"async\" src=\"http:\/\/www.molinsfilmfestival.com\/wp-content\/uploads\/2019\/09\/IV-Concurs-de-Dibuix-i-Pintura-Lluis-Fisas-i-Moreno.png\" alt=\"IV Concurs de Dibuix i Pintura Lluis Fisas i Moreno\" width=\"1600\" height=\"1600\" class=\"alignnone size-full wp-image-15520\" \/><\/a><\/p>\n<blockquote><p>Os recuerdo que en esta edici\u00f3n, coincidiendo con la 38 edici\u00f3n del Festival de Cine de Terror de Molinos de Rey, el tema del concurso girar\u00e1 en torno al mundo del miedo, los monstruos y el terror.<\/p>\n<p>PRESENTACI\u00d3N:<\/p>\n<p>En el reverso de la obra se indicar\u00e1 el nombre del autor\/a, la edad, el nombre de la escuela, el t\u00edtulo de la obra y un n\u00famero de tel\u00e9fono de contacto.<\/p>\n<p>Se deber\u00e1 presentar en: Punt Jove, c. Verdaguer, 48, 08750 \u2013 Molins de Rei, de lunes a viernes, de 16 a 21 h, y mi\u00e9rcoles, de 10 a 14 h. Tel\u00e9fono de informaci\u00f3n: 93 668 54 52<\/p>\n<p>Se podr\u00e1n presentar las obras entre el 28 y el 31 de octubre de 2019.<\/p>\n<p>JURADO:<br \/>\nEl jurado estar\u00e1 formado por:<\/p>\n<p>\u2022 Dos representantes del C\u00edrculo Art\u00edstico<\/p>\n<p>\u2022 Dos representantes del Festival de Cine de Terror de Molins de Rei<\/p>\n<p>\u2022 La concejala de Infancia y Familias del Ayuntamiento de Molins de Rei<\/p>\n<p>La decisi\u00f3n del jurado se har\u00e1 p\u00fablica el d\u00eda 8 de noviembre, a las 19.00 h, en la Federaci\u00f3n Obrera, en el marco de la exposici\u00f3n que se realizar\u00e1 con las obras \ufb01nalistas de cada una de las tres categor\u00edas convocadas, y que permanecer\u00e1 abierta al p\u00fablico del 7 al 18 de noviembre de 2019, de lunes a viernes, de 16 a 21 h.<\/p><\/blockquote>\n<h3><strong><a href=\"http:\/\/www.molinsfilmfestival.com\/wp-content\/uploads\/2019\/09\/CONCURS-DIBUIX-LLUIS-FISAS.pdf\" target=\"_blank\" rel=\"noopener noreferrer\"><img loading=\"lazy\" decoding=\"async\" src=\"http:\/\/www.molinsfilmfestival.com\/wp-content\/uploads\/2018\/02\/PDF-icon-small.png\" alt=\"\" width=\"25\" height=\"32\" class=\"aligncenter size-full wp-image-8774\" \/> Descarga el cartel y las bases del concurso en pdf<\/a><\/p>\n<h3>\n<p>[:es]<img loading=\"lazy\" decoding=\"async\" src=\"http:\/\/www.molinsfilmfestival.com\/wp-content\/uploads\/2018\/09\/banner_terror_kids.png\" alt=\"Terror kids banner\" width=\"1334\" height=\"325\" class=\"alignnone size-full wp-image-10639\" \/><\/p>\n<h2>IV Concurso de Dibujo y Pintura Luis Fisas y Moreno<\/h2>\n<p>Desde el C\u00edrculo Art\u00edstico de Molinos de Rey y la Concejal\u00eda de Infancia del Ayuntamiento de Molinos de Rey presentamos las bases del XIII Concurso de Dibujo y Pintura Luis Fisas y Moreno.<\/p>\n<p>Como cada a\u00f1o, con motivo de la Fiesta Mayor del pueblo, se organiza el concurso de dibujo Llu\u00eds Fisas y Moreno en el que pueden participar todos los ni\u00f1os y j\u00f3venes de 6 a 18 a\u00f1os.<\/p>\n<p>El tema para esta edici\u00f3n es el Festival de Cine de Terror de Molins de Rei. Hay 3 categor\u00edas: Infantil (6 a 9 a\u00f1os), Adolescentes (10 a 14 a\u00f1os) y J\u00f3venes (de 15 a 18 a\u00f1os).<\/p>\n<p>Los trabajos presentados se expondr\u00e1n del 7 al 18 de noviembre de 2019 en el bulevar de la Federaci\u00f3n Obrera.<\/p>\n<p><strong>Entrega de los trabajos:<br \/>\nLugar: Punto Joven de Molins de Rei<\/p>\n<p>Exposici\u00f3n de los dibujos<br \/>\nFecha: del 7 al 18 de noviembre 2019 (incluidos)<br \/>\nLugar: Federaci\u00f3n Obrera de Molinos de Rey<\/strong><\/p>\n<p><a href=\"http:\/\/www.molinsfilmfestival.com\/wp-content\/uploads\/2019\/09\/IV-Concurs-de-Dibuix-i-Pintura-Lluis-Fisas-i-Moreno.png\"><img loading=\"lazy\" decoding=\"async\" src=\"http:\/\/www.molinsfilmfestival.com\/wp-content\/uploads\/2019\/09\/IV-Concurs-de-Dibuix-i-Pintura-Lluis-Fisas-i-Moreno.png\" alt=\"IV Concurs de Dibuix i Pintura Lluis Fisas i Moreno\" width=\"1600\" height=\"1600\" class=\"alignnone size-full wp-image-15520\" \/><\/a><\/p>\n<blockquote><p>Os recordemos que en esta edici\u00f3n, coincidiendo con la 38\u00aa edici\u00f3n del Festival de Cine de Terror de Molinos de Rey, el tema del concurso girar\u00e1 en torno al mundo del miedo, los monstruos y el terror.<\/p>\n<p>PRESENTACI\u00d3N:<\/p>\n<p>En el reverso de la obra se indicar\u00e1 el n\u00famero del autor\/a, la edad, el n\u00famero de la escuela, el t\u00edtulo de la obra y un n\u00famero de tel\u00e9fono de contacto.<\/p>\n<p>Se tendr\u00e1 que presentar en: Punto Joven, c. Verdaguer, 48, 08750 \u2013 Molins de Rei, de lunes a viernes, de 16 a 21 h, y mi\u00e9rcoles, de 10 a 14 h. Tel\u00e9fono de informaci\u00f3n: 93 668 54 52<\/p>\n<p>Se podr\u00e1n presentar las obras entre el 28 y el 31 de octubre de 2019.<\/p>\n<p>JURADO:<br \/>\nEl jurado estar\u00e1 formado por:<\/p>\n<p>\u2022 Dos representantes del C\u00edrculo Art\u00edstico<\/p>\n<p>\u2022 Dos representantes del Festival de Cine de Terror de Molins de Rei<\/p>\n<p>\u2022 La concejala de Infancia y Familias del Ayuntamiento de Molins de Rei<\/p>\n<p>La decisi\u00f3n del jurado se har\u00e1 p\u00fablica el d\u00eda 8 de noviembre, a las 19.00 h, en la Federaci\u00f3n Obrera, en el marco de la exposici\u00f3n que se har\u00e1 con las obras \ufb01nalistas de cada una de las tres categor\u00edas convocadas, y que permanecer\u00e1 abierta al p\u00fablico del 7 al 18 de noviembre de 2019, de lunes a viernes, de 16 a 2.<\/p><\/blockquote>\n<h3><strong><a href=\"http:\/\/www.molinsfilmfestival.com\/wp-content\/uploads\/2019\/09\/CONCURS-DIBUIX-LLUIS-FISAS.pdf\" target=\"_blank\" rel=\"noopener noreferrer\"><img loading=\"lazy\" decoding=\"async\" src=\"http:\/\/www.molinsfilmfestival.com\/wp-content\/uploads\/2018\/02\/PDF-icon-small.png\" alt=\"\" width=\"25\" height=\"32\" class=\"aligncenter size-full wp-image-8774\" \/> Descarga el cartel y las bases del concurso en pdf<\/a><\/h3>\n<p>[:]<\/p>","protected":false},"excerpt":{"rendered":"<p>[:es] IV Concurso de Dibujo y Pintura Luis Fisas y Moreno Desde el C\u00edrculo Art\u00edstico de Molinos de Rey y la Concejal\u00eda de Infancia del Ayuntamiento de Molins de Rei presentamos las bases del XIII Concurso de Dibujo y Pintura Luis Fisas y Moreno. Como cada a\u00f1o, con motivo de la Fiesta Mayor de la villa, [\u2026]<\/p>","protected":false},"author":1,"featured_media":0,"comment_status":"open","ping_status":"open","sticky":false,"template":"","format":"standard","meta":{"_acf_changed":false,"footnotes":""},"categories":[],"tags":[],"class_list":["post-11329","post","type-post","status-publish","format-standard","hentry"],"acf":[],"yoast_head":"<!-- This site is optimized with the Yoast SEO plugin v26.4 - https:\/\/yoast.com\/wordpress\/plugins\/seo\/ -->\n<title>[:ca]IV Concurs de Dibuix i Pintura Lluis Fisas i Moreno[:es]IV Concurso de Dibujo y Pintura Lluis Fisas i Moreno[:] | Molins Horror Film Festival<\/title>\n<meta name=\"robots\" content=\"index, follow, max-snippet:-1, max-image-preview:large, max-video-preview:-1\" \/>\n<link rel=\"canonical\" href=\"https:\/\/www.molinsfilmfestival.com\/esp\/2019\/09\/27\/caiv-concurs-de-dibuix-i-pintura-lluis-fisas-i-morenoesiv-concurso-de-dibujo-y-pintura-lluis-fisas-i-moreno-5\/\" \/>\n<meta property=\"og:locale\" content=\"es_ES\" \/>\n<meta property=\"og:type\" content=\"article\" \/>\n<meta property=\"og:title\" content=\"[:ca]IV Concurs de Dibuix i Pintura Lluis Fisas i Moreno[:es]IV Concurso de Dibujo y Pintura Lluis Fisas i Moreno[:] | Molins Horror Film Festival\" \/>\n<meta property=\"og:description\" content=\"[:ca] IV Concurs de Dibuix i Pintura Lluis Fisas i Moreno Des del Cercle Art\u00edstic de Molins de Rei i la Regidoria d\u2019Inf\u00e0ncia de l\u2019Ajuntament de Molins de Rei presentem les bases de l\u2019XIII Concurs de Dibuix i Pintura Llu\u00eds Fisas i Moreno. Com cada any, en motiu de la Festa Major de la vila, [&hellip;]\" \/>\n<meta property=\"og:url\" content=\"https:\/\/www.molinsfilmfestival.com\/esp\/2019\/09\/27\/caiv-concurs-de-dibuix-i-pintura-lluis-fisas-i-morenoesiv-concurso-de-dibujo-y-pintura-lluis-fisas-i-moreno-5\/\" \/>\n<meta property=\"og:site_name\" content=\"Molins Horror Film Festival\" \/>\n<meta property=\"article:published_time\" content=\"2019-09-27T15:25:31+00:00\" \/>\n<meta property=\"og:image\" content=\"http:\/\/www.molinsfilmfestival.com\/wp-content\/uploads\/2018\/09\/banner_terror_kids.png\" \/>\n<meta name=\"author\" content=\"terrormolins\" \/>\n<meta name=\"twitter:card\" content=\"summary_large_image\" \/>\n<meta name=\"twitter:label1\" content=\"Escrito por\" \/>\n\t<meta name=\"twitter:data1\" content=\"terrormolins\" \/>\n\t<meta name=\"twitter:label2\" content=\"Tiempo de lectura\" \/>\n\t<meta name=\"twitter:data2\" content=\"4 minutos\" \/>\n<script type=\"application\/ld+json\" class=\"yoast-schema-graph\">{\"@context\":\"https:\/\/schema.org\",\"@graph\":[{\"@type\":\"Article\",\"@id\":\"https:\/\/www.molinsfilmfestival.com\/2019\/09\/27\/caiv-concurs-de-dibuix-i-pintura-lluis-fisas-i-morenoesiv-concurso-de-dibujo-y-pintura-lluis-fisas-i-moreno-5\/#article\",\"isPartOf\":{\"@id\":\"https:\/\/www.molinsfilmfestival.com\/2019\/09\/27\/caiv-concurs-de-dibuix-i-pintura-lluis-fisas-i-morenoesiv-concurso-de-dibujo-y-pintura-lluis-fisas-i-moreno-5\/\"},\"author\":{\"name\":\"terrormolins\",\"@id\":\"https:\/\/www.molinsfilmfestival.com\/#\/schema\/person\/9d664b50116f871b0cb00fa43b2527dd\"},\"headline\":\"[:ca]IV Concurs de Dibuix i Pintura Lluis Fisas i Moreno[:es]IV Concurso de Dibujo y Pintura Lluis Fisas i Moreno[:]\",\"datePublished\":\"2019-09-27T15:25:31+00:00\",\"mainEntityOfPage\":{\"@id\":\"https:\/\/www.molinsfilmfestival.com\/2019\/09\/27\/caiv-concurs-de-dibuix-i-pintura-lluis-fisas-i-morenoesiv-concurso-de-dibujo-y-pintura-lluis-fisas-i-moreno-5\/\"},\"wordCount\":803,\"commentCount\":0,\"publisher\":{\"@id\":\"https:\/\/www.molinsfilmfestival.com\/#organization\"},\"image\":{\"@id\":\"https:\/\/www.molinsfilmfestival.com\/2019\/09\/27\/caiv-concurs-de-dibuix-i-pintura-lluis-fisas-i-morenoesiv-concurso-de-dibujo-y-pintura-lluis-fisas-i-moreno-5\/#primaryimage\"},\"thumbnailUrl\":\"http:\/\/www.molinsfilmfestival.com\/wp-content\/uploads\/2018\/09\/banner_terror_kids.png\",\"inLanguage\":\"es\"},{\"@type\":\"WebPage\",\"@id\":\"https:\/\/www.molinsfilmfestival.com\/2019\/09\/27\/caiv-concurs-de-dibuix-i-pintura-lluis-fisas-i-morenoesiv-concurso-de-dibujo-y-pintura-lluis-fisas-i-moreno-5\/\",\"url\":\"https:\/\/www.molinsfilmfestival.com\/2019\/09\/27\/caiv-concurs-de-dibuix-i-pintura-lluis-fisas-i-morenoesiv-concurso-de-dibujo-y-pintura-lluis-fisas-i-moreno-5\/\",\"name\":\"[:ca]IV Concurs de Dibuix i Pintura Lluis Fisas i Moreno[:es]IV Concurso de Dibujo y Pintura Lluis Fisas i Moreno[:] | Molins Horror Film Festival\",\"isPartOf\":{\"@id\":\"https:\/\/www.molinsfilmfestival.com\/#website\"},\"primaryImageOfPage\":{\"@id\":\"https:\/\/www.molinsfilmfestival.com\/2019\/09\/27\/caiv-concurs-de-dibuix-i-pintura-lluis-fisas-i-morenoesiv-concurso-de-dibujo-y-pintura-lluis-fisas-i-moreno-5\/#primaryimage\"},\"image\":{\"@id\":\"https:\/\/www.molinsfilmfestival.com\/2019\/09\/27\/caiv-concurs-de-dibuix-i-pintura-lluis-fisas-i-morenoesiv-concurso-de-dibujo-y-pintura-lluis-fisas-i-moreno-5\/#primaryimage\"},\"thumbnailUrl\":\"http:\/\/www.molinsfilmfestival.com\/wp-content\/uploads\/2018\/09\/banner_terror_kids.png\",\"datePublished\":\"2019-09-27T15:25:31+00:00\",\"breadcrumb\":{\"@id\":\"https:\/\/www.molinsfilmfestival.com\/2019\/09\/27\/caiv-concurs-de-dibuix-i-pintura-lluis-fisas-i-morenoesiv-concurso-de-dibujo-y-pintura-lluis-fisas-i-moreno-5\/#breadcrumb\"},\"inLanguage\":\"es\",\"potentialAction\":[{\"@type\":\"ReadAction\",\"target\":[\"https:\/\/www.molinsfilmfestival.com\/2019\/09\/27\/caiv-concurs-de-dibuix-i-pintura-lluis-fisas-i-morenoesiv-concurso-de-dibujo-y-pintura-lluis-fisas-i-moreno-5\/\"]}]},{\"@type\":\"ImageObject\",\"inLanguage\":\"es\",\"@id\":\"https:\/\/www.molinsfilmfestival.com\/2019\/09\/27\/caiv-concurs-de-dibuix-i-pintura-lluis-fisas-i-morenoesiv-concurso-de-dibujo-y-pintura-lluis-fisas-i-moreno-5\/#primaryimage\",\"url\":\"http:\/\/www.molinsfilmfestival.com\/wp-content\/uploads\/2018\/09\/banner_terror_kids.png\",\"contentUrl\":\"http:\/\/www.molinsfilmfestival.com\/wp-content\/uploads\/2018\/09\/banner_terror_kids.png\"},{\"@type\":\"BreadcrumbList\",\"@id\":\"https:\/\/www.molinsfilmfestival.com\/2019\/09\/27\/caiv-concurs-de-dibuix-i-pintura-lluis-fisas-i-morenoesiv-concurso-de-dibujo-y-pintura-lluis-fisas-i-moreno-5\/#breadcrumb\",\"itemListElement\":[{\"@type\":\"ListItem\",\"position\":1,\"name\":\"Inici\",\"item\":\"https:\/\/www.molinsfilmfestival.com\/\"},{\"@type\":\"ListItem\",\"position\":2,\"name\":\"[:ca]IV Concurs de Dibuix i Pintura Lluis Fisas i Moreno[:es]IV Concurso de Dibujo y Pintura Lluis Fisas i Moreno[:]\"}]},{\"@type\":\"WebSite\",\"@id\":\"https:\/\/www.molinsfilmfestival.com\/#website\",\"url\":\"https:\/\/www.molinsfilmfestival.com\/\",\"name\":\"Molins Horror Film Festival\",\"description\":\"Festival de Cine de Terror de Molins de Rei\",\"publisher\":{\"@id\":\"https:\/\/www.molinsfilmfestival.com\/#organization\"},\"potentialAction\":[{\"@type\":\"SearchAction\",\"target\":{\"@type\":\"EntryPoint\",\"urlTemplate\":\"https:\/\/www.molinsfilmfestival.com\/?s={search_term_string}\"},\"query-input\":{\"@type\":\"PropertyValueSpecification\",\"valueRequired\":true,\"valueName\":\"search_term_string\"}}],\"inLanguage\":\"es\"},{\"@type\":\"Organization\",\"@id\":\"https:\/\/www.molinsfilmfestival.com\/#organization\",\"name\":\"Molins Horror Film Festival\",\"url\":\"https:\/\/www.molinsfilmfestival.com\/\",\"logo\":{\"@type\":\"ImageObject\",\"inLanguage\":\"es\",\"@id\":\"https:\/\/www.molinsfilmfestival.com\/#\/schema\/logo\/image\/\",\"url\":\"https:\/\/www.molinsfilmfestival.com\/wp-content\/uploads\/2025\/05\/terrormolins_logo.svg\",\"contentUrl\":\"https:\/\/www.molinsfilmfestival.com\/wp-content\/uploads\/2025\/05\/terrormolins_logo.svg\",\"caption\":\"Molins Horror Film Festival\"},\"image\":{\"@id\":\"https:\/\/www.molinsfilmfestival.com\/#\/schema\/logo\/image\/\"}},{\"@type\":\"Person\",\"@id\":\"https:\/\/www.molinsfilmfestival.com\/#\/schema\/person\/9d664b50116f871b0cb00fa43b2527dd\",\"name\":\"terrormolins\",\"image\":{\"@type\":\"ImageObject\",\"inLanguage\":\"es\",\"@id\":\"https:\/\/www.molinsfilmfestival.com\/#\/schema\/person\/image\/\",\"url\":\"https:\/\/secure.gravatar.com\/avatar\/591ccac8e3772fe3891dbd3892fd2232dbe1beb33ebbae4b228747f35168dcc6?s=96&d=mm&r=g\",\"contentUrl\":\"https:\/\/secure.gravatar.com\/avatar\/591ccac8e3772fe3891dbd3892fd2232dbe1beb33ebbae4b228747f35168dcc6?s=96&d=mm&r=g\",\"caption\":\"terrormolins\"},\"sameAs\":[\"https:\/\/temporal.molinsfilmfestival.com\"],\"url\":\"https:\/\/www.molinsfilmfestival.com\/esp\/author\/terrormolins\/\"}]}<\/script>\n<!-- \/ Yoast SEO plugin. -->","yoast_head_json":{"title":"[:es]IV Concurso de Dibujo y Pintura Luis Fisas y Moreno[:es]IV Concurso de Dibujo y Pintura Luis Fisas y Moreno[:] | Molinos Horror Film Festival","robots":{"index":"index","follow":"follow","max-snippet":"max-snippet:-1","max-image-preview":"max-image-preview:large","max-video-preview":"max-video-preview:-1"},"canonical":"https:\/\/www.molinsfilmfestival.com\/esp\/2019\/09\/27\/caiv-concurs-de-dibuix-i-pintura-lluis-fisas-i-morenoesiv-concurso-de-dibujo-y-pintura-lluis-fisas-i-moreno-5\/","og_locale":"es_ES","og_type":"article","og_title":"[:ca]IV Concurs de Dibuix i Pintura Lluis Fisas i Moreno[:es]IV Concurso de Dibujo y Pintura Lluis Fisas i Moreno[:] | Molins Horror Film Festival","og_description":"[:ca] IV Concurs de Dibuix i Pintura Lluis Fisas i Moreno Des del Cercle Art\u00edstic de Molins de Rei i la Regidoria d\u2019Inf\u00e0ncia de l\u2019Ajuntament de Molins de Rei presentem les bases de l\u2019XIII Concurs de Dibuix i Pintura Llu\u00eds Fisas i Moreno. Com cada any, en motiu de la Festa Major de la vila, [&hellip;]","og_url":"https:\/\/www.molinsfilmfestival.com\/esp\/2019\/09\/27\/caiv-concurs-de-dibuix-i-pintura-lluis-fisas-i-morenoesiv-concurso-de-dibujo-y-pintura-lluis-fisas-i-moreno-5\/","og_site_name":"Molins Horror Film Festival","article_published_time":"2019-09-27T15:25:31+00:00","og_image":[{"url":"http:\/\/www.molinsfilmfestival.com\/wp-content\/uploads\/2018\/09\/banner_terror_kids.png","type":"","width":"","height":""}],"author":"terrormolins","twitter_card":"summary_large_image","twitter_misc":{"Escrito por":"terrormolins","Tiempo de lectura":"4 minutos"},"schema":{"@context":"https:\/\/schema.org","@graph":[{"@type":"Article","@id":"https:\/\/www.molinsfilmfestival.com\/2019\/09\/27\/caiv-concurs-de-dibuix-i-pintura-lluis-fisas-i-morenoesiv-concurso-de-dibujo-y-pintura-lluis-fisas-i-moreno-5\/#article","isPartOf":{"@id":"https:\/\/www.molinsfilmfestival.com\/2019\/09\/27\/caiv-concurs-de-dibuix-i-pintura-lluis-fisas-i-morenoesiv-concurso-de-dibujo-y-pintura-lluis-fisas-i-moreno-5\/"},"author":{"name":"terrormolins","@id":"https:\/\/www.molinsfilmfestival.com\/#\/schema\/person\/9d664b50116f871b0cb00fa43b2527dd"},"headline":"[:ca]IV Concurs de Dibuix i Pintura Lluis Fisas i Moreno[:es]IV Concurso de Dibujo y Pintura Lluis Fisas i Moreno[:]","datePublished":"2019-09-27T15:25:31+00:00","mainEntityOfPage":{"@id":"https:\/\/www.molinsfilmfestival.com\/2019\/09\/27\/caiv-concurs-de-dibuix-i-pintura-lluis-fisas-i-morenoesiv-concurso-de-dibujo-y-pintura-lluis-fisas-i-moreno-5\/"},"wordCount":803,"commentCount":0,"publisher":{"@id":"https:\/\/www.molinsfilmfestival.com\/#organization"},"image":{"@id":"https:\/\/www.molinsfilmfestival.com\/2019\/09\/27\/caiv-concurs-de-dibuix-i-pintura-lluis-fisas-i-morenoesiv-concurso-de-dibujo-y-pintura-lluis-fisas-i-moreno-5\/#primaryimage"},"thumbnailUrl":"http:\/\/www.molinsfilmfestival.com\/wp-content\/uploads\/2018\/09\/banner_terror_kids.png","inLanguage":"es"},{"@type":"WebPage","@id":"https:\/\/www.molinsfilmfestival.com\/2019\/09\/27\/caiv-concurs-de-dibuix-i-pintura-lluis-fisas-i-morenoesiv-concurso-de-dibujo-y-pintura-lluis-fisas-i-moreno-5\/","url":"https:\/\/www.molinsfilmfestival.com\/2019\/09\/27\/caiv-concurs-de-dibuix-i-pintura-lluis-fisas-i-morenoesiv-concurso-de-dibujo-y-pintura-lluis-fisas-i-moreno-5\/","name":"[:es]IV Concurso de Dibujo y Pintura Luis Fisas y Moreno[:es]IV Concurso de Dibujo y Pintura Luis Fisas y Moreno[:] | Molinos Horror Film Festival","isPartOf":{"@id":"https:\/\/www.molinsfilmfestival.com\/#website"},"primaryImageOfPage":{"@id":"https:\/\/www.molinsfilmfestival.com\/2019\/09\/27\/caiv-concurs-de-dibuix-i-pintura-lluis-fisas-i-morenoesiv-concurso-de-dibujo-y-pintura-lluis-fisas-i-moreno-5\/#primaryimage"},"image":{"@id":"https:\/\/www.molinsfilmfestival.com\/2019\/09\/27\/caiv-concurs-de-dibuix-i-pintura-lluis-fisas-i-morenoesiv-concurso-de-dibujo-y-pintura-lluis-fisas-i-moreno-5\/#primaryimage"},"thumbnailUrl":"http:\/\/www.molinsfilmfestival.com\/wp-content\/uploads\/2018\/09\/banner_terror_kids.png","datePublished":"2019-09-27T15:25:31+00:00","breadcrumb":{"@id":"https:\/\/www.molinsfilmfestival.com\/2019\/09\/27\/caiv-concurs-de-dibuix-i-pintura-lluis-fisas-i-morenoesiv-concurso-de-dibujo-y-pintura-lluis-fisas-i-moreno-5\/#breadcrumb"},"inLanguage":"es","potentialAction":[{"@type":"ReadAction","target":["https:\/\/www.molinsfilmfestival.com\/2019\/09\/27\/caiv-concurs-de-dibuix-i-pintura-lluis-fisas-i-morenoesiv-concurso-de-dibujo-y-pintura-lluis-fisas-i-moreno-5\/"]}]},{"@type":"ImageObject","inLanguage":"es","@id":"https:\/\/www.molinsfilmfestival.com\/2019\/09\/27\/caiv-concurs-de-dibuix-i-pintura-lluis-fisas-i-morenoesiv-concurso-de-dibujo-y-pintura-lluis-fisas-i-moreno-5\/#primaryimage","url":"http:\/\/www.molinsfilmfestival.com\/wp-content\/uploads\/2018\/09\/banner_terror_kids.png","contentUrl":"http:\/\/www.molinsfilmfestival.com\/wp-content\/uploads\/2018\/09\/banner_terror_kids.png"},{"@type":"BreadcrumbList","@id":"https:\/\/www.molinsfilmfestival.com\/2019\/09\/27\/caiv-concurs-de-dibuix-i-pintura-lluis-fisas-i-morenoesiv-concurso-de-dibujo-y-pintura-lluis-fisas-i-moreno-5\/#breadcrumb","itemListElement":[{"@type":"ListItem","position":1,"name":"Inici","item":"https:\/\/www.molinsfilmfestival.com\/"},{"@type":"ListItem","position":2,"name":"[:ca]IV Concurs de Dibuix i Pintura Lluis Fisas i Moreno[:es]IV Concurso de Dibujo y Pintura Lluis Fisas i Moreno[:]"}]},{"@type":"WebSite","@id":"https:\/\/www.molinsfilmfestival.com\/#website","url":"https:\/\/www.molinsfilmfestival.com\/","name":"Molinos Horror Film Festival","description":"Festival de Cine de Terror de Molinos de Rey","publisher":{"@id":"https:\/\/www.molinsfilmfestival.com\/#organization"},"potentialAction":[{"@type":"SearchAction","target":{"@type":"EntryPoint","urlTemplate":"https:\/\/www.molinsfilmfestival.com\/?s={search_term_string}"},"query-input":{"@type":"PropertyValueSpecification","valueRequired":true,"valueName":"search_term_string"}}],"inLanguage":"es"},{"@type":"Organization","@id":"https:\/\/www.molinsfilmfestival.com\/#organization","name":"Molinos Horror Film Festival","url":"https:\/\/www.molinsfilmfestival.com\/","logo":{"@type":"ImageObject","inLanguage":"es","@id":"https:\/\/www.molinsfilmfestival.com\/#\/schema\/logo\/image\/","url":"https:\/\/www.molinsfilmfestival.com\/wp-content\/uploads\/2025\/05\/terrormolins_logo.svg","contentUrl":"https:\/\/www.molinsfilmfestival.com\/wp-content\/uploads\/2025\/05\/terrormolins_logo.svg","caption":"Molins Horror Film Festival"},"image":{"@id":"https:\/\/www.molinsfilmfestival.com\/#\/schema\/logo\/image\/"}},{"@type":"Person","@id":"https:\/\/www.molinsfilmfestival.com\/#\/schema\/person\/9d664b50116f871b0cb00fa43b2527dd","name":"terrormolinos","image":{"@type":"ImageObject","inLanguage":"es","@id":"https:\/\/www.molinsfilmfestival.com\/#\/schema\/person\/image\/","url":"https:\/\/secure.gravatar.com\/avatar\/591ccac8e3772fe3891dbd3892fd2232dbe1beb33ebbae4b228747f35168dcc6?s=96&d=mm&r=g","contentUrl":"https:\/\/secure.gravatar.com\/avatar\/591ccac8e3772fe3891dbd3892fd2232dbe1beb33ebbae4b228747f35168dcc6?s=96&d=mm&r=g","caption":"terrormolins"},"sameAs":["https:\/\/temporal.molinsfilmfestival.com"],"url":"https:\/\/www.molinsfilmfestival.com\/esp\/author\/terrormolins\/"}]}},"_links":{"self":[{"href":"https:\/\/www.molinsfilmfestival.com\/esp\/wp-json\/wp\/v2\/posts\/11329","targetHints":{"allow":["GET"]}}],"collection":[{"href":"https:\/\/www.molinsfilmfestival.com\/esp\/wp-json\/wp\/v2\/posts"}],"about":[{"href":"https:\/\/www.molinsfilmfestival.com\/esp\/wp-json\/wp\/v2\/types\/post"}],"author":[{"embeddable":true,"href":"https:\/\/www.molinsfilmfestival.com\/esp\/wp-json\/wp\/v2\/users\/1"}],"replies":[{"embeddable":true,"href":"https:\/\/www.molinsfilmfestival.com\/esp\/wp-json\/wp\/v2\/comments?post=11329"}],"version-history":[{"count":0,"href":"https:\/\/www.molinsfilmfestival.com\/esp\/wp-json\/wp\/v2\/posts\/11329\/revisions"}],"wp:attachment":[{"href":"https:\/\/www.molinsfilmfestival.com\/esp\/wp-json\/wp\/v2\/media?parent=11329"}],"wp:term":[{"taxonomy":"category","embeddable":true,"href":"https:\/\/www.molinsfilmfestival.com\/esp\/wp-json\/wp\/v2\/categories?post=11329"},{"taxonomy":"post_tag","embeddable":true,"href":"https:\/\/www.molinsfilmfestival.com\/esp\/wp-json\/wp\/v2\/tags?post=11329"}],"curies":[{"name":"wp","href":"https:\/\/api.w.org\/{rel}","templated":true}]}}