{"id":11822,"date":"2019-10-29T23:24:12","date_gmt":"2019-10-29T22:24:12","guid":{"rendered":"https:\/\/temporal.molinsfilmfestival.com\/2019\/10\/29\/caseccio-movistar-al-terrormolins-2019esseccion-movistar-en-el-terrormolins-2019enseccio-movistar-al-terrormolins-2019-15\/"},"modified":"2019-10-29T23:24:12","modified_gmt":"2019-10-29T22:24:12","slug":"caseccio-movistar-al-terrormolins-2019esseccion-movistar-en-el-terrormolins-2019enseccio-movistar-al-terrormolins-2019-15","status":"publish","type":"post","link":"https:\/\/www.molinsfilmfestival.com\/esp\/2019\/10\/29\/caseccio-movistar-al-terrormolins-2019esseccion-movistar-en-el-terrormolins-2019enseccio-movistar-al-terrormolins-2019-15\/","title":{"rendered":"[:es]SECCI\u00d3N MOVISTAR+ en el terrorMolins 2019[:es]SECCI\u00d3N MOVISTAR+ en el terrorMolins 2019[:en]SECCI\u00d3N MOVISTAR+ en el terrorMolins 2019[:]"},"content":{"rendered":"<p>[:es]<\/p>\n<h2>Fruto de la colaboraci\u00f3n con Movistar+ por tercer a\u00f1o consecutivo, en esta edici\u00f3n del Festival hemos programado de nuevo la SECCI\u00d3N MOVISTAR+, una doble sesi\u00f3n gratuita que tendr\u00e1 lugar el martes 12 de noviembre a partir de las 18:00. con los t\u00edtulos <a href=\"http:\/\/www.molinsfilmfestival.com\/esp\/2019\/10\/20\/the-dark-de-justin-p-lange-en-la-seccion-movistar\/\">The Dark<\/a> i <a href=\"http:\/\/www.molinsfilmfestival.com\/esp\/2019\/10\/23\/extra-ordinary-de-mike-ahern-en-la-seccion-movistar\/\">Extra Ordinary<\/a>, \u00e9sta con estreno simult\u00e1neo en el Festival y en Movistar+.<\/h2>\n<p><a href=\"http:\/\/www.molinsfilmfestival.com\/wp-content\/uploads\/2019\/10\/D13BC092-3DB0-4C61-A64E-43FD8AEB3BC6.jpeg\"><img loading=\"lazy\" decoding=\"async\" class=\"alignnone size-full wp-image-16178\" src=\"http:\/\/www.molinsfilmfestival.com\/wp-content\/uploads\/2019\/10\/D13BC092-3DB0-4C61-A64E-43FD8AEB3BC6.jpeg\" alt=\"\" width=\"4966\" height=\"4738\" \/><\/a><\/p>\n<p>Sin duda, se trata de dos grandes t\u00edtulos que podr\u00e1 disfrutar en una sesi\u00f3n doble a la que puede acceder con invitaci\u00f3n.<\/p>\n<h2>Ya puede recoger su invitaci\u00f3n (doble) para la Secci\u00f3n Movistar+ y adem\u00e1s, recibir\u00e1 una bolsa y una camiseta edici\u00f3n limitada del Festival (hasta fin de existencias).<\/h2>\n<p>Puede recoger este pack en las tiendas Movistar de:<br \/>\n<strong>\u2705 MovistarCentro de Barcelona (Plaza de Catalunya,16)<\/p>\n<p>\u2705Molinos de Rey (Virgen del Pilar, 2)<\/strong><\/p>\n<p>&nbsp;<\/p>\n<p><a href=\"http:\/\/www.molinsfilmfestival.com\/wp-content\/uploads\/2019\/10\/D13BC092-3DB0-4C61-A64E-43FD8AEB3BC6.jpeg\"><img loading=\"lazy\" decoding=\"async\" class=\"alignnone size-full wp-image-16178\" src=\"http:\/\/www.molinsfilmfestival.com\/wp-content\/uploads\/2019\/10\/D13BC092-3DB0-4C61-A64E-43FD8AEB3BC6.jpeg\" alt=\"\" width=\"4966\" height=\"4738\" \/><\/a><\/p>\n<p>Adem\u00e1s, nuestro patrocinador Movistar+ est\u00e1 obsequiando actualmente en las mismas tiendas con un cup\u00f3n 2\u00d71 por persona para adquirir entradas del Festival y una bolsa oficial (hasta fin de existencias) aquellos que lo solicite.<\/p>\n<p><a href=\"http:\/\/www.molinsfilmfestival.com\/wp-content\/uploads\/2019\/10\/33BA832C-9106-4386-9D89-04548E253E32.jpeg\"><img loading=\"lazy\" decoding=\"async\" class=\"alignnone size-full wp-image-16179\" src=\"http:\/\/www.molinsfilmfestival.com\/wp-content\/uploads\/2019\/10\/33BA832C-9106-4386-9D89-04548E253E32.jpeg\" alt=\"\" width=\"5000\" height=\"4584\" \/><\/a><br \/>\n[:es]<\/p>\n<h2>Fruto de la colaboraci\u00f3n con Movistar+ por tercer a\u00f1o consecutivo, en esta edici\u00f3n del Festival, hemos programado de nuevo la SECCI\u00d3N MOVISTAR+, una doble sesi\u00f3n gratuita que tendr\u00e1 lugar el martes 12 de noviembre a partir de las 18:00. con los t\u00edtulos <a href=\"http:\/\/www.molinsfilmfestival.com\/esp\/2019\/10\/20\/the-dark-de-justin-p-lange-en-la-seccion-movistar\/\">The Dark<\/a> y <a href=\"http:\/\/www.molinsfilmfestival.com\/esp\/2019\/10\/23\/extra-ordinary-de-mike-ahern-en-la-seccion-movistar\/\">Extra Odinary<\/a>, esta con estreno simult\u00e1neo en el Festival y en Movistar+.<\/h2>\n<p><a href=\"http:\/\/www.molinsfilmfestival.com\/wp-content\/uploads\/2019\/10\/7AC17013-DF32-442C-A5E4-E38AC037EE16.jpeg\"><img loading=\"lazy\" decoding=\"async\" class=\"alignnone size-full wp-image-16350\" src=\"http:\/\/www.molinsfilmfestival.com\/wp-content\/uploads\/2019\/10\/7AC17013-DF32-442C-A5E4-E38AC037EE16.jpeg\" alt=\"\" width=\"1000\" height=\"750\" \/><\/a><\/p>\n<p>Sin duda se trata de dos grandes t\u00edtulos que podr\u00e9is disfrutar en una sesi\u00f3n doble en la que <strong>pod\u00e9is acceder recogiendo con una invitaci\u00f3n<\/strong>.<\/p>\n<h2>Ya podeis recoger su invitaci\u00f3n (doble) para la Secci\u00f3n Movistar+ y adem\u00e1s recibir\u00e9is una bolsa y una camiseta edici\u00f3n limitada del Festival (hasta fin de existencias).<\/h2>\n<p>Pod\u00e9is recoger este pack en las tiendas Movistar de:<\/p>\n<p><strong>\u2705 MovistarCentro de Barcelona (Plaza de Catalunya,16)<\/p>\n<p>\u2705Molinos de Rey (Virgen de Pilar, 2)<\/strong><\/p>\n<p><a href=\"http:\/\/www.molinsfilmfestival.com\/wp-content\/uploads\/2019\/10\/D13BC092-3DB0-4C61-A64E-43FD8AEB3BC6.jpeg\"><img loading=\"lazy\" decoding=\"async\" class=\"alignnone size-full wp-image-16178\" src=\"http:\/\/www.molinsfilmfestival.com\/wp-content\/uploads\/2019\/10\/D13BC092-3DB0-4C61-A64E-43FD8AEB3BC6.jpeg\" alt=\"\" width=\"4966\" height=\"4738\" \/><\/a><\/p>\n<p>Adem\u00e1s, nuestro patrocinador Movistar+ est\u00e1 obsequiando actualmente a quienes vayas a las tiendas indicadas con un cup\u00f3n 2\u00d71 por persona para adquirir entradas del Festival y una bolsa oficial (hasta fin de existencias) a aquellos que lo solicite.<\/p>\n<p><a href=\"http:\/\/www.molinsfilmfestival.com\/wp-content\/uploads\/2019\/10\/33BA832C-9106-4386-9D89-04548E253E32.jpeg\"><img loading=\"lazy\" decoding=\"async\" class=\"alignnone size-full wp-image-16179\" src=\"http:\/\/www.molinsfilmfestival.com\/wp-content\/uploads\/2019\/10\/33BA832C-9106-4386-9D89-04548E253E32.jpeg\" alt=\"\" width=\"5000\" height=\"4584\" \/><\/a>[:en]<\/p>\n<h2>Fruto de la colaboraci\u00f3n con Movistar+ en esta edici\u00f3n del Festival, hemos programado de nuevo la SECCI\u00d3N MOVISTAR+, una doble sesi\u00f3n gratuita que tendr\u00e1 lugar el martes 12 de noviembre a partir de las 18:00. con los t\u00edtulos <a href=\"http:\/\/www.molinsfilmfestival.com\/esp\/2019\/10\/20\/the-dark-de-justin-p-lange-en-la-seccion-movistar\/\">The Dar<\/a>ki <a href=\"http:\/\/www.molinsfilmfestival.com\/esp\/2019\/10\/23\/extra-ordinary-de-mike-ahern-en-la-seccion-movistar\/\">Extra Odinary<\/a>, \u00e9sta con estreno simult\u00e1neo en el Festival y en Movistar+.<\/h2>\n<p><a href=\"http:\/\/www.molinsfilmfestival.com\/wp-content\/uploads\/2019\/10\/725ABE13-1790-4C0B-9613-61933C2AE798.jpeg\"><img loading=\"lazy\" decoding=\"async\" class=\"alignnone size-full wp-image-16270\" src=\"http:\/\/www.molinsfilmfestival.com\/wp-content\/uploads\/2019\/10\/725ABE13-1790-4C0B-9613-61933C2AE798.jpeg\" alt=\"\" width=\"2886\" height=\"2166\" \/><\/a><\/p>\n<p>Sin duda, se trata de dos grandes t\u00edtulos que podr\u00e1 disfrutar en una sesi\u00f3n doble en la que <strong>puede acceder con invitaci\u00f3n<\/strong>.<\/p>\n<p>Atentos a nuestras redes sociales, ya que pronto le avisaremos cu\u00e1ndo y d\u00f3nde puede recoger su invitaci\u00f3n (doble) para la Secci\u00f3n Movistar Plus y adem\u00e1s, recibir\u00e1 una bolsa y una camiseta edici\u00f3n limitada del Festival (hasta fin de existencias).<\/p>\n<p><a href=\"http:\/\/www.molinsfilmfestival.com\/wp-content\/uploads\/2019\/10\/D13BC092-3DB0-4C61-A64E-43FD8AEB3BC6.jpeg\"><img loading=\"lazy\" decoding=\"async\" class=\"alignnone size-full wp-image-16178\" src=\"http:\/\/www.molinsfilmfestival.com\/wp-content\/uploads\/2019\/10\/D13BC092-3DB0-4C61-A64E-43FD8AEB3BC6.jpeg\" alt=\"\" width=\"4966\" height=\"4738\" \/><\/a><\/p>\n<p>Adem\u00e1s nuestro patrocinador Movistar+ obsequiar\u00e1 pr\u00f3ximamente con un cup\u00f3n 2\u00d71 por persona para adquirir entradas del Festival y una bolsa oficial (hasta fin de existencias).<\/p>\n<p><a href=\"http:\/\/www.molinsfilmfestival.com\/wp-content\/uploads\/2019\/10\/33BA832C-9106-4386-9D89-04548E253E32.jpeg\"><img loading=\"lazy\" decoding=\"async\" class=\"alignnone size-full wp-image-16179\" src=\"http:\/\/www.molinsfilmfestival.com\/wp-content\/uploads\/2019\/10\/33BA832C-9106-4386-9D89-04548E253E32.jpeg\" alt=\"\" width=\"5000\" height=\"4584\" \/><\/a><\/p>\n<h2>Est\u00e9 muy atentos en los pr\u00f3ximos d\u00edas en nuestras redes sociales (twitter, facebook e instagram) ya que le indicaremos las fechas a partir de las cuales puede pasar a recoger cualquiera de estos dos incre\u00edbles packs y d\u00f3nde conseguirlos.<\/h2>\n<p>[:]<\/p>","protected":false},"excerpt":{"rendered":"<p>[:es] Fruto de la colaboraci\u00f3n con Movistar+ por tercer a\u00f1o consecutivo, en esta edici\u00f3n del Festival hemos programado de nuevo la SECCI\u00d3N MOVISTAR+, una doble sesi\u00f3n gratuita que tendr\u00e1 lugar el martes 12 de noviembre a partir de las 18.00. con los t\u00edtulos The Dark y Extra Ordinary, \u00e9sta con estreno simult\u00e1neo en el Festival [\u2026]<\/p>","protected":false},"author":1,"featured_media":0,"comment_status":"open","ping_status":"open","sticky":false,"template":"","format":"standard","meta":{"_acf_changed":false,"footnotes":""},"categories":[],"tags":[],"class_list":["post-11822","post","type-post","status-publish","format-standard","hentry"],"acf":[],"yoast_head":"<!-- This site is optimized with the Yoast SEO plugin v26.4 - https:\/\/yoast.com\/wordpress\/plugins\/seo\/ -->\n<title>[:ca]SECCI\u00d3 MOVISTAR+ al terrorMolins 2019[:es]SECCI\u00d3N MOVISTAR+ en el terrorMolins 2019[:en]SECCI\u00d3 MOVISTAR+ al terrorMolins 2019[:] | Molins Horror Film Festival<\/title>\n<meta name=\"robots\" content=\"index, follow, max-snippet:-1, max-image-preview:large, max-video-preview:-1\" \/>\n<link rel=\"canonical\" href=\"https:\/\/www.molinsfilmfestival.com\/esp\/2019\/10\/29\/caseccio-movistar-al-terrormolins-2019esseccion-movistar-en-el-terrormolins-2019enseccio-movistar-al-terrormolins-2019-15\/\" \/>\n<meta property=\"og:locale\" content=\"es_ES\" \/>\n<meta property=\"og:type\" content=\"article\" \/>\n<meta property=\"og:title\" content=\"[:ca]SECCI\u00d3 MOVISTAR+ al terrorMolins 2019[:es]SECCI\u00d3N MOVISTAR+ en el terrorMolins 2019[:en]SECCI\u00d3 MOVISTAR+ al terrorMolins 2019[:] | Molins Horror Film Festival\" \/>\n<meta property=\"og:description\" content=\"[:ca] Fruit de la col\u00b7laboraci\u00f3 amb Movistar+ per tercer any consecutiu,en aquesta edici\u00f3 del Festival hem programat de nou la SECCI\u00d3 MOVISTAR+ , una doble sessi\u00f3 gratu\u00efta que tindr\u00e0 lloc el dimarts 12 de novembre a partir de les 18.00. amb els t\u00edtols The Dark i Extra Ordinary, aquesta amb estrena simult\u00e0nia en el Festival [&hellip;]\" \/>\n<meta property=\"og:url\" content=\"https:\/\/www.molinsfilmfestival.com\/esp\/2019\/10\/29\/caseccio-movistar-al-terrormolins-2019esseccion-movistar-en-el-terrormolins-2019enseccio-movistar-al-terrormolins-2019-15\/\" \/>\n<meta property=\"og:site_name\" content=\"Molins Horror Film Festival\" \/>\n<meta property=\"article:published_time\" content=\"2019-10-29T22:24:12+00:00\" \/>\n<meta property=\"og:image\" content=\"http:\/\/www.molinsfilmfestival.com\/wp-content\/uploads\/2019\/10\/D13BC092-3DB0-4C61-A64E-43FD8AEB3BC6.jpeg\" \/>\n<meta name=\"author\" content=\"terrormolins\" \/>\n<meta name=\"twitter:card\" content=\"summary_large_image\" \/>\n<meta name=\"twitter:label1\" content=\"Escrito por\" \/>\n\t<meta name=\"twitter:data1\" content=\"terrormolins\" \/>\n\t<meta name=\"twitter:label2\" content=\"Tiempo de lectura\" \/>\n\t<meta name=\"twitter:data2\" content=\"3 minutos\" \/>\n<script type=\"application\/ld+json\" class=\"yoast-schema-graph\">{\"@context\":\"https:\/\/schema.org\",\"@graph\":[{\"@type\":\"Article\",\"@id\":\"https:\/\/www.molinsfilmfestival.com\/2019\/10\/29\/caseccio-movistar-al-terrormolins-2019esseccion-movistar-en-el-terrormolins-2019enseccio-movistar-al-terrormolins-2019-15\/#article\",\"isPartOf\":{\"@id\":\"https:\/\/www.molinsfilmfestival.com\/2019\/10\/29\/caseccio-movistar-al-terrormolins-2019esseccion-movistar-en-el-terrormolins-2019enseccio-movistar-al-terrormolins-2019-15\/\"},\"author\":{\"name\":\"terrormolins\",\"@id\":\"https:\/\/www.molinsfilmfestival.com\/#\/schema\/person\/9d664b50116f871b0cb00fa43b2527dd\"},\"headline\":\"[:ca]SECCI\u00d3 MOVISTAR+ al terrorMolins 2019[:es]SECCI\u00d3N MOVISTAR+ en el terrorMolins 2019[:en]SECCI\u00d3 MOVISTAR+ al terrorMolins 2019[:]\",\"datePublished\":\"2019-10-29T22:24:12+00:00\",\"mainEntityOfPage\":{\"@id\":\"https:\/\/www.molinsfilmfestival.com\/2019\/10\/29\/caseccio-movistar-al-terrormolins-2019esseccion-movistar-en-el-terrormolins-2019enseccio-movistar-al-terrormolins-2019-15\/\"},\"wordCount\":587,\"commentCount\":0,\"publisher\":{\"@id\":\"https:\/\/www.molinsfilmfestival.com\/#organization\"},\"image\":{\"@id\":\"https:\/\/www.molinsfilmfestival.com\/2019\/10\/29\/caseccio-movistar-al-terrormolins-2019esseccion-movistar-en-el-terrormolins-2019enseccio-movistar-al-terrormolins-2019-15\/#primaryimage\"},\"thumbnailUrl\":\"http:\/\/www.molinsfilmfestival.com\/wp-content\/uploads\/2019\/10\/D13BC092-3DB0-4C61-A64E-43FD8AEB3BC6.jpeg\",\"inLanguage\":\"es\"},{\"@type\":\"WebPage\",\"@id\":\"https:\/\/www.molinsfilmfestival.com\/2019\/10\/29\/caseccio-movistar-al-terrormolins-2019esseccion-movistar-en-el-terrormolins-2019enseccio-movistar-al-terrormolins-2019-15\/\",\"url\":\"https:\/\/www.molinsfilmfestival.com\/2019\/10\/29\/caseccio-movistar-al-terrormolins-2019esseccion-movistar-en-el-terrormolins-2019enseccio-movistar-al-terrormolins-2019-15\/\",\"name\":\"[:ca]SECCI\u00d3 MOVISTAR+ al terrorMolins 2019[:es]SECCI\u00d3N MOVISTAR+ en el terrorMolins 2019[:en]SECCI\u00d3 MOVISTAR+ al terrorMolins 2019[:] | Molins Horror Film Festival\",\"isPartOf\":{\"@id\":\"https:\/\/www.molinsfilmfestival.com\/#website\"},\"primaryImageOfPage\":{\"@id\":\"https:\/\/www.molinsfilmfestival.com\/2019\/10\/29\/caseccio-movistar-al-terrormolins-2019esseccion-movistar-en-el-terrormolins-2019enseccio-movistar-al-terrormolins-2019-15\/#primaryimage\"},\"image\":{\"@id\":\"https:\/\/www.molinsfilmfestival.com\/2019\/10\/29\/caseccio-movistar-al-terrormolins-2019esseccion-movistar-en-el-terrormolins-2019enseccio-movistar-al-terrormolins-2019-15\/#primaryimage\"},\"thumbnailUrl\":\"http:\/\/www.molinsfilmfestival.com\/wp-content\/uploads\/2019\/10\/D13BC092-3DB0-4C61-A64E-43FD8AEB3BC6.jpeg\",\"datePublished\":\"2019-10-29T22:24:12+00:00\",\"breadcrumb\":{\"@id\":\"https:\/\/www.molinsfilmfestival.com\/2019\/10\/29\/caseccio-movistar-al-terrormolins-2019esseccion-movistar-en-el-terrormolins-2019enseccio-movistar-al-terrormolins-2019-15\/#breadcrumb\"},\"inLanguage\":\"es\",\"potentialAction\":[{\"@type\":\"ReadAction\",\"target\":[\"https:\/\/www.molinsfilmfestival.com\/2019\/10\/29\/caseccio-movistar-al-terrormolins-2019esseccion-movistar-en-el-terrormolins-2019enseccio-movistar-al-terrormolins-2019-15\/\"]}]},{\"@type\":\"ImageObject\",\"inLanguage\":\"es\",\"@id\":\"https:\/\/www.molinsfilmfestival.com\/2019\/10\/29\/caseccio-movistar-al-terrormolins-2019esseccion-movistar-en-el-terrormolins-2019enseccio-movistar-al-terrormolins-2019-15\/#primaryimage\",\"url\":\"http:\/\/www.molinsfilmfestival.com\/wp-content\/uploads\/2019\/10\/D13BC092-3DB0-4C61-A64E-43FD8AEB3BC6.jpeg\",\"contentUrl\":\"http:\/\/www.molinsfilmfestival.com\/wp-content\/uploads\/2019\/10\/D13BC092-3DB0-4C61-A64E-43FD8AEB3BC6.jpeg\"},{\"@type\":\"BreadcrumbList\",\"@id\":\"https:\/\/www.molinsfilmfestival.com\/2019\/10\/29\/caseccio-movistar-al-terrormolins-2019esseccion-movistar-en-el-terrormolins-2019enseccio-movistar-al-terrormolins-2019-15\/#breadcrumb\",\"itemListElement\":[{\"@type\":\"ListItem\",\"position\":1,\"name\":\"Inici\",\"item\":\"https:\/\/www.molinsfilmfestival.com\/\"},{\"@type\":\"ListItem\",\"position\":2,\"name\":\"[:ca]SECCI\u00d3 MOVISTAR+ al terrorMolins 2019[:es]SECCI\u00d3N MOVISTAR+ en el terrorMolins 2019[:en]SECCI\u00d3 MOVISTAR+ al terrorMolins 2019[:]\"}]},{\"@type\":\"WebSite\",\"@id\":\"https:\/\/www.molinsfilmfestival.com\/#website\",\"url\":\"https:\/\/www.molinsfilmfestival.com\/\",\"name\":\"Molins Horror Film Festival\",\"description\":\"Festival de Cine de Terror de Molins de Rei\",\"publisher\":{\"@id\":\"https:\/\/www.molinsfilmfestival.com\/#organization\"},\"potentialAction\":[{\"@type\":\"SearchAction\",\"target\":{\"@type\":\"EntryPoint\",\"urlTemplate\":\"https:\/\/www.molinsfilmfestival.com\/?s={search_term_string}\"},\"query-input\":{\"@type\":\"PropertyValueSpecification\",\"valueRequired\":true,\"valueName\":\"search_term_string\"}}],\"inLanguage\":\"es\"},{\"@type\":\"Organization\",\"@id\":\"https:\/\/www.molinsfilmfestival.com\/#organization\",\"name\":\"Molins Horror Film Festival\",\"url\":\"https:\/\/www.molinsfilmfestival.com\/\",\"logo\":{\"@type\":\"ImageObject\",\"inLanguage\":\"es\",\"@id\":\"https:\/\/www.molinsfilmfestival.com\/#\/schema\/logo\/image\/\",\"url\":\"https:\/\/www.molinsfilmfestival.com\/wp-content\/uploads\/2025\/05\/terrormolins_logo.svg\",\"contentUrl\":\"https:\/\/www.molinsfilmfestival.com\/wp-content\/uploads\/2025\/05\/terrormolins_logo.svg\",\"caption\":\"Molins Horror Film Festival\"},\"image\":{\"@id\":\"https:\/\/www.molinsfilmfestival.com\/#\/schema\/logo\/image\/\"}},{\"@type\":\"Person\",\"@id\":\"https:\/\/www.molinsfilmfestival.com\/#\/schema\/person\/9d664b50116f871b0cb00fa43b2527dd\",\"name\":\"terrormolins\",\"image\":{\"@type\":\"ImageObject\",\"inLanguage\":\"es\",\"@id\":\"https:\/\/www.molinsfilmfestival.com\/#\/schema\/person\/image\/\",\"url\":\"https:\/\/secure.gravatar.com\/avatar\/591ccac8e3772fe3891dbd3892fd2232dbe1beb33ebbae4b228747f35168dcc6?s=96&d=mm&r=g\",\"contentUrl\":\"https:\/\/secure.gravatar.com\/avatar\/591ccac8e3772fe3891dbd3892fd2232dbe1beb33ebbae4b228747f35168dcc6?s=96&d=mm&r=g\",\"caption\":\"terrormolins\"},\"sameAs\":[\"https:\/\/temporal.molinsfilmfestival.com\"],\"url\":\"https:\/\/www.molinsfilmfestival.com\/esp\/author\/terrormolins\/\"}]}<\/script>\n<!-- \/ Yoast SEO plugin. -->","yoast_head_json":{"title":"[:es]SECCI\u00d3N MOVISTAR+ en el terrorMolins 2019[:es]SECCI\u00d3N MOVISTAR+ en el terrorMolins 2019[:en]SECCI\u00d3N MOVISTAR+ en el terrorMolins 2019[:] | Molinos Horror Film Festival","robots":{"index":"index","follow":"follow","max-snippet":"max-snippet:-1","max-image-preview":"max-image-preview:large","max-video-preview":"max-video-preview:-1"},"canonical":"https:\/\/www.molinsfilmfestival.com\/esp\/2019\/10\/29\/caseccio-movistar-al-terrormolins-2019esseccion-movistar-en-el-terrormolins-2019enseccio-movistar-al-terrormolins-2019-15\/","og_locale":"es_ES","og_type":"article","og_title":"[:ca]SECCI\u00d3 MOVISTAR+ al terrorMolins 2019[:es]SECCI\u00d3N MOVISTAR+ en el terrorMolins 2019[:en]SECCI\u00d3 MOVISTAR+ al terrorMolins 2019[:] | Molins Horror Film Festival","og_description":"[:ca] Fruit de la col\u00b7laboraci\u00f3 amb Movistar+ per tercer any consecutiu,en aquesta edici\u00f3 del Festival hem programat de nou la SECCI\u00d3 MOVISTAR+ , una doble sessi\u00f3 gratu\u00efta que tindr\u00e0 lloc el dimarts 12 de novembre a partir de les 18.00. amb els t\u00edtols The Dark i Extra Ordinary, aquesta amb estrena simult\u00e0nia en el Festival [&hellip;]","og_url":"https:\/\/www.molinsfilmfestival.com\/esp\/2019\/10\/29\/caseccio-movistar-al-terrormolins-2019esseccion-movistar-en-el-terrormolins-2019enseccio-movistar-al-terrormolins-2019-15\/","og_site_name":"Molins Horror Film Festival","article_published_time":"2019-10-29T22:24:12+00:00","og_image":[{"url":"http:\/\/www.molinsfilmfestival.com\/wp-content\/uploads\/2019\/10\/D13BC092-3DB0-4C61-A64E-43FD8AEB3BC6.jpeg","type":"","width":"","height":""}],"author":"terrormolins","twitter_card":"summary_large_image","twitter_misc":{"Escrito por":"terrormolins","Tiempo de lectura":"3 minutos"},"schema":{"@context":"https:\/\/schema.org","@graph":[{"@type":"Article","@id":"https:\/\/www.molinsfilmfestival.com\/2019\/10\/29\/caseccio-movistar-al-terrormolins-2019esseccion-movistar-en-el-terrormolins-2019enseccio-movistar-al-terrormolins-2019-15\/#article","isPartOf":{"@id":"https:\/\/www.molinsfilmfestival.com\/2019\/10\/29\/caseccio-movistar-al-terrormolins-2019esseccion-movistar-en-el-terrormolins-2019enseccio-movistar-al-terrormolins-2019-15\/"},"author":{"name":"terrormolins","@id":"https:\/\/www.molinsfilmfestival.com\/#\/schema\/person\/9d664b50116f871b0cb00fa43b2527dd"},"headline":"[:ca]SECCI\u00d3 MOVISTAR+ al terrorMolins 2019[:es]SECCI\u00d3N MOVISTAR+ en el terrorMolins 2019[:en]SECCI\u00d3 MOVISTAR+ al terrorMolins 2019[:]","datePublished":"2019-10-29T22:24:12+00:00","mainEntityOfPage":{"@id":"https:\/\/www.molinsfilmfestival.com\/2019\/10\/29\/caseccio-movistar-al-terrormolins-2019esseccion-movistar-en-el-terrormolins-2019enseccio-movistar-al-terrormolins-2019-15\/"},"wordCount":587,"commentCount":0,"publisher":{"@id":"https:\/\/www.molinsfilmfestival.com\/#organization"},"image":{"@id":"https:\/\/www.molinsfilmfestival.com\/2019\/10\/29\/caseccio-movistar-al-terrormolins-2019esseccion-movistar-en-el-terrormolins-2019enseccio-movistar-al-terrormolins-2019-15\/#primaryimage"},"thumbnailUrl":"http:\/\/www.molinsfilmfestival.com\/wp-content\/uploads\/2019\/10\/D13BC092-3DB0-4C61-A64E-43FD8AEB3BC6.jpeg","inLanguage":"es"},{"@type":"WebPage","@id":"https:\/\/www.molinsfilmfestival.com\/2019\/10\/29\/caseccio-movistar-al-terrormolins-2019esseccion-movistar-en-el-terrormolins-2019enseccio-movistar-al-terrormolins-2019-15\/","url":"https:\/\/www.molinsfilmfestival.com\/2019\/10\/29\/caseccio-movistar-al-terrormolins-2019esseccion-movistar-en-el-terrormolins-2019enseccio-movistar-al-terrormolins-2019-15\/","name":"[:es]SECCI\u00d3N MOVISTAR+ en el terrorMolins 2019[:es]SECCI\u00d3N MOVISTAR+ en el terrorMolins 2019[:en]SECCI\u00d3N MOVISTAR+ en el terrorMolins 2019[:] | Molinos Horror Film Festival","isPartOf":{"@id":"https:\/\/www.molinsfilmfestival.com\/#website"},"primaryImageOfPage":{"@id":"https:\/\/www.molinsfilmfestival.com\/2019\/10\/29\/caseccio-movistar-al-terrormolins-2019esseccion-movistar-en-el-terrormolins-2019enseccio-movistar-al-terrormolins-2019-15\/#primaryimage"},"image":{"@id":"https:\/\/www.molinsfilmfestival.com\/2019\/10\/29\/caseccio-movistar-al-terrormolins-2019esseccion-movistar-en-el-terrormolins-2019enseccio-movistar-al-terrormolins-2019-15\/#primaryimage"},"thumbnailUrl":"http:\/\/www.molinsfilmfestival.com\/wp-content\/uploads\/2019\/10\/D13BC092-3DB0-4C61-A64E-43FD8AEB3BC6.jpeg","datePublished":"2019-10-29T22:24:12+00:00","breadcrumb":{"@id":"https:\/\/www.molinsfilmfestival.com\/2019\/10\/29\/caseccio-movistar-al-terrormolins-2019esseccion-movistar-en-el-terrormolins-2019enseccio-movistar-al-terrormolins-2019-15\/#breadcrumb"},"inLanguage":"es","potentialAction":[{"@type":"ReadAction","target":["https:\/\/www.molinsfilmfestival.com\/2019\/10\/29\/caseccio-movistar-al-terrormolins-2019esseccion-movistar-en-el-terrormolins-2019enseccio-movistar-al-terrormolins-2019-15\/"]}]},{"@type":"ImageObject","inLanguage":"es","@id":"https:\/\/www.molinsfilmfestival.com\/2019\/10\/29\/caseccio-movistar-al-terrormolins-2019esseccion-movistar-en-el-terrormolins-2019enseccio-movistar-al-terrormolins-2019-15\/#primaryimage","url":"http:\/\/www.molinsfilmfestival.com\/wp-content\/uploads\/2019\/10\/D13BC092-3DB0-4C61-A64E-43FD8AEB3BC6.jpeg","contentUrl":"http:\/\/www.molinsfilmfestival.com\/wp-content\/uploads\/2019\/10\/D13BC092-3DB0-4C61-A64E-43FD8AEB3BC6.jpeg"},{"@type":"BreadcrumbList","@id":"https:\/\/www.molinsfilmfestival.com\/2019\/10\/29\/caseccio-movistar-al-terrormolins-2019esseccion-movistar-en-el-terrormolins-2019enseccio-movistar-al-terrormolins-2019-15\/#breadcrumb","itemListElement":[{"@type":"ListItem","position":1,"name":"Inici","item":"https:\/\/www.molinsfilmfestival.com\/"},{"@type":"ListItem","position":2,"name":"[:ca]SECCI\u00d3 MOVISTAR+ al terrorMolins 2019[:es]SECCI\u00d3N MOVISTAR+ en el terrorMolins 2019[:en]SECCI\u00d3 MOVISTAR+ al terrorMolins 2019[:]"}]},{"@type":"WebSite","@id":"https:\/\/www.molinsfilmfestival.com\/#website","url":"https:\/\/www.molinsfilmfestival.com\/","name":"Molinos Horror Film Festival","description":"Festival de Cine de Terror de Molinos de Rey","publisher":{"@id":"https:\/\/www.molinsfilmfestival.com\/#organization"},"potentialAction":[{"@type":"SearchAction","target":{"@type":"EntryPoint","urlTemplate":"https:\/\/www.molinsfilmfestival.com\/?s={search_term_string}"},"query-input":{"@type":"PropertyValueSpecification","valueRequired":true,"valueName":"search_term_string"}}],"inLanguage":"es"},{"@type":"Organization","@id":"https:\/\/www.molinsfilmfestival.com\/#organization","name":"Molinos Horror Film Festival","url":"https:\/\/www.molinsfilmfestival.com\/","logo":{"@type":"ImageObject","inLanguage":"es","@id":"https:\/\/www.molinsfilmfestival.com\/#\/schema\/logo\/image\/","url":"https:\/\/www.molinsfilmfestival.com\/wp-content\/uploads\/2025\/05\/terrormolins_logo.svg","contentUrl":"https:\/\/www.molinsfilmfestival.com\/wp-content\/uploads\/2025\/05\/terrormolins_logo.svg","caption":"Molins Horror Film Festival"},"image":{"@id":"https:\/\/www.molinsfilmfestival.com\/#\/schema\/logo\/image\/"}},{"@type":"Person","@id":"https:\/\/www.molinsfilmfestival.com\/#\/schema\/person\/9d664b50116f871b0cb00fa43b2527dd","name":"terrormolinos","image":{"@type":"ImageObject","inLanguage":"es","@id":"https:\/\/www.molinsfilmfestival.com\/#\/schema\/person\/image\/","url":"https:\/\/secure.gravatar.com\/avatar\/591ccac8e3772fe3891dbd3892fd2232dbe1beb33ebbae4b228747f35168dcc6?s=96&d=mm&r=g","contentUrl":"https:\/\/secure.gravatar.com\/avatar\/591ccac8e3772fe3891dbd3892fd2232dbe1beb33ebbae4b228747f35168dcc6?s=96&d=mm&r=g","caption":"terrormolins"},"sameAs":["https:\/\/temporal.molinsfilmfestival.com"],"url":"https:\/\/www.molinsfilmfestival.com\/esp\/author\/terrormolins\/"}]}},"_links":{"self":[{"href":"https:\/\/www.molinsfilmfestival.com\/esp\/wp-json\/wp\/v2\/posts\/11822","targetHints":{"allow":["GET"]}}],"collection":[{"href":"https:\/\/www.molinsfilmfestival.com\/esp\/wp-json\/wp\/v2\/posts"}],"about":[{"href":"https:\/\/www.molinsfilmfestival.com\/esp\/wp-json\/wp\/v2\/types\/post"}],"author":[{"embeddable":true,"href":"https:\/\/www.molinsfilmfestival.com\/esp\/wp-json\/wp\/v2\/users\/1"}],"replies":[{"embeddable":true,"href":"https:\/\/www.molinsfilmfestival.com\/esp\/wp-json\/wp\/v2\/comments?post=11822"}],"version-history":[{"count":0,"href":"https:\/\/www.molinsfilmfestival.com\/esp\/wp-json\/wp\/v2\/posts\/11822\/revisions"}],"wp:attachment":[{"href":"https:\/\/www.molinsfilmfestival.com\/esp\/wp-json\/wp\/v2\/media?parent=11822"}],"wp:term":[{"taxonomy":"category","embeddable":true,"href":"https:\/\/www.molinsfilmfestival.com\/esp\/wp-json\/wp\/v2\/categories?post=11822"},{"taxonomy":"post_tag","embeddable":true,"href":"https:\/\/www.molinsfilmfestival.com\/esp\/wp-json\/wp\/v2\/tags?post=11822"}],"curies":[{"name":"wp","href":"https:\/\/api.w.org\/{rel}","templated":true}]}}