{"id":1227,"date":"2024-11-21T11:38:39","date_gmt":"2024-11-21T10:38:39","guid":{"rendered":"https:\/\/temporal.molinsfilmfestival.com\/?p=25953384"},"modified":"2024-11-21T11:38:39","modified_gmt":"2024-11-21T10:38:39","slug":"el-terrormolins-tanca-definitivament-una-43a-edicio-que-ha-reunit-mes-de-10-000-espectadors-presencials-i-gairebe-8-000-en-linia","status":"publish","type":"post","link":"https:\/\/www.molinsfilmfestival.com\/esp\/2024\/11\/21\/el-terrormolins-tanca-definitivament-una-43a-edicio-que-ha-reunit-mes-de-10-000-espectadors-presencials-i-gairebe-8-000-en-linia\/","title":{"rendered":"El TerrorMolins cierra definitivamente una 43\u00aa edici\u00f3n que ha reunido a m\u00e1s de 10.000 espectadores presenciales y casi 8.000 online"},"content":{"rendered":"<p>El TerrorMolins deja definitivamente atr\u00e1s su 43 edici\u00f3n y lo hace con unas cifras que certifican el crecimiento sostenido que ha experimentado el certamen en los \u00faltimos a\u00f1os. M\u00e1s de 10.000 espectadores pasaron por el festival, llenando el Teatro de La Peni y la sala de exposiciones Ca n&#039;Ametller, as\u00ed como las sedes de las actividades de Industria. Es en este \u00faltimo apartado que, hasta el jueves 21, el festival ha estado activo a trav\u00e9s del\u00a0<strong>IV Foro de Coproducci\u00f3n Iberoamericana<\/strong>, un encuentro de productoras independientes dedicado al cine de g\u00e9nero que tiene como objetivo crear una red donde compartir experiencias, presentar proyectos y generar coproducciones entre pa\u00edses de ambos lados del Atl\u00e1ntico.<\/p>\n\n\n\n<p>Adem\u00e1s de los asistentes presenciales, TerrorMolins ha contado con una extensi\u00f3n online a trav\u00e9s de las plataformas\u00a0<strong>Filmin<\/strong>, donde se han podido ver varias sesiones de cortometrajes y la Retrospectiva, y\u00a0<strong>3Cast<\/strong>, donde est\u00e1n algunos de los filmes de terror en catal\u00e1n que han formado parte de la programaci\u00f3n del certamen. Con los cerca de 8.000 usuarios online,\u00a0<strong>las cifras de p\u00fablico de la 43a edici\u00f3n ascienden a los 18.000<\/strong>. Desde la organizaci\u00f3n del festival se hace una muy buena valoraci\u00f3n de las cifras pero tambi\u00e9n de la calidad de nuevos p\u00fablicos, con la consolidaci\u00f3n de sesiones como TerrorKids -que con \u00e9ste celebraba 10 a\u00f1os- y TerrorJove, que en su segundo a\u00f1o ha logrado acercar el cine de g\u00e9nero a nuevas generaciones. Tambi\u00e9n han logrado ganar peso entre el p\u00fablico secciones tradicionalmente menos concurridas como Retrospectiva, con la exitosa proyecci\u00f3n de\u00a0<em>La matanza de Texas<\/em>.<\/p>\n\n\n\n<h4 class=\"wp-block-heading\"><strong>El festival baja el tel\u00f3n de la 43 edici\u00f3n con la celebraci\u00f3n del IV Foro de Coproducci\u00f3n Iberoamericana, segunda parte del cual tendr\u00e1 lugar en marzo de 2025.<\/strong><\/h4>\n\n\n\n<p><strong>Impulsando el terror transatl\u00e1ntico. <\/strong>Una de las \u00e1reas del TerrorMolins que ha cogido m\u00e1s impulso en los \u00faltimos a\u00f1os es la de industria, con unas\u00a0<strong>Jornadas Profesionales<\/strong>\u00a0que este a\u00f1o han batido todas las marcas previas de participaci\u00f3n: m\u00e1s empresas productoras \u2014entre ellas,\u00a0<strong>Warner Bros<\/strong>,\u00a0<strong>Filmax<\/strong>,\u00a0<strong>Fasten<\/strong>,\u00a0<strong>Ikiru Films<\/strong>,\u00a0<strong>Mister Miyagi Films<\/strong>\u00a0o\u00a0<strong>3Cast<\/strong>\u2014; m\u00e1s ponentes y acreditados del sector y m\u00e1s proyectos en marcha que nunca. Entre los proyectos presentados destacan el espa\u00f1ol\u00a0<em><strong>Las malignas<\/strong><\/em>, de Elena Gall\u00e9n, ganador del Premio UCO Cinematic Sound; o el mexicano\u00a0<em><strong>La mujer que so\u00f1aba bajo el agua<\/strong><\/em>, de Ale Garcia y Carla Sierra, reconocida con una menci\u00f3n del mismo Premio UCO Cinematic Sound. En los pr\u00f3ximos d\u00edas se dar\u00e1n a conocer los ganadores del Premio Cinescalas y, en el marco del mercado audiovisual Ventana Sur \u2014el m\u00e1s importante de Latinoam\u00e9rica\u2014, los premios TerrorMolins Horror Talent y TerrorMolins Coproduction Forum.<\/p>\n\n\n\n<p>Tambi\u00e9n en el marco de las actividades de industria del TerrorMolins 2024 se ha celebrado el&nbsp;<strong>IV Foro Coproducci\u00f3n Iberoamericana<\/strong>, que finaliza el jueves 21 y que re\u00fane a productoras independientes de cuatro pa\u00edses (Argentina, Espa\u00f1a, Colombia y M\u00e9xico) para posibilitar coproducciones internacionales de g\u00e9nero fant\u00e1stico y de terror, adem\u00e1s de programar charlas y debates con m\u00e1s de una decena de ponentes de los cuatro pa\u00edses.<\/p>\n\n\n\n<h4 class=\"wp-block-heading\"><strong><br>Los largometrajes &#039;Exhuma&#039;, &#039;El instinto&#039; y &#039;Handsome Guys&#039; y el cortometraje &#039;El cactus&#039; reciben los premios del p\u00fablico de sus respectivas secciones.<\/strong><\/h4>\n\n\n\n<p><strong>El p\u00fablico tambi\u00e9n premia.<\/strong>Con el cierre de la edici\u00f3n de 2024, dedicada al terror rural, tambi\u00e9n se han dado a conocer los \u00faltimos galardones, los premios del p\u00fablico que redondean un palmar\u00e9s encabezado por la gran ganadora,\u00a0<em>El ba\u00f1o del diablo<\/em>. En la principal selecci\u00f3n competitiva de largometrajes, Secci\u00f3n Oficial, el Premio del P\u00fablico ha ido a parar al filme coreano\u00a0<em><strong>Exhuma<\/strong><\/em>, de Jang Jae-hyun, que tambi\u00e9n fue distinguido por el jurado con el premio a los Mejores efectos especiales y maquillaje. Otra producci\u00f3n de Corea del Sur,\u00a0<em><strong>Handsome Guys<\/strong><\/em>, de Nam Dong-hyup, se ha llevado el Premio del P\u00fablico de la secci\u00f3n Bloody Madness. Por \u00faltimo, la preferida de los espectadores de la secci\u00f3n Being Different ha sido la espa\u00f1ola\u00a0<em><strong>El instinto<\/strong><\/em>, de Juan Albarrac\u00edn, quien ya se hab\u00eda llevado los premios a Mejor pel\u00edcula y Mejor gui\u00f3n del mismo apartado. En cuanto a cortometrajes, el voto online de la secci\u00f3n Globo -disponible en Filmin- ha certificado el filme brasile\u00f1o\u00a0<em><strong>El cactus<\/strong><\/em>, de Ricardo Kump, como ganadora del Premio del P\u00fablico.\u00a0<\/p>","protected":false},"excerpt":{"rendered":"<p>El TerrorMolins deja definitivamente atr\u00e1s su 43 edici\u00f3n y lo hace con unas cifras que certifican el crecimiento sostenido que ha experimentado el certamen en los \u00faltimos a\u00f1os. M\u00e1s de 10.000 espectadores pasaron por el festival, llenando el Teatro de La Peni y la sala de exposiciones Ca n&#039;Ametller, as\u00ed como las sedes de las [\u2026]<\/p>","protected":false},"author":1,"featured_media":0,"comment_status":"closed","ping_status":"closed","sticky":false,"template":"","format":"standard","meta":{"_acf_changed":false,"footnotes":""},"categories":[50],"tags":[],"class_list":["post-1227","post","type-post","status-publish","format-standard","hentry","category-43e-edicio-2024"],"acf":[],"yoast_head":"<!-- This site is optimized with the Yoast SEO plugin v26.4 - https:\/\/yoast.com\/wordpress\/plugins\/seo\/ -->\n<title>El TerrorMolins tanca definitivament una 43a edici\u00f3 que ha reunit m\u00e9s de 10.000 espectadors presencials i gaireb\u00e9 8.000 en l\u00ednia | Molins Horror Film Festival<\/title>\n<meta name=\"robots\" content=\"index, follow, max-snippet:-1, max-image-preview:large, max-video-preview:-1\" \/>\n<link rel=\"canonical\" href=\"https:\/\/www.molinsfilmfestival.com\/esp\/2024\/11\/21\/el-terrormolins-tanca-definitivament-una-43a-edicio-que-ha-reunit-mes-de-10-000-espectadors-presencials-i-gairebe-8-000-en-linia\/\" \/>\n<meta property=\"og:locale\" content=\"es_ES\" \/>\n<meta property=\"og:type\" content=\"article\" \/>\n<meta property=\"og:title\" content=\"El TerrorMolins tanca definitivament una 43a edici\u00f3 que ha reunit m\u00e9s de 10.000 espectadors presencials i gaireb\u00e9 8.000 en l\u00ednia | Molins Horror Film Festival\" \/>\n<meta property=\"og:description\" content=\"El TerrorMolins deixa definitivament enrere la seva 43a edici\u00f3 i ho fa amb unes xifres que certifiquen el creixement sostingut que ha experimentat el certamen els darrers anys. M\u00e9s de 10.000 espectadors van passar pel festival, omplint el Teatre de La Peni i la sala d\u2019exposicions Ca n\u2019Ametller, aix\u00ed com tamb\u00e9 les seus de les [&hellip;]\" \/>\n<meta property=\"og:url\" content=\"https:\/\/www.molinsfilmfestival.com\/esp\/2024\/11\/21\/el-terrormolins-tanca-definitivament-una-43a-edicio-que-ha-reunit-mes-de-10-000-espectadors-presencials-i-gairebe-8-000-en-linia\/\" \/>\n<meta property=\"og:site_name\" content=\"Molins Horror Film Festival\" \/>\n<meta property=\"article:published_time\" content=\"2024-11-21T10:38:39+00:00\" \/>\n<meta name=\"author\" content=\"terrormolins\" \/>\n<meta name=\"twitter:card\" content=\"summary_large_image\" \/>\n<meta name=\"twitter:label1\" content=\"Escrito por\" \/>\n\t<meta name=\"twitter:data1\" content=\"terrormolins\" \/>\n\t<meta name=\"twitter:label2\" content=\"Tiempo de lectura\" \/>\n\t<meta name=\"twitter:data2\" content=\"4 minutos\" \/>\n<script type=\"application\/ld+json\" class=\"yoast-schema-graph\">{\"@context\":\"https:\/\/schema.org\",\"@graph\":[{\"@type\":\"Article\",\"@id\":\"https:\/\/www.molinsfilmfestival.com\/2024\/11\/21\/el-terrormolins-tanca-definitivament-una-43a-edicio-que-ha-reunit-mes-de-10-000-espectadors-presencials-i-gairebe-8-000-en-linia\/#article\",\"isPartOf\":{\"@id\":\"https:\/\/www.molinsfilmfestival.com\/2024\/11\/21\/el-terrormolins-tanca-definitivament-una-43a-edicio-que-ha-reunit-mes-de-10-000-espectadors-presencials-i-gairebe-8-000-en-linia\/\"},\"author\":{\"name\":\"terrormolins\",\"@id\":\"https:\/\/www.molinsfilmfestival.com\/#\/schema\/person\/9d664b50116f871b0cb00fa43b2527dd\"},\"headline\":\"El TerrorMolins tanca definitivament una 43a edici\u00f3 que ha reunit m\u00e9s de 10.000 espectadors presencials i gaireb\u00e9 8.000 en l\u00ednia\",\"datePublished\":\"2024-11-21T10:38:39+00:00\",\"mainEntityOfPage\":{\"@id\":\"https:\/\/www.molinsfilmfestival.com\/2024\/11\/21\/el-terrormolins-tanca-definitivament-una-43a-edicio-que-ha-reunit-mes-de-10-000-espectadors-presencials-i-gairebe-8-000-en-linia\/\"},\"wordCount\":762,\"publisher\":{\"@id\":\"https:\/\/www.molinsfilmfestival.com\/#organization\"},\"articleSection\":[\"43\u00e8 edici\u00f3 2024\"],\"inLanguage\":\"es\"},{\"@type\":\"WebPage\",\"@id\":\"https:\/\/www.molinsfilmfestival.com\/2024\/11\/21\/el-terrormolins-tanca-definitivament-una-43a-edicio-que-ha-reunit-mes-de-10-000-espectadors-presencials-i-gairebe-8-000-en-linia\/\",\"url\":\"https:\/\/www.molinsfilmfestival.com\/2024\/11\/21\/el-terrormolins-tanca-definitivament-una-43a-edicio-que-ha-reunit-mes-de-10-000-espectadors-presencials-i-gairebe-8-000-en-linia\/\",\"name\":\"El TerrorMolins tanca definitivament una 43a edici\u00f3 que ha reunit m\u00e9s de 10.000 espectadors presencials i gaireb\u00e9 8.000 en l\u00ednia | Molins Horror Film Festival\",\"isPartOf\":{\"@id\":\"https:\/\/www.molinsfilmfestival.com\/#website\"},\"datePublished\":\"2024-11-21T10:38:39+00:00\",\"breadcrumb\":{\"@id\":\"https:\/\/www.molinsfilmfestival.com\/2024\/11\/21\/el-terrormolins-tanca-definitivament-una-43a-edicio-que-ha-reunit-mes-de-10-000-espectadors-presencials-i-gairebe-8-000-en-linia\/#breadcrumb\"},\"inLanguage\":\"es\",\"potentialAction\":[{\"@type\":\"ReadAction\",\"target\":[\"https:\/\/www.molinsfilmfestival.com\/2024\/11\/21\/el-terrormolins-tanca-definitivament-una-43a-edicio-que-ha-reunit-mes-de-10-000-espectadors-presencials-i-gairebe-8-000-en-linia\/\"]}]},{\"@type\":\"BreadcrumbList\",\"@id\":\"https:\/\/www.molinsfilmfestival.com\/2024\/11\/21\/el-terrormolins-tanca-definitivament-una-43a-edicio-que-ha-reunit-mes-de-10-000-espectadors-presencials-i-gairebe-8-000-en-linia\/#breadcrumb\",\"itemListElement\":[{\"@type\":\"ListItem\",\"position\":1,\"name\":\"Inici\",\"item\":\"https:\/\/www.molinsfilmfestival.com\/\"},{\"@type\":\"ListItem\",\"position\":2,\"name\":\"El TerrorMolins tanca definitivament una 43a edici\u00f3 que ha reunit m\u00e9s de 10.000 espectadors presencials i gaireb\u00e9 8.000 en l\u00ednia\"}]},{\"@type\":\"WebSite\",\"@id\":\"https:\/\/www.molinsfilmfestival.com\/#website\",\"url\":\"https:\/\/www.molinsfilmfestival.com\/\",\"name\":\"Molins Horror Film Festival\",\"description\":\"Festival de Cine de Terror de Molins de Rei\",\"publisher\":{\"@id\":\"https:\/\/www.molinsfilmfestival.com\/#organization\"},\"potentialAction\":[{\"@type\":\"SearchAction\",\"target\":{\"@type\":\"EntryPoint\",\"urlTemplate\":\"https:\/\/www.molinsfilmfestival.com\/?s={search_term_string}\"},\"query-input\":{\"@type\":\"PropertyValueSpecification\",\"valueRequired\":true,\"valueName\":\"search_term_string\"}}],\"inLanguage\":\"es\"},{\"@type\":\"Organization\",\"@id\":\"https:\/\/www.molinsfilmfestival.com\/#organization\",\"name\":\"Molins Horror Film Festival\",\"url\":\"https:\/\/www.molinsfilmfestival.com\/\",\"logo\":{\"@type\":\"ImageObject\",\"inLanguage\":\"es\",\"@id\":\"https:\/\/www.molinsfilmfestival.com\/#\/schema\/logo\/image\/\",\"url\":\"https:\/\/www.molinsfilmfestival.com\/wp-content\/uploads\/2025\/05\/terrormolins_logo.svg\",\"contentUrl\":\"https:\/\/www.molinsfilmfestival.com\/wp-content\/uploads\/2025\/05\/terrormolins_logo.svg\",\"caption\":\"Molins Horror Film Festival\"},\"image\":{\"@id\":\"https:\/\/www.molinsfilmfestival.com\/#\/schema\/logo\/image\/\"}},{\"@type\":\"Person\",\"@id\":\"https:\/\/www.molinsfilmfestival.com\/#\/schema\/person\/9d664b50116f871b0cb00fa43b2527dd\",\"name\":\"terrormolins\",\"image\":{\"@type\":\"ImageObject\",\"inLanguage\":\"es\",\"@id\":\"https:\/\/www.molinsfilmfestival.com\/#\/schema\/person\/image\/\",\"url\":\"https:\/\/secure.gravatar.com\/avatar\/591ccac8e3772fe3891dbd3892fd2232dbe1beb33ebbae4b228747f35168dcc6?s=96&d=mm&r=g\",\"contentUrl\":\"https:\/\/secure.gravatar.com\/avatar\/591ccac8e3772fe3891dbd3892fd2232dbe1beb33ebbae4b228747f35168dcc6?s=96&d=mm&r=g\",\"caption\":\"terrormolins\"},\"sameAs\":[\"https:\/\/temporal.molinsfilmfestival.com\"],\"url\":\"https:\/\/www.molinsfilmfestival.com\/esp\/author\/terrormolins\/\"}]}<\/script>\n<!-- \/ Yoast SEO plugin. -->","yoast_head_json":{"title":"El TerrorMolins cierra definitivamente una 43\u00aa edici\u00f3n que ha reunido a m\u00e1s de 10.000 espectadores presenciales y casi 8.000 online | Molinos Horror Film Festival","robots":{"index":"index","follow":"follow","max-snippet":"max-snippet:-1","max-image-preview":"max-image-preview:large","max-video-preview":"max-video-preview:-1"},"canonical":"https:\/\/www.molinsfilmfestival.com\/esp\/2024\/11\/21\/el-terrormolins-tanca-definitivament-una-43a-edicio-que-ha-reunit-mes-de-10-000-espectadors-presencials-i-gairebe-8-000-en-linia\/","og_locale":"es_ES","og_type":"article","og_title":"El TerrorMolins tanca definitivament una 43a edici\u00f3 que ha reunit m\u00e9s de 10.000 espectadors presencials i gaireb\u00e9 8.000 en l\u00ednia | Molins Horror Film Festival","og_description":"El TerrorMolins deixa definitivament enrere la seva 43a edici\u00f3 i ho fa amb unes xifres que certifiquen el creixement sostingut que ha experimentat el certamen els darrers anys. M\u00e9s de 10.000 espectadors van passar pel festival, omplint el Teatre de La Peni i la sala d\u2019exposicions Ca n\u2019Ametller, aix\u00ed com tamb\u00e9 les seus de les [&hellip;]","og_url":"https:\/\/www.molinsfilmfestival.com\/esp\/2024\/11\/21\/el-terrormolins-tanca-definitivament-una-43a-edicio-que-ha-reunit-mes-de-10-000-espectadors-presencials-i-gairebe-8-000-en-linia\/","og_site_name":"Molins Horror Film Festival","article_published_time":"2024-11-21T10:38:39+00:00","author":"terrormolins","twitter_card":"summary_large_image","twitter_misc":{"Escrito por":"terrormolins","Tiempo de lectura":"4 minutos"},"schema":{"@context":"https:\/\/schema.org","@graph":[{"@type":"Article","@id":"https:\/\/www.molinsfilmfestival.com\/2024\/11\/21\/el-terrormolins-tanca-definitivament-una-43a-edicio-que-ha-reunit-mes-de-10-000-espectadors-presencials-i-gairebe-8-000-en-linia\/#article","isPartOf":{"@id":"https:\/\/www.molinsfilmfestival.com\/2024\/11\/21\/el-terrormolins-tanca-definitivament-una-43a-edicio-que-ha-reunit-mes-de-10-000-espectadors-presencials-i-gairebe-8-000-en-linia\/"},"author":{"name":"terrormolins","@id":"https:\/\/www.molinsfilmfestival.com\/#\/schema\/person\/9d664b50116f871b0cb00fa43b2527dd"},"headline":"El TerrorMolins tanca definitivament una 43a edici\u00f3 que ha reunit m\u00e9s de 10.000 espectadors presencials i gaireb\u00e9 8.000 en l\u00ednia","datePublished":"2024-11-21T10:38:39+00:00","mainEntityOfPage":{"@id":"https:\/\/www.molinsfilmfestival.com\/2024\/11\/21\/el-terrormolins-tanca-definitivament-una-43a-edicio-que-ha-reunit-mes-de-10-000-espectadors-presencials-i-gairebe-8-000-en-linia\/"},"wordCount":762,"publisher":{"@id":"https:\/\/www.molinsfilmfestival.com\/#organization"},"articleSection":["43\u00e8 edici\u00f3 2024"],"inLanguage":"es"},{"@type":"WebPage","@id":"https:\/\/www.molinsfilmfestival.com\/2024\/11\/21\/el-terrormolins-tanca-definitivament-una-43a-edicio-que-ha-reunit-mes-de-10-000-espectadors-presencials-i-gairebe-8-000-en-linia\/","url":"https:\/\/www.molinsfilmfestival.com\/2024\/11\/21\/el-terrormolins-tanca-definitivament-una-43a-edicio-que-ha-reunit-mes-de-10-000-espectadors-presencials-i-gairebe-8-000-en-linia\/","name":"El TerrorMolins cierra definitivamente una 43\u00aa edici\u00f3n que ha reunido a m\u00e1s de 10.000 espectadores presenciales y casi 8.000 online | Molinos Horror Film Festival","isPartOf":{"@id":"https:\/\/www.molinsfilmfestival.com\/#website"},"datePublished":"2024-11-21T10:38:39+00:00","breadcrumb":{"@id":"https:\/\/www.molinsfilmfestival.com\/2024\/11\/21\/el-terrormolins-tanca-definitivament-una-43a-edicio-que-ha-reunit-mes-de-10-000-espectadors-presencials-i-gairebe-8-000-en-linia\/#breadcrumb"},"inLanguage":"es","potentialAction":[{"@type":"ReadAction","target":["https:\/\/www.molinsfilmfestival.com\/2024\/11\/21\/el-terrormolins-tanca-definitivament-una-43a-edicio-que-ha-reunit-mes-de-10-000-espectadors-presencials-i-gairebe-8-000-en-linia\/"]}]},{"@type":"BreadcrumbList","@id":"https:\/\/www.molinsfilmfestival.com\/2024\/11\/21\/el-terrormolins-tanca-definitivament-una-43a-edicio-que-ha-reunit-mes-de-10-000-espectadors-presencials-i-gairebe-8-000-en-linia\/#breadcrumb","itemListElement":[{"@type":"ListItem","position":1,"name":"Inici","item":"https:\/\/www.molinsfilmfestival.com\/"},{"@type":"ListItem","position":2,"name":"El TerrorMolins tanca definitivament una 43a edici\u00f3 que ha reunit m\u00e9s de 10.000 espectadors presencials i gaireb\u00e9 8.000 en l\u00ednia"}]},{"@type":"WebSite","@id":"https:\/\/www.molinsfilmfestival.com\/#website","url":"https:\/\/www.molinsfilmfestival.com\/","name":"Molinos Horror Film Festival","description":"Festival de Cine de Terror de Molinos de Rey","publisher":{"@id":"https:\/\/www.molinsfilmfestival.com\/#organization"},"potentialAction":[{"@type":"SearchAction","target":{"@type":"EntryPoint","urlTemplate":"https:\/\/www.molinsfilmfestival.com\/?s={search_term_string}"},"query-input":{"@type":"PropertyValueSpecification","valueRequired":true,"valueName":"search_term_string"}}],"inLanguage":"es"},{"@type":"Organization","@id":"https:\/\/www.molinsfilmfestival.com\/#organization","name":"Molinos Horror Film Festival","url":"https:\/\/www.molinsfilmfestival.com\/","logo":{"@type":"ImageObject","inLanguage":"es","@id":"https:\/\/www.molinsfilmfestival.com\/#\/schema\/logo\/image\/","url":"https:\/\/www.molinsfilmfestival.com\/wp-content\/uploads\/2025\/05\/terrormolins_logo.svg","contentUrl":"https:\/\/www.molinsfilmfestival.com\/wp-content\/uploads\/2025\/05\/terrormolins_logo.svg","caption":"Molins Horror Film Festival"},"image":{"@id":"https:\/\/www.molinsfilmfestival.com\/#\/schema\/logo\/image\/"}},{"@type":"Person","@id":"https:\/\/www.molinsfilmfestival.com\/#\/schema\/person\/9d664b50116f871b0cb00fa43b2527dd","name":"terrormolinos","image":{"@type":"ImageObject","inLanguage":"es","@id":"https:\/\/www.molinsfilmfestival.com\/#\/schema\/person\/image\/","url":"https:\/\/secure.gravatar.com\/avatar\/591ccac8e3772fe3891dbd3892fd2232dbe1beb33ebbae4b228747f35168dcc6?s=96&d=mm&r=g","contentUrl":"https:\/\/secure.gravatar.com\/avatar\/591ccac8e3772fe3891dbd3892fd2232dbe1beb33ebbae4b228747f35168dcc6?s=96&d=mm&r=g","caption":"terrormolins"},"sameAs":["https:\/\/temporal.molinsfilmfestival.com"],"url":"https:\/\/www.molinsfilmfestival.com\/esp\/author\/terrormolins\/"}]}},"_links":{"self":[{"href":"https:\/\/www.molinsfilmfestival.com\/esp\/wp-json\/wp\/v2\/posts\/1227","targetHints":{"allow":["GET"]}}],"collection":[{"href":"https:\/\/www.molinsfilmfestival.com\/esp\/wp-json\/wp\/v2\/posts"}],"about":[{"href":"https:\/\/www.molinsfilmfestival.com\/esp\/wp-json\/wp\/v2\/types\/post"}],"author":[{"embeddable":true,"href":"https:\/\/www.molinsfilmfestival.com\/esp\/wp-json\/wp\/v2\/users\/1"}],"replies":[{"embeddable":true,"href":"https:\/\/www.molinsfilmfestival.com\/esp\/wp-json\/wp\/v2\/comments?post=1227"}],"version-history":[{"count":1,"href":"https:\/\/www.molinsfilmfestival.com\/esp\/wp-json\/wp\/v2\/posts\/1227\/revisions"}],"predecessor-version":[{"id":2436,"href":"https:\/\/www.molinsfilmfestival.com\/esp\/wp-json\/wp\/v2\/posts\/1227\/revisions\/2436"}],"wp:attachment":[{"href":"https:\/\/www.molinsfilmfestival.com\/esp\/wp-json\/wp\/v2\/media?parent=1227"}],"wp:term":[{"taxonomy":"category","embeddable":true,"href":"https:\/\/www.molinsfilmfestival.com\/esp\/wp-json\/wp\/v2\/categories?post=1227"},{"taxonomy":"post_tag","embeddable":true,"href":"https:\/\/www.molinsfilmfestival.com\/esp\/wp-json\/wp\/v2\/tags?post=1227"}],"curies":[{"name":"wp","href":"https:\/\/api.w.org\/{rel}","templated":true}]}}