{"id":1302,"date":"2022-10-26T22:43:24","date_gmt":"2022-10-26T20:43:24","guid":{"rendered":"https:\/\/temporal.molinsfilmfestival.com\/?p=13165"},"modified":"2022-10-26T22:43:24","modified_gmt":"2022-10-26T20:43:24","slug":"xerrades-genere-al-genere-2022","status":"publish","type":"post","link":"https:\/\/www.molinsfilmfestival.com\/esp\/2022\/10\/26\/xerrades-genere-al-genere-2022\/","title":{"rendered":"Charlas G\u00e9nero en el G\u00e9nero 2022"},"content":{"rendered":"<p>El proyecto G\u00e9nero en el G\u00e9nero crece en cuanto a cantidad e impacto de sus actividades y gana peso en su presencia transversal en todo el Festival. Esta edici\u00f3n ofrece charlas tanto en clave de Industria como enmarcadas en la l\u00ednea estrat\u00e9gica Educacional.<\/p>\n\n<p><strong>2 de noviembre 19h. Mesa redonda. Online. Gratuita<\/strong><br\/>De forma virtual celebraremos la <a href=\"https:\/\/tv.molinsfilmfestival.com\/es\/tv\/activities\/40\">Mesa redonda \u201cEl salto del corto a lo largo: rompiendo el techo de cristal\u201d<\/a> con dos profesionales del medio cinematogr\u00e1fico: Mireia Noguera y Ainhoa \u200b\u200bMen\u00e9ndez Goyoaga donde hablaremos del reto que supone para las directoras pasar del cortometraje al largometraje.<\/p>\n\n<p>Mireia Noguera (directora y guionista) cuenta con los galardonados cortometrajes Centrifugado y Nunca te dej\u00e9 sola, ambos presentados en nuestro festival y el segundo, ganador del M\u00e9li\u00e8s D&#039;Argent al Mejor Cortometraje Europeo.<\/p>\n\n<p>Ainhoa \u200b\u200bMen\u00e9ndez (directora, guionista y actriz) cuenta con cientos de selecciones con su trilog\u00eda de cortometrajes Dark Tales, es Berlinale Talent Alumni y obtuvo el premio Woman in action, otorgado por Movistar+.<\/p>\n\n<p><strong>7 de noviembre. Charla por 3\u00ba y 4\u00ba ESO<\/strong><br\/>En el \u00e1mbito educativo contaremos con Mireia Iniesta Navarro, cr\u00edtica de cine feminista y docente, como conductora de dos charlas educativas que estar\u00e1n dirigidas a un p\u00fablico de 14 a 16 a\u00f1os y se llevar\u00e1n a cabo en la misma escuela. Estas charlas se realizar\u00e1n con ejemplos pr\u00e1cticos sobre c\u00f3mo el cine (y el cine de terror m\u00e1s concretamente) y las series de TV reproducen y\/o combaten los estereotipos de g\u00e9nero, con especial atenci\u00f3n en la actualidad.<\/p>\n\n<p>Sin embargo, el festival contar\u00e1 con puntos lila tanto informativos como de asistencia y todo su equipo ha recibido una formaci\u00f3n oficial en protocolos de respuesta y atenci\u00f3n en caso de que se produzca alguna incidencia o se necesite alg\u00fan tipo de asesoramiento.<\/p>\n\n<p style=\"font-size:15px\"><em>G\u00e9nero en el G\u00e9nero es un proyecto transversal en todo el festival que vertebra sus estrategias y actividades de visibilizaci\u00f3n y an\u00e1lisis en clave de perspectiva de g\u00e9nero, mirada inclusiva y fomento de la diversidad dentro del sector audiovisual.<br\/>M\u00e1s informaci\u00f3n: https:\/\/temporal.molinsfilmfestival.com\/genere-al-genere\/?lang=es<\/em><\/p>","protected":false},"excerpt":{"rendered":"<p>El projecte G\u00e8nere al G\u00e8nere creix quant a quantitat i impacte de les seves activitats i guanya pes en la seva pres\u00e8ncia transversal a tot el Festival. Aquesta edici\u00f3 ofereix xerrades tant en clau d\u2019Ind\u00fastria com emmarcades dins la l\u00ednia estrat\u00e8gica Educacional. 2 de novembre 19h. Taula rodona. Online. Gratu\u00eftaDe forma virtual celebrarem la Taula [&hellip;]<\/p>","protected":false},"author":1,"featured_media":0,"comment_status":"closed","ping_status":"closed","sticky":false,"template":"","format":"standard","meta":{"_acf_changed":false,"footnotes":""},"categories":[103,104,56,96,99],"tags":[],"class_list":["post-1302","post","type-post","status-publish","format-standard","hentry","category-41-edition-2022-ca","category-aula-de-terror-ca","category-destacats","category-genere-al-genere-ca","category-industria-ca"],"acf":[],"yoast_head":"<!-- This site is optimized with the Yoast SEO plugin v26.4 - https:\/\/yoast.com\/wordpress\/plugins\/seo\/ -->\n<title>Xerrades G\u00e8nere al G\u00e8nere 2022 | Molins Horror Film Festival<\/title>\n<meta name=\"robots\" content=\"index, follow, max-snippet:-1, max-image-preview:large, max-video-preview:-1\" \/>\n<link rel=\"canonical\" href=\"https:\/\/www.molinsfilmfestival.com\/esp\/2022\/10\/26\/xerrades-genere-al-genere-2022\/\" \/>\n<meta property=\"og:locale\" content=\"es_ES\" \/>\n<meta property=\"og:type\" content=\"article\" \/>\n<meta property=\"og:title\" content=\"Xerrades G\u00e8nere al G\u00e8nere 2022 | Molins Horror Film Festival\" \/>\n<meta property=\"og:description\" content=\"El projecte G\u00e8nere al G\u00e8nere creix quant a quantitat i impacte de les seves activitats i guanya pes en la seva pres\u00e8ncia transversal a tot el Festival. Aquesta edici\u00f3 ofereix xerrades tant en clau d\u2019Ind\u00fastria com emmarcades dins la l\u00ednia estrat\u00e8gica Educacional. 2 de novembre 19h. Taula rodona. Online. Gratu\u00eftaDe forma virtual celebrarem la Taula [&hellip;]\" \/>\n<meta property=\"og:url\" content=\"https:\/\/www.molinsfilmfestival.com\/esp\/2022\/10\/26\/xerrades-genere-al-genere-2022\/\" \/>\n<meta property=\"og:site_name\" content=\"Molins Horror Film Festival\" \/>\n<meta property=\"article:published_time\" content=\"2022-10-26T20:43:24+00:00\" \/>\n<meta name=\"author\" content=\"terrormolins\" \/>\n<meta name=\"twitter:card\" content=\"summary_large_image\" \/>\n<meta name=\"twitter:label1\" content=\"Escrito por\" \/>\n\t<meta name=\"twitter:data1\" content=\"terrormolins\" \/>\n\t<meta name=\"twitter:label2\" content=\"Tiempo de lectura\" \/>\n\t<meta name=\"twitter:data2\" content=\"2 minutos\" \/>\n<script type=\"application\/ld+json\" class=\"yoast-schema-graph\">{\"@context\":\"https:\/\/schema.org\",\"@graph\":[{\"@type\":\"Article\",\"@id\":\"https:\/\/www.molinsfilmfestival.com\/2022\/10\/26\/xerrades-genere-al-genere-2022\/#article\",\"isPartOf\":{\"@id\":\"https:\/\/www.molinsfilmfestival.com\/2022\/10\/26\/xerrades-genere-al-genere-2022\/\"},\"author\":{\"name\":\"terrormolins\",\"@id\":\"https:\/\/www.molinsfilmfestival.com\/#\/schema\/person\/9d664b50116f871b0cb00fa43b2527dd\"},\"headline\":\"Xerrades G\u00e8nere al G\u00e8nere 2022\",\"datePublished\":\"2022-10-26T20:43:24+00:00\",\"mainEntityOfPage\":{\"@id\":\"https:\/\/www.molinsfilmfestival.com\/2022\/10\/26\/xerrades-genere-al-genere-2022\/\"},\"wordCount\":372,\"publisher\":{\"@id\":\"https:\/\/www.molinsfilmfestival.com\/#organization\"},\"articleSection\":[\"41 Edition 2022\",\"Aula de Terror\",\"Destacats\",\"G\u00e8nere al G\u00e8nere\",\"Ind\u00fastria\"],\"inLanguage\":\"es\"},{\"@type\":\"WebPage\",\"@id\":\"https:\/\/www.molinsfilmfestival.com\/2022\/10\/26\/xerrades-genere-al-genere-2022\/\",\"url\":\"https:\/\/www.molinsfilmfestival.com\/2022\/10\/26\/xerrades-genere-al-genere-2022\/\",\"name\":\"Xerrades G\u00e8nere al G\u00e8nere 2022 | Molins Horror Film Festival\",\"isPartOf\":{\"@id\":\"https:\/\/www.molinsfilmfestival.com\/#website\"},\"datePublished\":\"2022-10-26T20:43:24+00:00\",\"breadcrumb\":{\"@id\":\"https:\/\/www.molinsfilmfestival.com\/2022\/10\/26\/xerrades-genere-al-genere-2022\/#breadcrumb\"},\"inLanguage\":\"es\",\"potentialAction\":[{\"@type\":\"ReadAction\",\"target\":[\"https:\/\/www.molinsfilmfestival.com\/2022\/10\/26\/xerrades-genere-al-genere-2022\/\"]}]},{\"@type\":\"BreadcrumbList\",\"@id\":\"https:\/\/www.molinsfilmfestival.com\/2022\/10\/26\/xerrades-genere-al-genere-2022\/#breadcrumb\",\"itemListElement\":[{\"@type\":\"ListItem\",\"position\":1,\"name\":\"Inici\",\"item\":\"https:\/\/www.molinsfilmfestival.com\/\"},{\"@type\":\"ListItem\",\"position\":2,\"name\":\"Xerrades G\u00e8nere al G\u00e8nere 2022\"}]},{\"@type\":\"WebSite\",\"@id\":\"https:\/\/www.molinsfilmfestival.com\/#website\",\"url\":\"https:\/\/www.molinsfilmfestival.com\/\",\"name\":\"Molins Horror Film Festival\",\"description\":\"Festival de Cine de Terror de Molins de Rei\",\"publisher\":{\"@id\":\"https:\/\/www.molinsfilmfestival.com\/#organization\"},\"potentialAction\":[{\"@type\":\"SearchAction\",\"target\":{\"@type\":\"EntryPoint\",\"urlTemplate\":\"https:\/\/www.molinsfilmfestival.com\/?s={search_term_string}\"},\"query-input\":{\"@type\":\"PropertyValueSpecification\",\"valueRequired\":true,\"valueName\":\"search_term_string\"}}],\"inLanguage\":\"es\"},{\"@type\":\"Organization\",\"@id\":\"https:\/\/www.molinsfilmfestival.com\/#organization\",\"name\":\"Molins Horror Film Festival\",\"url\":\"https:\/\/www.molinsfilmfestival.com\/\",\"logo\":{\"@type\":\"ImageObject\",\"inLanguage\":\"es\",\"@id\":\"https:\/\/www.molinsfilmfestival.com\/#\/schema\/logo\/image\/\",\"url\":\"https:\/\/www.molinsfilmfestival.com\/wp-content\/uploads\/2025\/05\/terrormolins_logo.svg\",\"contentUrl\":\"https:\/\/www.molinsfilmfestival.com\/wp-content\/uploads\/2025\/05\/terrormolins_logo.svg\",\"caption\":\"Molins Horror Film Festival\"},\"image\":{\"@id\":\"https:\/\/www.molinsfilmfestival.com\/#\/schema\/logo\/image\/\"}},{\"@type\":\"Person\",\"@id\":\"https:\/\/www.molinsfilmfestival.com\/#\/schema\/person\/9d664b50116f871b0cb00fa43b2527dd\",\"name\":\"terrormolins\",\"image\":{\"@type\":\"ImageObject\",\"inLanguage\":\"es\",\"@id\":\"https:\/\/www.molinsfilmfestival.com\/#\/schema\/person\/image\/\",\"url\":\"https:\/\/secure.gravatar.com\/avatar\/591ccac8e3772fe3891dbd3892fd2232dbe1beb33ebbae4b228747f35168dcc6?s=96&d=mm&r=g\",\"contentUrl\":\"https:\/\/secure.gravatar.com\/avatar\/591ccac8e3772fe3891dbd3892fd2232dbe1beb33ebbae4b228747f35168dcc6?s=96&d=mm&r=g\",\"caption\":\"terrormolins\"},\"sameAs\":[\"https:\/\/temporal.molinsfilmfestival.com\"],\"url\":\"https:\/\/www.molinsfilmfestival.com\/esp\/author\/terrormolins\/\"}]}<\/script>\n<!-- \/ Yoast SEO plugin. -->","yoast_head_json":{"title":"Xerrades G\u00e8nere al G\u00e8nere 2022 | Molins Horror Film Festival","robots":{"index":"index","follow":"follow","max-snippet":"max-snippet:-1","max-image-preview":"max-image-preview:large","max-video-preview":"max-video-preview:-1"},"canonical":"https:\/\/www.molinsfilmfestival.com\/esp\/2022\/10\/26\/xerrades-genere-al-genere-2022\/","og_locale":"es_ES","og_type":"article","og_title":"Xerrades G\u00e8nere al G\u00e8nere 2022 | Molins Horror Film Festival","og_description":"El projecte G\u00e8nere al G\u00e8nere creix quant a quantitat i impacte de les seves activitats i guanya pes en la seva pres\u00e8ncia transversal a tot el Festival. Aquesta edici\u00f3 ofereix xerrades tant en clau d\u2019Ind\u00fastria com emmarcades dins la l\u00ednia estrat\u00e8gica Educacional. 2 de novembre 19h. Taula rodona. Online. Gratu\u00eftaDe forma virtual celebrarem la Taula [&hellip;]","og_url":"https:\/\/www.molinsfilmfestival.com\/esp\/2022\/10\/26\/xerrades-genere-al-genere-2022\/","og_site_name":"Molins Horror Film Festival","article_published_time":"2022-10-26T20:43:24+00:00","author":"terrormolins","twitter_card":"summary_large_image","twitter_misc":{"Escrito por":"terrormolins","Tiempo de lectura":"2 minutos"},"schema":{"@context":"https:\/\/schema.org","@graph":[{"@type":"Article","@id":"https:\/\/www.molinsfilmfestival.com\/2022\/10\/26\/xerrades-genere-al-genere-2022\/#article","isPartOf":{"@id":"https:\/\/www.molinsfilmfestival.com\/2022\/10\/26\/xerrades-genere-al-genere-2022\/"},"author":{"name":"terrormolins","@id":"https:\/\/www.molinsfilmfestival.com\/#\/schema\/person\/9d664b50116f871b0cb00fa43b2527dd"},"headline":"Xerrades G\u00e8nere al G\u00e8nere 2022","datePublished":"2022-10-26T20:43:24+00:00","mainEntityOfPage":{"@id":"https:\/\/www.molinsfilmfestival.com\/2022\/10\/26\/xerrades-genere-al-genere-2022\/"},"wordCount":372,"publisher":{"@id":"https:\/\/www.molinsfilmfestival.com\/#organization"},"articleSection":["41 Edition 2022","Aula de Terror","Destacats","G\u00e8nere al G\u00e8nere","Ind\u00fastria"],"inLanguage":"es"},{"@type":"WebPage","@id":"https:\/\/www.molinsfilmfestival.com\/2022\/10\/26\/xerrades-genere-al-genere-2022\/","url":"https:\/\/www.molinsfilmfestival.com\/2022\/10\/26\/xerrades-genere-al-genere-2022\/","name":"Xerrades G\u00e8nere al G\u00e8nere 2022 | Molins Horror Film Festival","isPartOf":{"@id":"https:\/\/www.molinsfilmfestival.com\/#website"},"datePublished":"2022-10-26T20:43:24+00:00","breadcrumb":{"@id":"https:\/\/www.molinsfilmfestival.com\/2022\/10\/26\/xerrades-genere-al-genere-2022\/#breadcrumb"},"inLanguage":"es","potentialAction":[{"@type":"ReadAction","target":["https:\/\/www.molinsfilmfestival.com\/2022\/10\/26\/xerrades-genere-al-genere-2022\/"]}]},{"@type":"BreadcrumbList","@id":"https:\/\/www.molinsfilmfestival.com\/2022\/10\/26\/xerrades-genere-al-genere-2022\/#breadcrumb","itemListElement":[{"@type":"ListItem","position":1,"name":"Inici","item":"https:\/\/www.molinsfilmfestival.com\/"},{"@type":"ListItem","position":2,"name":"Xerrades G\u00e8nere al G\u00e8nere 2022"}]},{"@type":"WebSite","@id":"https:\/\/www.molinsfilmfestival.com\/#website","url":"https:\/\/www.molinsfilmfestival.com\/","name":"Molinos Horror Film Festival","description":"Festival de Cine de Terror de Molinos de Rey","publisher":{"@id":"https:\/\/www.molinsfilmfestival.com\/#organization"},"potentialAction":[{"@type":"SearchAction","target":{"@type":"EntryPoint","urlTemplate":"https:\/\/www.molinsfilmfestival.com\/?s={search_term_string}"},"query-input":{"@type":"PropertyValueSpecification","valueRequired":true,"valueName":"search_term_string"}}],"inLanguage":"es"},{"@type":"Organization","@id":"https:\/\/www.molinsfilmfestival.com\/#organization","name":"Molinos Horror Film Festival","url":"https:\/\/www.molinsfilmfestival.com\/","logo":{"@type":"ImageObject","inLanguage":"es","@id":"https:\/\/www.molinsfilmfestival.com\/#\/schema\/logo\/image\/","url":"https:\/\/www.molinsfilmfestival.com\/wp-content\/uploads\/2025\/05\/terrormolins_logo.svg","contentUrl":"https:\/\/www.molinsfilmfestival.com\/wp-content\/uploads\/2025\/05\/terrormolins_logo.svg","caption":"Molins Horror Film Festival"},"image":{"@id":"https:\/\/www.molinsfilmfestival.com\/#\/schema\/logo\/image\/"}},{"@type":"Person","@id":"https:\/\/www.molinsfilmfestival.com\/#\/schema\/person\/9d664b50116f871b0cb00fa43b2527dd","name":"terrormolinos","image":{"@type":"ImageObject","inLanguage":"es","@id":"https:\/\/www.molinsfilmfestival.com\/#\/schema\/person\/image\/","url":"https:\/\/secure.gravatar.com\/avatar\/591ccac8e3772fe3891dbd3892fd2232dbe1beb33ebbae4b228747f35168dcc6?s=96&d=mm&r=g","contentUrl":"https:\/\/secure.gravatar.com\/avatar\/591ccac8e3772fe3891dbd3892fd2232dbe1beb33ebbae4b228747f35168dcc6?s=96&d=mm&r=g","caption":"terrormolins"},"sameAs":["https:\/\/temporal.molinsfilmfestival.com"],"url":"https:\/\/www.molinsfilmfestival.com\/esp\/author\/terrormolins\/"}]}},"_links":{"self":[{"href":"https:\/\/www.molinsfilmfestival.com\/esp\/wp-json\/wp\/v2\/posts\/1302","targetHints":{"allow":["GET"]}}],"collection":[{"href":"https:\/\/www.molinsfilmfestival.com\/esp\/wp-json\/wp\/v2\/posts"}],"about":[{"href":"https:\/\/www.molinsfilmfestival.com\/esp\/wp-json\/wp\/v2\/types\/post"}],"author":[{"embeddable":true,"href":"https:\/\/www.molinsfilmfestival.com\/esp\/wp-json\/wp\/v2\/users\/1"}],"replies":[{"embeddable":true,"href":"https:\/\/www.molinsfilmfestival.com\/esp\/wp-json\/wp\/v2\/comments?post=1302"}],"version-history":[{"count":0,"href":"https:\/\/www.molinsfilmfestival.com\/esp\/wp-json\/wp\/v2\/posts\/1302\/revisions"}],"wp:attachment":[{"href":"https:\/\/www.molinsfilmfestival.com\/esp\/wp-json\/wp\/v2\/media?parent=1302"}],"wp:term":[{"taxonomy":"category","embeddable":true,"href":"https:\/\/www.molinsfilmfestival.com\/esp\/wp-json\/wp\/v2\/categories?post=1302"},{"taxonomy":"post_tag","embeddable":true,"href":"https:\/\/www.molinsfilmfestival.com\/esp\/wp-json\/wp\/v2\/tags?post=1302"}],"curies":[{"name":"wp","href":"https:\/\/api.w.org\/{rel}","templated":true}]}}