{"id":1313,"date":"2021-10-25T15:33:43","date_gmt":"2021-10-25T13:33:43","guid":{"rendered":"http:\/\/www.molinsfilmfestival.com\/?p=9077"},"modified":"2021-10-25T15:33:43","modified_gmt":"2021-10-25T13:33:43","slug":"torna-el-canal-de-continguts-online-noviembre-fantasma-mb-un-nou-festival-aliat","status":"publish","type":"post","link":"https:\/\/www.molinsfilmfestival.com\/esp\/2021\/10\/25\/torna-el-canal-de-continguts-online-noviembre-fantasma-mb-un-nou-festival-aliat\/","title":{"rendered":"Vuelve el Canal de contenidos Online \u201cNoviembre Fantasma\u201d con un nuevo Festival aliado"},"content":{"rendered":"<h2 class=\"wp-block-heading\"><strong>Isla Calavera \u2013 Festival de Cine Fant\u00e1stico de Canarias se suma a esta iniciativa en la Semana de Terror de Donostia, Fancine M\u00e1laga y Terror Molins<\/strong><\/h2>\n\n<div class=\"wp-block-image\"><figure class=\"aligncenter size-full is-resized\"><img loading=\"lazy\" decoding=\"async\" src=\"http:\/\/www.molinsfilmfestival.com\/wp-content\/uploads\/2021\/10\/nov_fant_master_logos1-copia.jpg\" alt=\"\" class=\"wp-image-9068\" width=\"320\" height=\"257\"\/><\/figure><\/div>\n\n<p>La <strong>Semana de Cine Fant\u00e1stico y de Terror de San Sebasti\u00e1n<\/strong>, <strong>Fancine \u2013 Festival de Cine Fant\u00e1stico de M\u00e1laga<\/strong>i <strong>Terror Molins \u2013 Festival de Cine de Terror de Molins de Rei<\/strong>, tres citas nacionales que coinciden en tem\u00e1tica y mes de celebraci\u00f3n, unieron fuerzas en el 2020, tiempo de pendemia, para difundir <em>online<\/em>la pasi\u00f3n por lo fant\u00e1stico. Creaban as\u00ed el sello <strong>Noviembre fantasma<\/strong>, un canal de difusi\u00f3n compartido y gratuito donde publicar piezas de inter\u00e9s para el p\u00fablico aficionado, en gran medida exclusivas. <\/p>\n\n<h3 class=\"wp-block-heading\">Este 2021 el canal se refuerza con la incorporaci\u00f3n de otra cita del mes de noviembre: <strong>Isla Calavera \u2013 Festival de Cine Fant\u00e1stico de Canarias<\/strong>, que se celebra en Tenerife. <\/h3>\n\n<p>La plataforma <em>online <\/em><strong>noviembrefantasma.es <\/strong>publicar\u00e1 de nuevo desde finales de octubre hasta finales de noviembre de forma gratuita diferentes piezas de inter\u00e9s para los amantes del fant\u00e1stico y el terror. Entre los nuevos contenidos de esta segunda temporada se encuentra un Top Anime a cargo del cr\u00edtico <strong>Alejandro G. Calvo<\/strong>, un reportaje sobre cineastas japoneses obra de <strong>Daniel Aguilar <\/strong>y una charla de las <strong>Bloody Girls <\/strong>sobre \u201cMujer y Demonio\u201d. Otras mesas redondas y presentaciones literarias promovidas por los cuatro festivales ir\u00e1n alimentando semana tras semana el men\u00fa. <\/p>\n\n<p>Esto se sumar\u00e1 a las 13 piezas ya publicadas en noviembre pasado con muy buena acogida, como el <em>podcast <\/em>Marea Nocturna, entrevistas con realizadores como Brian Yuzna o Romain Quirot, o una mesa redonda sobre festivales en tiempos de Covid-19. <\/p>\n\n<p><strong>Noviembre fantasma <\/strong>sirve as\u00ed, m\u00e1s all\u00e1 de su nacimiento en medio de la pandemia, para completar con material audiovisual alternativo la cartelera de los ya cuatro cert\u00e1menes, que mantienen sus respectivas ediciones para este 2021 de forma presencial (y en alg\u00fan caso tambi\u00e9n con oferta de pel\u00edcula <em>online<\/em>). La plataforma pretende tambi\u00e9n convertirse en un punto de encuentro para un p\u00fablico de diferentes ciudades vinculado al g\u00e9nero fant\u00e1stico, para as\u00ed poder acercar el suyo <em>fandom <\/em>al resto de citas y darles la oportunidad de conocerlas, aunque sea de forma virtual. <\/p>\n\n<h2 class=\"has-text-align-center wp-block-heading\"><strong>www.noviembrefantasma.com<\/strong><\/h2>","protected":false},"excerpt":{"rendered":"<p>Isla Calavera \u2013 Festival de Cine Fant\u00e1stico de Canarias se suma a esta iniciativa en la Semana de Terror de Donostia, Fancine M\u00e1laga y Terror Molins La Semana de Cine Fant\u00e1stico y de Terror de San Sebasti\u00e1n, Fancine \u2013 Festival de Cine Fant\u00e1stico de M\u00e1lagay Terror Molins<\/p>","protected":false},"author":1,"featured_media":0,"comment_status":"closed","ping_status":"closed","sticky":false,"template":"","format":"standard","meta":{"_acf_changed":false,"footnotes":""},"categories":[106,98,56,100],"tags":[],"class_list":["post-1313","post","type-post","status-publish","format-standard","hentry","category-40-edition-2021-ca","category-collaboracions","category-destacats","category-noviembre-fantasma-ca"],"acf":[],"yoast_head":"<!-- This site is optimized with the Yoast SEO plugin v26.4 - https:\/\/yoast.com\/wordpress\/plugins\/seo\/ -->\n<title>Torna el Canal de continguts Online &quot;Noviembre Fantasma&quot; mb un nou Festival aliat | Molins Horror Film Festival<\/title>\n<meta name=\"robots\" content=\"index, follow, max-snippet:-1, max-image-preview:large, max-video-preview:-1\" \/>\n<link rel=\"canonical\" href=\"https:\/\/www.molinsfilmfestival.com\/esp\/2021\/10\/25\/torna-el-canal-de-continguts-online-noviembre-fantasma-mb-un-nou-festival-aliat\/\" \/>\n<meta property=\"og:locale\" content=\"es_ES\" \/>\n<meta property=\"og:type\" content=\"article\" \/>\n<meta property=\"og:title\" content=\"Torna el Canal de continguts Online &quot;Noviembre Fantasma&quot; mb un nou Festival aliat | Molins Horror Film Festival\" \/>\n<meta property=\"og:description\" content=\"Isla Calavera \u2013 Festival de Cine Fant\u00e1stico de Canarias es suma a aquesta iniciativa a la Semana de Terror de Donostia, Fancine M\u00e1laga i Terror Molins La Semana de Cine Fant\u00e1stico y de Terror de San Sebasti\u00e1n, Fancine \u2013 Festival de Cine Fant\u00e1stico de M\u00e1lagai Terror Molins \u2013 Festival de Cine de Terror de Molins [&hellip;]\" \/>\n<meta property=\"og:url\" content=\"https:\/\/www.molinsfilmfestival.com\/esp\/2021\/10\/25\/torna-el-canal-de-continguts-online-noviembre-fantasma-mb-un-nou-festival-aliat\/\" \/>\n<meta property=\"og:site_name\" content=\"Molins Horror Film Festival\" \/>\n<meta property=\"article:published_time\" content=\"2021-10-25T13:33:43+00:00\" \/>\n<meta property=\"og:image\" content=\"http:\/\/www.molinsfilmfestival.com\/wp-content\/uploads\/2021\/10\/nov_fant_master_logos1-copia.jpg\" \/>\n<meta name=\"author\" content=\"terrormolins\" \/>\n<meta name=\"twitter:card\" content=\"summary_large_image\" \/>\n<meta name=\"twitter:label1\" content=\"Escrito por\" \/>\n\t<meta name=\"twitter:data1\" content=\"terrormolins\" \/>\n\t<meta name=\"twitter:label2\" content=\"Tiempo de lectura\" \/>\n\t<meta name=\"twitter:data2\" content=\"2 minutos\" \/>\n<script type=\"application\/ld+json\" class=\"yoast-schema-graph\">{\"@context\":\"https:\/\/schema.org\",\"@graph\":[{\"@type\":\"Article\",\"@id\":\"https:\/\/www.molinsfilmfestival.com\/2021\/10\/25\/torna-el-canal-de-continguts-online-noviembre-fantasma-mb-un-nou-festival-aliat\/#article\",\"isPartOf\":{\"@id\":\"https:\/\/www.molinsfilmfestival.com\/2021\/10\/25\/torna-el-canal-de-continguts-online-noviembre-fantasma-mb-un-nou-festival-aliat\/\"},\"author\":{\"name\":\"terrormolins\",\"@id\":\"https:\/\/www.molinsfilmfestival.com\/#\/schema\/person\/9d664b50116f871b0cb00fa43b2527dd\"},\"headline\":\"Torna el Canal de continguts Online &#8220;Noviembre Fantasma&#8221; mb un nou Festival aliat\",\"datePublished\":\"2021-10-25T13:33:43+00:00\",\"mainEntityOfPage\":{\"@id\":\"https:\/\/www.molinsfilmfestival.com\/2021\/10\/25\/torna-el-canal-de-continguts-online-noviembre-fantasma-mb-un-nou-festival-aliat\/\"},\"wordCount\":402,\"publisher\":{\"@id\":\"https:\/\/www.molinsfilmfestival.com\/#organization\"},\"image\":{\"@id\":\"https:\/\/www.molinsfilmfestival.com\/2021\/10\/25\/torna-el-canal-de-continguts-online-noviembre-fantasma-mb-un-nou-festival-aliat\/#primaryimage\"},\"thumbnailUrl\":\"http:\/\/www.molinsfilmfestival.com\/wp-content\/uploads\/2021\/10\/nov_fant_master_logos1-copia.jpg\",\"articleSection\":[\"40 Edition 2021\",\"Col\u00b7laboracions\",\"Destacats\",\"Noviembre Fantasma\"],\"inLanguage\":\"es\"},{\"@type\":\"WebPage\",\"@id\":\"https:\/\/www.molinsfilmfestival.com\/2021\/10\/25\/torna-el-canal-de-continguts-online-noviembre-fantasma-mb-un-nou-festival-aliat\/\",\"url\":\"https:\/\/www.molinsfilmfestival.com\/2021\/10\/25\/torna-el-canal-de-continguts-online-noviembre-fantasma-mb-un-nou-festival-aliat\/\",\"name\":\"Torna el Canal de continguts Online \\\"Noviembre Fantasma\\\" mb un nou Festival aliat | Molins Horror Film Festival\",\"isPartOf\":{\"@id\":\"https:\/\/www.molinsfilmfestival.com\/#website\"},\"primaryImageOfPage\":{\"@id\":\"https:\/\/www.molinsfilmfestival.com\/2021\/10\/25\/torna-el-canal-de-continguts-online-noviembre-fantasma-mb-un-nou-festival-aliat\/#primaryimage\"},\"image\":{\"@id\":\"https:\/\/www.molinsfilmfestival.com\/2021\/10\/25\/torna-el-canal-de-continguts-online-noviembre-fantasma-mb-un-nou-festival-aliat\/#primaryimage\"},\"thumbnailUrl\":\"http:\/\/www.molinsfilmfestival.com\/wp-content\/uploads\/2021\/10\/nov_fant_master_logos1-copia.jpg\",\"datePublished\":\"2021-10-25T13:33:43+00:00\",\"breadcrumb\":{\"@id\":\"https:\/\/www.molinsfilmfestival.com\/2021\/10\/25\/torna-el-canal-de-continguts-online-noviembre-fantasma-mb-un-nou-festival-aliat\/#breadcrumb\"},\"inLanguage\":\"es\",\"potentialAction\":[{\"@type\":\"ReadAction\",\"target\":[\"https:\/\/www.molinsfilmfestival.com\/2021\/10\/25\/torna-el-canal-de-continguts-online-noviembre-fantasma-mb-un-nou-festival-aliat\/\"]}]},{\"@type\":\"ImageObject\",\"inLanguage\":\"es\",\"@id\":\"https:\/\/www.molinsfilmfestival.com\/2021\/10\/25\/torna-el-canal-de-continguts-online-noviembre-fantasma-mb-un-nou-festival-aliat\/#primaryimage\",\"url\":\"http:\/\/www.molinsfilmfestival.com\/wp-content\/uploads\/2021\/10\/nov_fant_master_logos1-copia.jpg\",\"contentUrl\":\"http:\/\/www.molinsfilmfestival.com\/wp-content\/uploads\/2021\/10\/nov_fant_master_logos1-copia.jpg\"},{\"@type\":\"BreadcrumbList\",\"@id\":\"https:\/\/www.molinsfilmfestival.com\/2021\/10\/25\/torna-el-canal-de-continguts-online-noviembre-fantasma-mb-un-nou-festival-aliat\/#breadcrumb\",\"itemListElement\":[{\"@type\":\"ListItem\",\"position\":1,\"name\":\"Inici\",\"item\":\"https:\/\/www.molinsfilmfestival.com\/\"},{\"@type\":\"ListItem\",\"position\":2,\"name\":\"Torna el Canal de continguts Online &#8220;Noviembre Fantasma&#8221; mb un nou Festival aliat\"}]},{\"@type\":\"WebSite\",\"@id\":\"https:\/\/www.molinsfilmfestival.com\/#website\",\"url\":\"https:\/\/www.molinsfilmfestival.com\/\",\"name\":\"Molins Horror Film Festival\",\"description\":\"Festival de Cine de Terror de Molins de Rei\",\"publisher\":{\"@id\":\"https:\/\/www.molinsfilmfestival.com\/#organization\"},\"potentialAction\":[{\"@type\":\"SearchAction\",\"target\":{\"@type\":\"EntryPoint\",\"urlTemplate\":\"https:\/\/www.molinsfilmfestival.com\/?s={search_term_string}\"},\"query-input\":{\"@type\":\"PropertyValueSpecification\",\"valueRequired\":true,\"valueName\":\"search_term_string\"}}],\"inLanguage\":\"es\"},{\"@type\":\"Organization\",\"@id\":\"https:\/\/www.molinsfilmfestival.com\/#organization\",\"name\":\"Molins Horror Film Festival\",\"url\":\"https:\/\/www.molinsfilmfestival.com\/\",\"logo\":{\"@type\":\"ImageObject\",\"inLanguage\":\"es\",\"@id\":\"https:\/\/www.molinsfilmfestival.com\/#\/schema\/logo\/image\/\",\"url\":\"https:\/\/www.molinsfilmfestival.com\/wp-content\/uploads\/2025\/05\/terrormolins_logo.svg\",\"contentUrl\":\"https:\/\/www.molinsfilmfestival.com\/wp-content\/uploads\/2025\/05\/terrormolins_logo.svg\",\"caption\":\"Molins Horror Film Festival\"},\"image\":{\"@id\":\"https:\/\/www.molinsfilmfestival.com\/#\/schema\/logo\/image\/\"}},{\"@type\":\"Person\",\"@id\":\"https:\/\/www.molinsfilmfestival.com\/#\/schema\/person\/9d664b50116f871b0cb00fa43b2527dd\",\"name\":\"terrormolins\",\"image\":{\"@type\":\"ImageObject\",\"inLanguage\":\"es\",\"@id\":\"https:\/\/www.molinsfilmfestival.com\/#\/schema\/person\/image\/\",\"url\":\"https:\/\/secure.gravatar.com\/avatar\/591ccac8e3772fe3891dbd3892fd2232dbe1beb33ebbae4b228747f35168dcc6?s=96&d=mm&r=g\",\"contentUrl\":\"https:\/\/secure.gravatar.com\/avatar\/591ccac8e3772fe3891dbd3892fd2232dbe1beb33ebbae4b228747f35168dcc6?s=96&d=mm&r=g\",\"caption\":\"terrormolins\"},\"sameAs\":[\"https:\/\/temporal.molinsfilmfestival.com\"],\"url\":\"https:\/\/www.molinsfilmfestival.com\/esp\/author\/terrormolins\/\"}]}<\/script>\n<!-- \/ Yoast SEO plugin. -->","yoast_head_json":{"title":"Vuelve el Canal de contenidos Online &quot;Noviembre Fantasma&quot; con un nuevo Festival aliado | Molinos Horror Film Festival","robots":{"index":"index","follow":"follow","max-snippet":"max-snippet:-1","max-image-preview":"max-image-preview:large","max-video-preview":"max-video-preview:-1"},"canonical":"https:\/\/www.molinsfilmfestival.com\/esp\/2021\/10\/25\/torna-el-canal-de-continguts-online-noviembre-fantasma-mb-un-nou-festival-aliat\/","og_locale":"es_ES","og_type":"article","og_title":"Torna el Canal de continguts Online \"Noviembre Fantasma\" mb un nou Festival aliat | Molins Horror Film Festival","og_description":"Isla Calavera \u2013 Festival de Cine Fant\u00e1stico de Canarias es suma a aquesta iniciativa a la Semana de Terror de Donostia, Fancine M\u00e1laga i Terror Molins La Semana de Cine Fant\u00e1stico y de Terror de San Sebasti\u00e1n, Fancine \u2013 Festival de Cine Fant\u00e1stico de M\u00e1lagai Terror Molins \u2013 Festival de Cine de Terror de Molins [&hellip;]","og_url":"https:\/\/www.molinsfilmfestival.com\/esp\/2021\/10\/25\/torna-el-canal-de-continguts-online-noviembre-fantasma-mb-un-nou-festival-aliat\/","og_site_name":"Molins Horror Film Festival","article_published_time":"2021-10-25T13:33:43+00:00","og_image":[{"url":"http:\/\/www.molinsfilmfestival.com\/wp-content\/uploads\/2021\/10\/nov_fant_master_logos1-copia.jpg","type":"","width":"","height":""}],"author":"terrormolins","twitter_card":"summary_large_image","twitter_misc":{"Escrito por":"terrormolins","Tiempo de lectura":"2 minutos"},"schema":{"@context":"https:\/\/schema.org","@graph":[{"@type":"Article","@id":"https:\/\/www.molinsfilmfestival.com\/2021\/10\/25\/torna-el-canal-de-continguts-online-noviembre-fantasma-mb-un-nou-festival-aliat\/#article","isPartOf":{"@id":"https:\/\/www.molinsfilmfestival.com\/2021\/10\/25\/torna-el-canal-de-continguts-online-noviembre-fantasma-mb-un-nou-festival-aliat\/"},"author":{"name":"terrormolins","@id":"https:\/\/www.molinsfilmfestival.com\/#\/schema\/person\/9d664b50116f871b0cb00fa43b2527dd"},"headline":"Torna el Canal de continguts Online &#8220;Noviembre Fantasma&#8221; mb un nou Festival aliat","datePublished":"2021-10-25T13:33:43+00:00","mainEntityOfPage":{"@id":"https:\/\/www.molinsfilmfestival.com\/2021\/10\/25\/torna-el-canal-de-continguts-online-noviembre-fantasma-mb-un-nou-festival-aliat\/"},"wordCount":402,"publisher":{"@id":"https:\/\/www.molinsfilmfestival.com\/#organization"},"image":{"@id":"https:\/\/www.molinsfilmfestival.com\/2021\/10\/25\/torna-el-canal-de-continguts-online-noviembre-fantasma-mb-un-nou-festival-aliat\/#primaryimage"},"thumbnailUrl":"http:\/\/www.molinsfilmfestival.com\/wp-content\/uploads\/2021\/10\/nov_fant_master_logos1-copia.jpg","articleSection":["40 Edition 2021","Col\u00b7laboracions","Destacats","Noviembre Fantasma"],"inLanguage":"es"},{"@type":"WebPage","@id":"https:\/\/www.molinsfilmfestival.com\/2021\/10\/25\/torna-el-canal-de-continguts-online-noviembre-fantasma-mb-un-nou-festival-aliat\/","url":"https:\/\/www.molinsfilmfestival.com\/2021\/10\/25\/torna-el-canal-de-continguts-online-noviembre-fantasma-mb-un-nou-festival-aliat\/","name":"Vuelve el Canal de contenidos Online &quot;Noviembre Fantasma&quot; con un nuevo Festival aliado | Molinos Horror Film Festival","isPartOf":{"@id":"https:\/\/www.molinsfilmfestival.com\/#website"},"primaryImageOfPage":{"@id":"https:\/\/www.molinsfilmfestival.com\/2021\/10\/25\/torna-el-canal-de-continguts-online-noviembre-fantasma-mb-un-nou-festival-aliat\/#primaryimage"},"image":{"@id":"https:\/\/www.molinsfilmfestival.com\/2021\/10\/25\/torna-el-canal-de-continguts-online-noviembre-fantasma-mb-un-nou-festival-aliat\/#primaryimage"},"thumbnailUrl":"http:\/\/www.molinsfilmfestival.com\/wp-content\/uploads\/2021\/10\/nov_fant_master_logos1-copia.jpg","datePublished":"2021-10-25T13:33:43+00:00","breadcrumb":{"@id":"https:\/\/www.molinsfilmfestival.com\/2021\/10\/25\/torna-el-canal-de-continguts-online-noviembre-fantasma-mb-un-nou-festival-aliat\/#breadcrumb"},"inLanguage":"es","potentialAction":[{"@type":"ReadAction","target":["https:\/\/www.molinsfilmfestival.com\/2021\/10\/25\/torna-el-canal-de-continguts-online-noviembre-fantasma-mb-un-nou-festival-aliat\/"]}]},{"@type":"ImageObject","inLanguage":"es","@id":"https:\/\/www.molinsfilmfestival.com\/2021\/10\/25\/torna-el-canal-de-continguts-online-noviembre-fantasma-mb-un-nou-festival-aliat\/#primaryimage","url":"http:\/\/www.molinsfilmfestival.com\/wp-content\/uploads\/2021\/10\/nov_fant_master_logos1-copia.jpg","contentUrl":"http:\/\/www.molinsfilmfestival.com\/wp-content\/uploads\/2021\/10\/nov_fant_master_logos1-copia.jpg"},{"@type":"BreadcrumbList","@id":"https:\/\/www.molinsfilmfestival.com\/2021\/10\/25\/torna-el-canal-de-continguts-online-noviembre-fantasma-mb-un-nou-festival-aliat\/#breadcrumb","itemListElement":[{"@type":"ListItem","position":1,"name":"Inici","item":"https:\/\/www.molinsfilmfestival.com\/"},{"@type":"ListItem","position":2,"name":"Torna el Canal de continguts Online &#8220;Noviembre Fantasma&#8221; mb un nou Festival aliat"}]},{"@type":"WebSite","@id":"https:\/\/www.molinsfilmfestival.com\/#website","url":"https:\/\/www.molinsfilmfestival.com\/","name":"Molinos Horror Film Festival","description":"Festival de Cine de Terror de Molinos de Rey","publisher":{"@id":"https:\/\/www.molinsfilmfestival.com\/#organization"},"potentialAction":[{"@type":"SearchAction","target":{"@type":"EntryPoint","urlTemplate":"https:\/\/www.molinsfilmfestival.com\/?s={search_term_string}"},"query-input":{"@type":"PropertyValueSpecification","valueRequired":true,"valueName":"search_term_string"}}],"inLanguage":"es"},{"@type":"Organization","@id":"https:\/\/www.molinsfilmfestival.com\/#organization","name":"Molinos Horror Film Festival","url":"https:\/\/www.molinsfilmfestival.com\/","logo":{"@type":"ImageObject","inLanguage":"es","@id":"https:\/\/www.molinsfilmfestival.com\/#\/schema\/logo\/image\/","url":"https:\/\/www.molinsfilmfestival.com\/wp-content\/uploads\/2025\/05\/terrormolins_logo.svg","contentUrl":"https:\/\/www.molinsfilmfestival.com\/wp-content\/uploads\/2025\/05\/terrormolins_logo.svg","caption":"Molins Horror Film Festival"},"image":{"@id":"https:\/\/www.molinsfilmfestival.com\/#\/schema\/logo\/image\/"}},{"@type":"Person","@id":"https:\/\/www.molinsfilmfestival.com\/#\/schema\/person\/9d664b50116f871b0cb00fa43b2527dd","name":"terrormolinos","image":{"@type":"ImageObject","inLanguage":"es","@id":"https:\/\/www.molinsfilmfestival.com\/#\/schema\/person\/image\/","url":"https:\/\/secure.gravatar.com\/avatar\/591ccac8e3772fe3891dbd3892fd2232dbe1beb33ebbae4b228747f35168dcc6?s=96&d=mm&r=g","contentUrl":"https:\/\/secure.gravatar.com\/avatar\/591ccac8e3772fe3891dbd3892fd2232dbe1beb33ebbae4b228747f35168dcc6?s=96&d=mm&r=g","caption":"terrormolins"},"sameAs":["https:\/\/temporal.molinsfilmfestival.com"],"url":"https:\/\/www.molinsfilmfestival.com\/esp\/author\/terrormolins\/"}]}},"_links":{"self":[{"href":"https:\/\/www.molinsfilmfestival.com\/esp\/wp-json\/wp\/v2\/posts\/1313","targetHints":{"allow":["GET"]}}],"collection":[{"href":"https:\/\/www.molinsfilmfestival.com\/esp\/wp-json\/wp\/v2\/posts"}],"about":[{"href":"https:\/\/www.molinsfilmfestival.com\/esp\/wp-json\/wp\/v2\/types\/post"}],"author":[{"embeddable":true,"href":"https:\/\/www.molinsfilmfestival.com\/esp\/wp-json\/wp\/v2\/users\/1"}],"replies":[{"embeddable":true,"href":"https:\/\/www.molinsfilmfestival.com\/esp\/wp-json\/wp\/v2\/comments?post=1313"}],"version-history":[{"count":0,"href":"https:\/\/www.molinsfilmfestival.com\/esp\/wp-json\/wp\/v2\/posts\/1313\/revisions"}],"wp:attachment":[{"href":"https:\/\/www.molinsfilmfestival.com\/esp\/wp-json\/wp\/v2\/media?parent=1313"}],"wp:term":[{"taxonomy":"category","embeddable":true,"href":"https:\/\/www.molinsfilmfestival.com\/esp\/wp-json\/wp\/v2\/categories?post=1313"},{"taxonomy":"post_tag","embeddable":true,"href":"https:\/\/www.molinsfilmfestival.com\/esp\/wp-json\/wp\/v2\/tags?post=1313"}],"curies":[{"name":"wp","href":"https:\/\/api.w.org\/{rel}","templated":true}]}}