{"id":1321,"date":"2021-09-29T22:29:15","date_gmt":"2021-09-29T20:29:15","guid":{"rendered":"http:\/\/www.molinsfilmfestival.com\/2021\/09\/29\/anunci-oficial-terrormolins-2021\/"},"modified":"2021-09-29T22:29:15","modified_gmt":"2021-09-29T20:29:15","slug":"anunci-oficial-terrormolins-2021","status":"publish","type":"post","link":"https:\/\/www.molinsfilmfestival.com\/esp\/2021\/09\/29\/anunci-oficial-terrormolins-2021\/","title":{"rendered":"Anuncio oficial TerrorMolins 2021"},"content":{"rendered":"<p>M\u00e1s all\u00e1 de la habitual tradici\u00f3n de homenajear pel\u00edculas o tem\u00e1ticas concretas, la 40\u00aa edici\u00f3n del Festival nos ped\u00eda algo que fuera m\u00e1s all\u00e1 de estos conceptos: quer\u00edamos homenajear al cine y al terror en su globalidad. Por otra parte, el 40 en n\u00fameros romanos, representado como una \u201ctalla\u201d XL, nos ped\u00eda algo que fuera m\u00e1s que un simple spot, y quer\u00edamos que de alg\u00fan modo tambi\u00e9n reflejara y homenajeara la trayectoria y la identidad del Festival.<\/p>\n\n\n\n<p>\u201c<strong>Arrebato<\/strong>\u201d&quot; (Iv\u00e1n Zulueta, 1979) result\u00f3 ser el nexo de uni\u00f3n ideal para todas estas ideas: es una pel\u00edcula sobre el cine, pero que nada tiene que ver con lo que uno podr\u00eda esperar de esta simple definici\u00f3n. A trav\u00e9s de una atm\u00f3sfera enfermiza e inquietante, presenta el cine como una droga que te vampiriza: exactamente, todo lo que busc\u00e1bamos para el anuncio.<\/p>\n\n\n\n<p>Esperamos haber logrado transmitir ese amor por el terror, esa adicci\u00f3n al cine, ese homenaje a lo que es y ha sido el festival de Molins durante los \u00faltimos a\u00f1os y esa atm\u00f3sfera perturbadora. Hemos querido interpelar al espectador de forma directa y crear una pieza que invite a ser vista y analizada al por menor m\u00e1s de una vez\u2026 [exactamente como lo que ocurre con \u201c<strong>Arrebato<\/strong>\u201d.]<\/p>\n\n\n\n<figure class=\"wp-block-embed is-type-video is-provider-youtube wp-block-embed-youtube wp-embed-aspect-16-9 wp-has-aspect-ratio\"><div class=\"wp-block-embed__wrapper\">\n<iframe loading=\"lazy\" title=\"SPOT OFICIAL TERRORMOLINS 2021 (CASTELLANO)\" width=\"500\" height=\"281\" src=\"https:\/\/www.youtube.com\/embed\/GkDHLHJnGzc?feature=oembed\" frameborder=\"0\" allow=\"accelerometer; autoplay; clipboard-write; encrypted-media; gyroscope; picture-in-picture; web-share\" referrerpolicy=\"strict-origin-when-cross-origin\" allowfullscreen><\/iframe>\n<\/div><\/figure>\n\n\n\n<p>Cr\u00e9ditos:<\/p>\n\n\n\n<ul class=\"wp-block-list\"><li>Direcci\u00f3n: Daniel Noblom<\/li><li>Ay. Direcci\u00f3n: Juan Carlos Saloz<\/li><li>Direcci\u00f3n de producci\u00f3n: Christian Egea<\/li><li>Direcci\u00f3n de fotograf\u00eda: Alba Postigo<\/li><li>Gaffer: Gerard Pozo<\/li><li>Direcci\u00f3n de arte y vestuario: Sandra Caba\u00f1as<\/li><li>Sonido: Albert D\u00edaz<\/li><li>Maquillaje y caracterizaci\u00f3n: Andrea Puig<\/li><li>Foto fija: Jennifer Collado<\/li><li>Edici\u00f3n: Sandra Caba\u00f1as<\/li><li>Edici\u00f3n de sonido: Pepo Gonz\u00e1lez<\/li><li>Jos\u00e9: Albert Boix<\/li><li>Pedro: Guim Puig<\/li><li>Ana: Sandra Caba\u00f1as<\/li><li>Im\u00e1genes de archivo:<\/li><li>Envato Elementos<\/li><li>Ediciones anteriores y spots de Terrormolins<\/li><li>Amigo (Oscar Martin, 2019)<\/li><li>Producido por lachiribita<\/li><li>Rodado en Olivella el 19 de agosto de 2021<\/li><\/ul>","protected":false},"excerpt":{"rendered":"<p>M\u00e9s enll\u00e0 de l\u2019habitual tradici\u00f3 d\u2019homenatjar pel\u2022l\u00edcules o tem\u00e0tiques concretes, la 40a edici\u00f3 del Festival ens demanava quelcom que an\u00e9s m\u00e9s enll\u00e0 d\u2019aquests conceptes: vol\u00edem homenatjar al cinema i al terror en la seva globalitat. Per altra banda, el 40 en n\u00fameros romans, representat com una \u201ctalla\u201d XL, ens demanava quelcom que fos m\u00e9s que [&hellip;]<\/p>","protected":false},"author":1,"featured_media":0,"comment_status":"closed","ping_status":"closed","sticky":false,"template":"","format":"standard","meta":{"_acf_changed":false,"footnotes":""},"categories":[106,56,62],"tags":[],"class_list":["post-1321","post","type-post","status-publish","format-standard","hentry","category-40-edition-2021-ca","category-destacats","category-leitmotiv-ca"],"acf":[],"yoast_head":"<!-- This site is optimized with the Yoast SEO plugin v26.4 - https:\/\/yoast.com\/wordpress\/plugins\/seo\/ -->\n<title>Anunci oficial TerrorMolins 2021 | Molins Horror Film Festival<\/title>\n<meta name=\"robots\" content=\"index, follow, max-snippet:-1, max-image-preview:large, max-video-preview:-1\" \/>\n<link rel=\"canonical\" href=\"https:\/\/www.molinsfilmfestival.com\/esp\/2021\/09\/29\/anunci-oficial-terrormolins-2021\/\" \/>\n<meta property=\"og:locale\" content=\"es_ES\" \/>\n<meta property=\"og:type\" content=\"article\" \/>\n<meta property=\"og:title\" content=\"Anunci oficial TerrorMolins 2021 | Molins Horror Film Festival\" \/>\n<meta property=\"og:description\" content=\"M\u00e9s enll\u00e0 de l\u2019habitual tradici\u00f3 d\u2019homenatjar pel\u2022l\u00edcules o tem\u00e0tiques concretes, la 40a edici\u00f3 del Festival ens demanava quelcom que an\u00e9s m\u00e9s enll\u00e0 d\u2019aquests conceptes: vol\u00edem homenatjar al cinema i al terror en la seva globalitat. Per altra banda, el 40 en n\u00fameros romans, representat com una \u201ctalla\u201d XL, ens demanava quelcom que fos m\u00e9s que [&hellip;]\" \/>\n<meta property=\"og:url\" content=\"https:\/\/www.molinsfilmfestival.com\/esp\/2021\/09\/29\/anunci-oficial-terrormolins-2021\/\" \/>\n<meta property=\"og:site_name\" content=\"Molins Horror Film Festival\" \/>\n<meta property=\"article:published_time\" content=\"2021-09-29T20:29:15+00:00\" \/>\n<meta name=\"author\" content=\"terrormolins\" \/>\n<meta name=\"twitter:card\" content=\"summary_large_image\" \/>\n<meta name=\"twitter:label1\" content=\"Escrito por\" \/>\n\t<meta name=\"twitter:data1\" content=\"terrormolins\" \/>\n\t<meta name=\"twitter:label2\" content=\"Tiempo de lectura\" \/>\n\t<meta name=\"twitter:data2\" content=\"2 minutos\" \/>\n<script type=\"application\/ld+json\" class=\"yoast-schema-graph\">{\"@context\":\"https:\/\/schema.org\",\"@graph\":[{\"@type\":\"Article\",\"@id\":\"https:\/\/www.molinsfilmfestival.com\/2021\/09\/29\/anunci-oficial-terrormolins-2021\/#article\",\"isPartOf\":{\"@id\":\"https:\/\/www.molinsfilmfestival.com\/2021\/09\/29\/anunci-oficial-terrormolins-2021\/\"},\"author\":{\"name\":\"terrormolins\",\"@id\":\"https:\/\/www.molinsfilmfestival.com\/#\/schema\/person\/9d664b50116f871b0cb00fa43b2527dd\"},\"headline\":\"Anunci oficial TerrorMolins 2021\",\"datePublished\":\"2021-09-29T20:29:15+00:00\",\"mainEntityOfPage\":{\"@id\":\"https:\/\/www.molinsfilmfestival.com\/2021\/09\/29\/anunci-oficial-terrormolins-2021\/\"},\"wordCount\":332,\"publisher\":{\"@id\":\"https:\/\/www.molinsfilmfestival.com\/#organization\"},\"articleSection\":[\"40 Edition 2021\",\"Destacats\",\"Leitmotiv\"],\"inLanguage\":\"es\"},{\"@type\":\"WebPage\",\"@id\":\"https:\/\/www.molinsfilmfestival.com\/2021\/09\/29\/anunci-oficial-terrormolins-2021\/\",\"url\":\"https:\/\/www.molinsfilmfestival.com\/2021\/09\/29\/anunci-oficial-terrormolins-2021\/\",\"name\":\"Anunci oficial TerrorMolins 2021 | Molins Horror Film Festival\",\"isPartOf\":{\"@id\":\"https:\/\/www.molinsfilmfestival.com\/#website\"},\"datePublished\":\"2021-09-29T20:29:15+00:00\",\"breadcrumb\":{\"@id\":\"https:\/\/www.molinsfilmfestival.com\/2021\/09\/29\/anunci-oficial-terrormolins-2021\/#breadcrumb\"},\"inLanguage\":\"es\",\"potentialAction\":[{\"@type\":\"ReadAction\",\"target\":[\"https:\/\/www.molinsfilmfestival.com\/2021\/09\/29\/anunci-oficial-terrormolins-2021\/\"]}]},{\"@type\":\"BreadcrumbList\",\"@id\":\"https:\/\/www.molinsfilmfestival.com\/2021\/09\/29\/anunci-oficial-terrormolins-2021\/#breadcrumb\",\"itemListElement\":[{\"@type\":\"ListItem\",\"position\":1,\"name\":\"Inici\",\"item\":\"https:\/\/www.molinsfilmfestival.com\/\"},{\"@type\":\"ListItem\",\"position\":2,\"name\":\"Anunci oficial TerrorMolins 2021\"}]},{\"@type\":\"WebSite\",\"@id\":\"https:\/\/www.molinsfilmfestival.com\/#website\",\"url\":\"https:\/\/www.molinsfilmfestival.com\/\",\"name\":\"Molins Horror Film Festival\",\"description\":\"Festival de Cine de Terror de Molins de Rei\",\"publisher\":{\"@id\":\"https:\/\/www.molinsfilmfestival.com\/#organization\"},\"potentialAction\":[{\"@type\":\"SearchAction\",\"target\":{\"@type\":\"EntryPoint\",\"urlTemplate\":\"https:\/\/www.molinsfilmfestival.com\/?s={search_term_string}\"},\"query-input\":{\"@type\":\"PropertyValueSpecification\",\"valueRequired\":true,\"valueName\":\"search_term_string\"}}],\"inLanguage\":\"es\"},{\"@type\":\"Organization\",\"@id\":\"https:\/\/www.molinsfilmfestival.com\/#organization\",\"name\":\"Molins Horror Film Festival\",\"url\":\"https:\/\/www.molinsfilmfestival.com\/\",\"logo\":{\"@type\":\"ImageObject\",\"inLanguage\":\"es\",\"@id\":\"https:\/\/www.molinsfilmfestival.com\/#\/schema\/logo\/image\/\",\"url\":\"https:\/\/www.molinsfilmfestival.com\/wp-content\/uploads\/2025\/05\/terrormolins_logo.svg\",\"contentUrl\":\"https:\/\/www.molinsfilmfestival.com\/wp-content\/uploads\/2025\/05\/terrormolins_logo.svg\",\"caption\":\"Molins Horror Film Festival\"},\"image\":{\"@id\":\"https:\/\/www.molinsfilmfestival.com\/#\/schema\/logo\/image\/\"}},{\"@type\":\"Person\",\"@id\":\"https:\/\/www.molinsfilmfestival.com\/#\/schema\/person\/9d664b50116f871b0cb00fa43b2527dd\",\"name\":\"terrormolins\",\"image\":{\"@type\":\"ImageObject\",\"inLanguage\":\"es\",\"@id\":\"https:\/\/www.molinsfilmfestival.com\/#\/schema\/person\/image\/\",\"url\":\"https:\/\/secure.gravatar.com\/avatar\/591ccac8e3772fe3891dbd3892fd2232dbe1beb33ebbae4b228747f35168dcc6?s=96&d=mm&r=g\",\"contentUrl\":\"https:\/\/secure.gravatar.com\/avatar\/591ccac8e3772fe3891dbd3892fd2232dbe1beb33ebbae4b228747f35168dcc6?s=96&d=mm&r=g\",\"caption\":\"terrormolins\"},\"sameAs\":[\"https:\/\/temporal.molinsfilmfestival.com\"],\"url\":\"https:\/\/www.molinsfilmfestival.com\/esp\/author\/terrormolins\/\"}]}<\/script>\n<!-- \/ Yoast SEO plugin. -->","yoast_head_json":{"title":"Anunci oficial TerrorMolins 2021 | Molins Horror Film Festival","robots":{"index":"index","follow":"follow","max-snippet":"max-snippet:-1","max-image-preview":"max-image-preview:large","max-video-preview":"max-video-preview:-1"},"canonical":"https:\/\/www.molinsfilmfestival.com\/esp\/2021\/09\/29\/anunci-oficial-terrormolins-2021\/","og_locale":"es_ES","og_type":"article","og_title":"Anunci oficial TerrorMolins 2021 | Molins Horror Film Festival","og_description":"M\u00e9s enll\u00e0 de l\u2019habitual tradici\u00f3 d\u2019homenatjar pel\u2022l\u00edcules o tem\u00e0tiques concretes, la 40a edici\u00f3 del Festival ens demanava quelcom que an\u00e9s m\u00e9s enll\u00e0 d\u2019aquests conceptes: vol\u00edem homenatjar al cinema i al terror en la seva globalitat. Per altra banda, el 40 en n\u00fameros romans, representat com una \u201ctalla\u201d XL, ens demanava quelcom que fos m\u00e9s que [&hellip;]","og_url":"https:\/\/www.molinsfilmfestival.com\/esp\/2021\/09\/29\/anunci-oficial-terrormolins-2021\/","og_site_name":"Molins Horror Film Festival","article_published_time":"2021-09-29T20:29:15+00:00","author":"terrormolins","twitter_card":"summary_large_image","twitter_misc":{"Escrito por":"terrormolins","Tiempo de lectura":"2 minutos"},"schema":{"@context":"https:\/\/schema.org","@graph":[{"@type":"Article","@id":"https:\/\/www.molinsfilmfestival.com\/2021\/09\/29\/anunci-oficial-terrormolins-2021\/#article","isPartOf":{"@id":"https:\/\/www.molinsfilmfestival.com\/2021\/09\/29\/anunci-oficial-terrormolins-2021\/"},"author":{"name":"terrormolins","@id":"https:\/\/www.molinsfilmfestival.com\/#\/schema\/person\/9d664b50116f871b0cb00fa43b2527dd"},"headline":"Anunci oficial TerrorMolins 2021","datePublished":"2021-09-29T20:29:15+00:00","mainEntityOfPage":{"@id":"https:\/\/www.molinsfilmfestival.com\/2021\/09\/29\/anunci-oficial-terrormolins-2021\/"},"wordCount":332,"publisher":{"@id":"https:\/\/www.molinsfilmfestival.com\/#organization"},"articleSection":["40 Edition 2021","Destacats","Leitmotiv"],"inLanguage":"es"},{"@type":"WebPage","@id":"https:\/\/www.molinsfilmfestival.com\/2021\/09\/29\/anunci-oficial-terrormolins-2021\/","url":"https:\/\/www.molinsfilmfestival.com\/2021\/09\/29\/anunci-oficial-terrormolins-2021\/","name":"Anunci oficial TerrorMolins 2021 | Molins Horror Film Festival","isPartOf":{"@id":"https:\/\/www.molinsfilmfestival.com\/#website"},"datePublished":"2021-09-29T20:29:15+00:00","breadcrumb":{"@id":"https:\/\/www.molinsfilmfestival.com\/2021\/09\/29\/anunci-oficial-terrormolins-2021\/#breadcrumb"},"inLanguage":"es","potentialAction":[{"@type":"ReadAction","target":["https:\/\/www.molinsfilmfestival.com\/2021\/09\/29\/anunci-oficial-terrormolins-2021\/"]}]},{"@type":"BreadcrumbList","@id":"https:\/\/www.molinsfilmfestival.com\/2021\/09\/29\/anunci-oficial-terrormolins-2021\/#breadcrumb","itemListElement":[{"@type":"ListItem","position":1,"name":"Inici","item":"https:\/\/www.molinsfilmfestival.com\/"},{"@type":"ListItem","position":2,"name":"Anunci oficial TerrorMolins 2021"}]},{"@type":"WebSite","@id":"https:\/\/www.molinsfilmfestival.com\/#website","url":"https:\/\/www.molinsfilmfestival.com\/","name":"Molinos Horror Film Festival","description":"Festival de Cine de Terror de Molinos de Rey","publisher":{"@id":"https:\/\/www.molinsfilmfestival.com\/#organization"},"potentialAction":[{"@type":"SearchAction","target":{"@type":"EntryPoint","urlTemplate":"https:\/\/www.molinsfilmfestival.com\/?s={search_term_string}"},"query-input":{"@type":"PropertyValueSpecification","valueRequired":true,"valueName":"search_term_string"}}],"inLanguage":"es"},{"@type":"Organization","@id":"https:\/\/www.molinsfilmfestival.com\/#organization","name":"Molinos Horror Film Festival","url":"https:\/\/www.molinsfilmfestival.com\/","logo":{"@type":"ImageObject","inLanguage":"es","@id":"https:\/\/www.molinsfilmfestival.com\/#\/schema\/logo\/image\/","url":"https:\/\/www.molinsfilmfestival.com\/wp-content\/uploads\/2025\/05\/terrormolins_logo.svg","contentUrl":"https:\/\/www.molinsfilmfestival.com\/wp-content\/uploads\/2025\/05\/terrormolins_logo.svg","caption":"Molins Horror Film Festival"},"image":{"@id":"https:\/\/www.molinsfilmfestival.com\/#\/schema\/logo\/image\/"}},{"@type":"Person","@id":"https:\/\/www.molinsfilmfestival.com\/#\/schema\/person\/9d664b50116f871b0cb00fa43b2527dd","name":"terrormolinos","image":{"@type":"ImageObject","inLanguage":"es","@id":"https:\/\/www.molinsfilmfestival.com\/#\/schema\/person\/image\/","url":"https:\/\/secure.gravatar.com\/avatar\/591ccac8e3772fe3891dbd3892fd2232dbe1beb33ebbae4b228747f35168dcc6?s=96&d=mm&r=g","contentUrl":"https:\/\/secure.gravatar.com\/avatar\/591ccac8e3772fe3891dbd3892fd2232dbe1beb33ebbae4b228747f35168dcc6?s=96&d=mm&r=g","caption":"terrormolins"},"sameAs":["https:\/\/temporal.molinsfilmfestival.com"],"url":"https:\/\/www.molinsfilmfestival.com\/esp\/author\/terrormolins\/"}]}},"_links":{"self":[{"href":"https:\/\/www.molinsfilmfestival.com\/esp\/wp-json\/wp\/v2\/posts\/1321","targetHints":{"allow":["GET"]}}],"collection":[{"href":"https:\/\/www.molinsfilmfestival.com\/esp\/wp-json\/wp\/v2\/posts"}],"about":[{"href":"https:\/\/www.molinsfilmfestival.com\/esp\/wp-json\/wp\/v2\/types\/post"}],"author":[{"embeddable":true,"href":"https:\/\/www.molinsfilmfestival.com\/esp\/wp-json\/wp\/v2\/users\/1"}],"replies":[{"embeddable":true,"href":"https:\/\/www.molinsfilmfestival.com\/esp\/wp-json\/wp\/v2\/comments?post=1321"}],"version-history":[{"count":0,"href":"https:\/\/www.molinsfilmfestival.com\/esp\/wp-json\/wp\/v2\/posts\/1321\/revisions"}],"wp:attachment":[{"href":"https:\/\/www.molinsfilmfestival.com\/esp\/wp-json\/wp\/v2\/media?parent=1321"}],"wp:term":[{"taxonomy":"category","embeddable":true,"href":"https:\/\/www.molinsfilmfestival.com\/esp\/wp-json\/wp\/v2\/categories?post=1321"},{"taxonomy":"post_tag","embeddable":true,"href":"https:\/\/www.molinsfilmfestival.com\/esp\/wp-json\/wp\/v2\/tags?post=1321"}],"curies":[{"name":"wp","href":"https:\/\/api.w.org\/{rel}","templated":true}]}}