{"id":1323,"date":"2021-09-26T19:32:30","date_gmt":"2021-09-26T17:32:30","guid":{"rendered":"http:\/\/www.molinsfilmfestival.com\/2021\/09\/26\/terrormolins-anuncia-la-pellicula-dinauguracio-i-clausura\/"},"modified":"2021-09-26T19:32:30","modified_gmt":"2021-09-26T17:32:30","slug":"terrormolins-anuncia-la-pellicula-dinauguracio-i-clausura","status":"publish","type":"post","link":"https:\/\/www.molinsfilmfestival.com\/esp\/2021\/09\/26\/terrormolins-anuncia-la-pellicula-dinauguracio-i-clausura\/","title":{"rendered":"TerrorMolins anuncia la pel\u00edcula de inauguraci\u00f3n y clausura"},"content":{"rendered":"<p>La premi\u00e8re Europea de la fren\u00e9tica cuarta entrega de la saga V\/H\/S inaugurar\u00e1 el 40 Festival de Cine de Terror de Molinos de Rey 2021 con la proyecci\u00f3n de <strong>V\/H\/S 94.<\/strong> Timo Tjahjanto, Simon Barrett, Chloe Okino, Ryan Prows y Jennifer Reeder son los encargados de dirigir los segmentos de esa antolog\u00eda. Experimenta el terror grabado en v\u00eddeo.<\/p>\n\n<p>Tras el descubrimiento de una misteriosa cinta VHS, un equipo de polic\u00edas lanza una redada de alta intensidad en un almac\u00e9n remoto, s\u00f3lo por descubrir un siniestro culto que esconde una colecci\u00f3n de material grabado que esconde una conspiraci\u00f3n de pesadilla. Terror puro sin concesiones de los creadores de pel\u00edculas como <em>Ready or not, The night house, You&#039;re next, The night comes for us<\/em> i <em>Knives and Ski.<\/em><\/p>\n\n<p>Como complemento de la sesi\u00f3n, tendremos el cortometraje finland\u00e9s, <em>Night of the Living Dicks<\/em>, terror n\u00f3rdico comprometido y desvergonzado dirigido por Ilia Rautsi, que ya estuvo presente en la edici\u00f3n 2018 del Festival con <em>Helsinki Mansplaining Masacre<\/em>. Seguro que no dejar\u00e1 a nadie indiferente.<\/p>\n\n<p>Y para culminar con todo lujo, el festival cerrar\u00e1 su 40 edici\u00f3n con uno de los t\u00edtulos m\u00e1s destacados y esperados: <strong>The Inocentes<\/strong>. Eskil Vogt dirige una de las pel\u00edculas que m\u00e1s controvertidas en Cannes (hasta llegar a etiquetarla como una de las mejores pel\u00edculas de terror de la d\u00e9cada) sobre un grupo de ni\u00f1os en Noruega que durante un radiante verano deciden revelarse contra los adultos cuando apartan la mirada. <\/p>\n\n<figure class=\"wp-block-gallery columns-2 is-cropped wp-block-gallery-1 is-layout-flex wp-block-gallery-is-layout-flex\"><ul class=\"blocks-gallery-grid\"><li class=\"blocks-gallery-item\"><figure><img decoding=\"async\" src=\"http:\/\/www.molinsfilmfestival.com\/wp-content\/uploads\/2021\/09\/vhs-94.jpg\" alt=\"\" data-id=\"7661\" data-link=\"http:\/\/www.molinsfilmfestival.com\/2021\/09\/26\/terrormolins-anuncia-la-pelicula-de-inauguracion-y-clausura\/vhs-94\/#main\" class=\"wp-image-7662\"\/><\/figure><\/li><li class=\"blocks-gallery-item\"><figure><img decoding=\"async\" src=\"http:\/\/www.molinsfilmfestival.com\/wp-content\/uploads\/2021\/09\/The_Innocents-565645668-large-1.jpg\" alt=\"\" data-id=\"7664\" data-full-url=\"http:\/\/www.molinsfilmfestival.com\/wp-content\/uploads\/2021\/09\/The_Innocents-565645668-large-1.jpg\" data-link=\"http:\/\/www.molinsfilmfestival.com\/2021\/09\/26\/terrormolins-anuncia-la-pelicula-de-inauguracion-y-clausura\/the_innocents-565645668-large-1\/#main\" class=\"wp-image-7665\"\/><\/figure><\/li><\/ul><\/figure>","protected":false},"excerpt":{"rendered":"<p>La premi\u00e8re Europea de la fren\u00e8tica quarta entrega de la saga V\/H\/S inaugurar\u00e0 el 40 Festival de Cine de Terror de Molins de Rei 2021 amb la projecci\u00f3 de V\/H\/S 94. Timo Tjahjanto, Simon Barrett, Chloe Okino, Ryan Prows i Jennifer Reeder s\u00f3n els encarregats de dirigir els segments d\u2019aquesta antologia. Experimenta el terror gravat [&hellip;]<\/p>","protected":false},"author":1,"featured_media":0,"comment_status":"closed","ping_status":"closed","sticky":false,"template":"","format":"standard","meta":{"_acf_changed":false,"footnotes":""},"categories":[106,56,52],"tags":[],"class_list":["post-1323","post","type-post","status-publish","format-standard","hentry","category-40-edition-2021-ca","category-destacats","category-llargmetratges"],"acf":[],"yoast_head":"<!-- This site is optimized with the Yoast SEO plugin v26.4 - https:\/\/yoast.com\/wordpress\/plugins\/seo\/ -->\n<title>TerrorMolins anuncia la pel\u00b7l\u00edcula d\u2019inauguraci\u00f3 i clausura | Molins Horror Film Festival<\/title>\n<meta name=\"robots\" content=\"index, follow, max-snippet:-1, max-image-preview:large, max-video-preview:-1\" \/>\n<link rel=\"canonical\" href=\"https:\/\/www.molinsfilmfestival.com\/esp\/2021\/09\/26\/terrormolins-anuncia-la-pellicula-dinauguracio-i-clausura\/\" \/>\n<meta property=\"og:locale\" content=\"es_ES\" \/>\n<meta property=\"og:type\" content=\"article\" \/>\n<meta property=\"og:title\" content=\"TerrorMolins anuncia la pel\u00b7l\u00edcula d\u2019inauguraci\u00f3 i clausura | Molins Horror Film Festival\" \/>\n<meta property=\"og:description\" content=\"La premi\u00e8re Europea de la fren\u00e8tica quarta entrega de la saga V\/H\/S inaugurar\u00e0 el 40 Festival de Cine de Terror de Molins de Rei 2021 amb la projecci\u00f3 de V\/H\/S 94. Timo Tjahjanto, Simon Barrett, Chloe Okino, Ryan Prows i Jennifer Reeder s\u00f3n els encarregats de dirigir els segments d\u2019aquesta antologia. Experimenta el terror gravat [&hellip;]\" \/>\n<meta property=\"og:url\" content=\"https:\/\/www.molinsfilmfestival.com\/esp\/2021\/09\/26\/terrormolins-anuncia-la-pellicula-dinauguracio-i-clausura\/\" \/>\n<meta property=\"og:site_name\" content=\"Molins Horror Film Festival\" \/>\n<meta property=\"article:published_time\" content=\"2021-09-26T17:32:30+00:00\" \/>\n<meta property=\"og:image\" content=\"http:\/\/www.molinsfilmfestival.com\/wp-content\/uploads\/2021\/09\/vhs-94.jpg\" \/>\n<meta name=\"author\" content=\"terrormolins\" \/>\n<meta name=\"twitter:card\" content=\"summary_large_image\" \/>\n<meta name=\"twitter:label1\" content=\"Escrito por\" \/>\n\t<meta name=\"twitter:data1\" content=\"terrormolins\" \/>\n\t<meta name=\"twitter:label2\" content=\"Tiempo de lectura\" \/>\n\t<meta name=\"twitter:data2\" content=\"1 minuto\" \/>\n<script type=\"application\/ld+json\" class=\"yoast-schema-graph\">{\"@context\":\"https:\/\/schema.org\",\"@graph\":[{\"@type\":\"Article\",\"@id\":\"https:\/\/www.molinsfilmfestival.com\/2021\/09\/26\/terrormolins-anuncia-la-pellicula-dinauguracio-i-clausura\/#article\",\"isPartOf\":{\"@id\":\"https:\/\/www.molinsfilmfestival.com\/2021\/09\/26\/terrormolins-anuncia-la-pellicula-dinauguracio-i-clausura\/\"},\"author\":{\"name\":\"terrormolins\",\"@id\":\"https:\/\/www.molinsfilmfestival.com\/#\/schema\/person\/9d664b50116f871b0cb00fa43b2527dd\"},\"headline\":\"TerrorMolins anuncia la pel\u00b7l\u00edcula d\u2019inauguraci\u00f3 i clausura\",\"datePublished\":\"2021-09-26T17:32:30+00:00\",\"mainEntityOfPage\":{\"@id\":\"https:\/\/www.molinsfilmfestival.com\/2021\/09\/26\/terrormolins-anuncia-la-pellicula-dinauguracio-i-clausura\/\"},\"wordCount\":271,\"publisher\":{\"@id\":\"https:\/\/www.molinsfilmfestival.com\/#organization\"},\"image\":{\"@id\":\"https:\/\/www.molinsfilmfestival.com\/2021\/09\/26\/terrormolins-anuncia-la-pellicula-dinauguracio-i-clausura\/#primaryimage\"},\"thumbnailUrl\":\"http:\/\/www.molinsfilmfestival.com\/wp-content\/uploads\/2021\/09\/vhs-94.jpg\",\"articleSection\":[\"40 Edition 2021\",\"Destacats\",\"Llargmetratges\"],\"inLanguage\":\"es\"},{\"@type\":\"WebPage\",\"@id\":\"https:\/\/www.molinsfilmfestival.com\/2021\/09\/26\/terrormolins-anuncia-la-pellicula-dinauguracio-i-clausura\/\",\"url\":\"https:\/\/www.molinsfilmfestival.com\/2021\/09\/26\/terrormolins-anuncia-la-pellicula-dinauguracio-i-clausura\/\",\"name\":\"TerrorMolins anuncia la pel\u00b7l\u00edcula d\u2019inauguraci\u00f3 i clausura | Molins Horror Film Festival\",\"isPartOf\":{\"@id\":\"https:\/\/www.molinsfilmfestival.com\/#website\"},\"primaryImageOfPage\":{\"@id\":\"https:\/\/www.molinsfilmfestival.com\/2021\/09\/26\/terrormolins-anuncia-la-pellicula-dinauguracio-i-clausura\/#primaryimage\"},\"image\":{\"@id\":\"https:\/\/www.molinsfilmfestival.com\/2021\/09\/26\/terrormolins-anuncia-la-pellicula-dinauguracio-i-clausura\/#primaryimage\"},\"thumbnailUrl\":\"http:\/\/www.molinsfilmfestival.com\/wp-content\/uploads\/2021\/09\/vhs-94.jpg\",\"datePublished\":\"2021-09-26T17:32:30+00:00\",\"breadcrumb\":{\"@id\":\"https:\/\/www.molinsfilmfestival.com\/2021\/09\/26\/terrormolins-anuncia-la-pellicula-dinauguracio-i-clausura\/#breadcrumb\"},\"inLanguage\":\"es\",\"potentialAction\":[{\"@type\":\"ReadAction\",\"target\":[\"https:\/\/www.molinsfilmfestival.com\/2021\/09\/26\/terrormolins-anuncia-la-pellicula-dinauguracio-i-clausura\/\"]}]},{\"@type\":\"ImageObject\",\"inLanguage\":\"es\",\"@id\":\"https:\/\/www.molinsfilmfestival.com\/2021\/09\/26\/terrormolins-anuncia-la-pellicula-dinauguracio-i-clausura\/#primaryimage\",\"url\":\"http:\/\/www.molinsfilmfestival.com\/wp-content\/uploads\/2021\/09\/vhs-94.jpg\",\"contentUrl\":\"http:\/\/www.molinsfilmfestival.com\/wp-content\/uploads\/2021\/09\/vhs-94.jpg\"},{\"@type\":\"BreadcrumbList\",\"@id\":\"https:\/\/www.molinsfilmfestival.com\/2021\/09\/26\/terrormolins-anuncia-la-pellicula-dinauguracio-i-clausura\/#breadcrumb\",\"itemListElement\":[{\"@type\":\"ListItem\",\"position\":1,\"name\":\"Inici\",\"item\":\"https:\/\/www.molinsfilmfestival.com\/\"},{\"@type\":\"ListItem\",\"position\":2,\"name\":\"TerrorMolins anuncia la pel\u00b7l\u00edcula d\u2019inauguraci\u00f3 i clausura\"}]},{\"@type\":\"WebSite\",\"@id\":\"https:\/\/www.molinsfilmfestival.com\/#website\",\"url\":\"https:\/\/www.molinsfilmfestival.com\/\",\"name\":\"Molins Horror Film Festival\",\"description\":\"Festival de Cine de Terror de Molins de Rei\",\"publisher\":{\"@id\":\"https:\/\/www.molinsfilmfestival.com\/#organization\"},\"potentialAction\":[{\"@type\":\"SearchAction\",\"target\":{\"@type\":\"EntryPoint\",\"urlTemplate\":\"https:\/\/www.molinsfilmfestival.com\/?s={search_term_string}\"},\"query-input\":{\"@type\":\"PropertyValueSpecification\",\"valueRequired\":true,\"valueName\":\"search_term_string\"}}],\"inLanguage\":\"es\"},{\"@type\":\"Organization\",\"@id\":\"https:\/\/www.molinsfilmfestival.com\/#organization\",\"name\":\"Molins Horror Film Festival\",\"url\":\"https:\/\/www.molinsfilmfestival.com\/\",\"logo\":{\"@type\":\"ImageObject\",\"inLanguage\":\"es\",\"@id\":\"https:\/\/www.molinsfilmfestival.com\/#\/schema\/logo\/image\/\",\"url\":\"https:\/\/www.molinsfilmfestival.com\/wp-content\/uploads\/2025\/05\/terrormolins_logo.svg\",\"contentUrl\":\"https:\/\/www.molinsfilmfestival.com\/wp-content\/uploads\/2025\/05\/terrormolins_logo.svg\",\"caption\":\"Molins Horror Film Festival\"},\"image\":{\"@id\":\"https:\/\/www.molinsfilmfestival.com\/#\/schema\/logo\/image\/\"}},{\"@type\":\"Person\",\"@id\":\"https:\/\/www.molinsfilmfestival.com\/#\/schema\/person\/9d664b50116f871b0cb00fa43b2527dd\",\"name\":\"terrormolins\",\"image\":{\"@type\":\"ImageObject\",\"inLanguage\":\"es\",\"@id\":\"https:\/\/www.molinsfilmfestival.com\/#\/schema\/person\/image\/\",\"url\":\"https:\/\/secure.gravatar.com\/avatar\/591ccac8e3772fe3891dbd3892fd2232dbe1beb33ebbae4b228747f35168dcc6?s=96&d=mm&r=g\",\"contentUrl\":\"https:\/\/secure.gravatar.com\/avatar\/591ccac8e3772fe3891dbd3892fd2232dbe1beb33ebbae4b228747f35168dcc6?s=96&d=mm&r=g\",\"caption\":\"terrormolins\"},\"sameAs\":[\"https:\/\/temporal.molinsfilmfestival.com\"],\"url\":\"https:\/\/www.molinsfilmfestival.com\/esp\/author\/terrormolins\/\"}]}<\/script>\n<!-- \/ Yoast SEO plugin. -->","yoast_head_json":{"title":"TerrorMolins anuncia la pel\u00b7l\u00edcula d\u2019inauguraci\u00f3 i clausura | Molins Horror Film Festival","robots":{"index":"index","follow":"follow","max-snippet":"max-snippet:-1","max-image-preview":"max-image-preview:large","max-video-preview":"max-video-preview:-1"},"canonical":"https:\/\/www.molinsfilmfestival.com\/esp\/2021\/09\/26\/terrormolins-anuncia-la-pellicula-dinauguracio-i-clausura\/","og_locale":"es_ES","og_type":"article","og_title":"TerrorMolins anuncia la pel\u00b7l\u00edcula d\u2019inauguraci\u00f3 i clausura | Molins Horror Film Festival","og_description":"La premi\u00e8re Europea de la fren\u00e8tica quarta entrega de la saga V\/H\/S inaugurar\u00e0 el 40 Festival de Cine de Terror de Molins de Rei 2021 amb la projecci\u00f3 de V\/H\/S 94. Timo Tjahjanto, Simon Barrett, Chloe Okino, Ryan Prows i Jennifer Reeder s\u00f3n els encarregats de dirigir els segments d\u2019aquesta antologia. Experimenta el terror gravat [&hellip;]","og_url":"https:\/\/www.molinsfilmfestival.com\/esp\/2021\/09\/26\/terrormolins-anuncia-la-pellicula-dinauguracio-i-clausura\/","og_site_name":"Molins Horror Film Festival","article_published_time":"2021-09-26T17:32:30+00:00","og_image":[{"url":"http:\/\/www.molinsfilmfestival.com\/wp-content\/uploads\/2021\/09\/vhs-94.jpg","type":"","width":"","height":""}],"author":"terrormolins","twitter_card":"summary_large_image","twitter_misc":{"Escrito por":"terrormolins","Tiempo de lectura":"1 minuto"},"schema":{"@context":"https:\/\/schema.org","@graph":[{"@type":"Article","@id":"https:\/\/www.molinsfilmfestival.com\/2021\/09\/26\/terrormolins-anuncia-la-pellicula-dinauguracio-i-clausura\/#article","isPartOf":{"@id":"https:\/\/www.molinsfilmfestival.com\/2021\/09\/26\/terrormolins-anuncia-la-pellicula-dinauguracio-i-clausura\/"},"author":{"name":"terrormolins","@id":"https:\/\/www.molinsfilmfestival.com\/#\/schema\/person\/9d664b50116f871b0cb00fa43b2527dd"},"headline":"TerrorMolins anuncia la pel\u00b7l\u00edcula d\u2019inauguraci\u00f3 i clausura","datePublished":"2021-09-26T17:32:30+00:00","mainEntityOfPage":{"@id":"https:\/\/www.molinsfilmfestival.com\/2021\/09\/26\/terrormolins-anuncia-la-pellicula-dinauguracio-i-clausura\/"},"wordCount":271,"publisher":{"@id":"https:\/\/www.molinsfilmfestival.com\/#organization"},"image":{"@id":"https:\/\/www.molinsfilmfestival.com\/2021\/09\/26\/terrormolins-anuncia-la-pellicula-dinauguracio-i-clausura\/#primaryimage"},"thumbnailUrl":"http:\/\/www.molinsfilmfestival.com\/wp-content\/uploads\/2021\/09\/vhs-94.jpg","articleSection":["40 Edition 2021","Destacats","Llargmetratges"],"inLanguage":"es"},{"@type":"WebPage","@id":"https:\/\/www.molinsfilmfestival.com\/2021\/09\/26\/terrormolins-anuncia-la-pellicula-dinauguracio-i-clausura\/","url":"https:\/\/www.molinsfilmfestival.com\/2021\/09\/26\/terrormolins-anuncia-la-pellicula-dinauguracio-i-clausura\/","name":"TerrorMolins anuncia la pel\u00b7l\u00edcula d\u2019inauguraci\u00f3 i clausura | Molins Horror Film Festival","isPartOf":{"@id":"https:\/\/www.molinsfilmfestival.com\/#website"},"primaryImageOfPage":{"@id":"https:\/\/www.molinsfilmfestival.com\/2021\/09\/26\/terrormolins-anuncia-la-pellicula-dinauguracio-i-clausura\/#primaryimage"},"image":{"@id":"https:\/\/www.molinsfilmfestival.com\/2021\/09\/26\/terrormolins-anuncia-la-pellicula-dinauguracio-i-clausura\/#primaryimage"},"thumbnailUrl":"http:\/\/www.molinsfilmfestival.com\/wp-content\/uploads\/2021\/09\/vhs-94.jpg","datePublished":"2021-09-26T17:32:30+00:00","breadcrumb":{"@id":"https:\/\/www.molinsfilmfestival.com\/2021\/09\/26\/terrormolins-anuncia-la-pellicula-dinauguracio-i-clausura\/#breadcrumb"},"inLanguage":"es","potentialAction":[{"@type":"ReadAction","target":["https:\/\/www.molinsfilmfestival.com\/2021\/09\/26\/terrormolins-anuncia-la-pellicula-dinauguracio-i-clausura\/"]}]},{"@type":"ImageObject","inLanguage":"es","@id":"https:\/\/www.molinsfilmfestival.com\/2021\/09\/26\/terrormolins-anuncia-la-pellicula-dinauguracio-i-clausura\/#primaryimage","url":"http:\/\/www.molinsfilmfestival.com\/wp-content\/uploads\/2021\/09\/vhs-94.jpg","contentUrl":"http:\/\/www.molinsfilmfestival.com\/wp-content\/uploads\/2021\/09\/vhs-94.jpg"},{"@type":"BreadcrumbList","@id":"https:\/\/www.molinsfilmfestival.com\/2021\/09\/26\/terrormolins-anuncia-la-pellicula-dinauguracio-i-clausura\/#breadcrumb","itemListElement":[{"@type":"ListItem","position":1,"name":"Inici","item":"https:\/\/www.molinsfilmfestival.com\/"},{"@type":"ListItem","position":2,"name":"TerrorMolins anuncia la pel\u00b7l\u00edcula d\u2019inauguraci\u00f3 i clausura"}]},{"@type":"WebSite","@id":"https:\/\/www.molinsfilmfestival.com\/#website","url":"https:\/\/www.molinsfilmfestival.com\/","name":"Molinos Horror Film Festival","description":"Festival de Cine de Terror de Molinos de Rey","publisher":{"@id":"https:\/\/www.molinsfilmfestival.com\/#organization"},"potentialAction":[{"@type":"SearchAction","target":{"@type":"EntryPoint","urlTemplate":"https:\/\/www.molinsfilmfestival.com\/?s={search_term_string}"},"query-input":{"@type":"PropertyValueSpecification","valueRequired":true,"valueName":"search_term_string"}}],"inLanguage":"es"},{"@type":"Organization","@id":"https:\/\/www.molinsfilmfestival.com\/#organization","name":"Molinos Horror Film Festival","url":"https:\/\/www.molinsfilmfestival.com\/","logo":{"@type":"ImageObject","inLanguage":"es","@id":"https:\/\/www.molinsfilmfestival.com\/#\/schema\/logo\/image\/","url":"https:\/\/www.molinsfilmfestival.com\/wp-content\/uploads\/2025\/05\/terrormolins_logo.svg","contentUrl":"https:\/\/www.molinsfilmfestival.com\/wp-content\/uploads\/2025\/05\/terrormolins_logo.svg","caption":"Molins Horror Film Festival"},"image":{"@id":"https:\/\/www.molinsfilmfestival.com\/#\/schema\/logo\/image\/"}},{"@type":"Person","@id":"https:\/\/www.molinsfilmfestival.com\/#\/schema\/person\/9d664b50116f871b0cb00fa43b2527dd","name":"terrormolinos","image":{"@type":"ImageObject","inLanguage":"es","@id":"https:\/\/www.molinsfilmfestival.com\/#\/schema\/person\/image\/","url":"https:\/\/secure.gravatar.com\/avatar\/591ccac8e3772fe3891dbd3892fd2232dbe1beb33ebbae4b228747f35168dcc6?s=96&d=mm&r=g","contentUrl":"https:\/\/secure.gravatar.com\/avatar\/591ccac8e3772fe3891dbd3892fd2232dbe1beb33ebbae4b228747f35168dcc6?s=96&d=mm&r=g","caption":"terrormolins"},"sameAs":["https:\/\/temporal.molinsfilmfestival.com"],"url":"https:\/\/www.molinsfilmfestival.com\/esp\/author\/terrormolins\/"}]}},"_links":{"self":[{"href":"https:\/\/www.molinsfilmfestival.com\/esp\/wp-json\/wp\/v2\/posts\/1323","targetHints":{"allow":["GET"]}}],"collection":[{"href":"https:\/\/www.molinsfilmfestival.com\/esp\/wp-json\/wp\/v2\/posts"}],"about":[{"href":"https:\/\/www.molinsfilmfestival.com\/esp\/wp-json\/wp\/v2\/types\/post"}],"author":[{"embeddable":true,"href":"https:\/\/www.molinsfilmfestival.com\/esp\/wp-json\/wp\/v2\/users\/1"}],"replies":[{"embeddable":true,"href":"https:\/\/www.molinsfilmfestival.com\/esp\/wp-json\/wp\/v2\/comments?post=1323"}],"version-history":[{"count":0,"href":"https:\/\/www.molinsfilmfestival.com\/esp\/wp-json\/wp\/v2\/posts\/1323\/revisions"}],"wp:attachment":[{"href":"https:\/\/www.molinsfilmfestival.com\/esp\/wp-json\/wp\/v2\/media?parent=1323"}],"wp:term":[{"taxonomy":"category","embeddable":true,"href":"https:\/\/www.molinsfilmfestival.com\/esp\/wp-json\/wp\/v2\/categories?post=1323"},{"taxonomy":"post_tag","embeddable":true,"href":"https:\/\/www.molinsfilmfestival.com\/esp\/wp-json\/wp\/v2\/tags?post=1323"}],"curies":[{"name":"wp","href":"https:\/\/api.w.org\/{rel}","templated":true}]}}