{"id":13706,"date":"2020-10-13T11:52:25","date_gmt":"2020-10-13T09:52:25","guid":{"rendered":"https:\/\/temporal.molinsfilmfestival.com\/2020\/10\/13\/capere-portabella-recollira-el-premi-honorific-del-terrormolins-2020espere-portabella-recogera-el-premio-honorifico-del-terrormolins-2020enpere-portabella-will-collect-the-honorific-prize-of\/"},"modified":"2020-10-13T11:52:25","modified_gmt":"2020-10-13T09:52:25","slug":"capere-portabella-recollira-el-premi-honorific-del-terrormolins-2020espere-portabella-recogera-el-premio-honorifico-del-terrormolins-2020enpere-portabella-will-collect-the-honorific-prize-of","status":"publish","type":"post","link":"https:\/\/www.molinsfilmfestival.com\/esp\/2020\/10\/13\/capere-portabella-recollira-el-premi-honorific-del-terrormolins-2020espere-portabella-recogera-el-premio-honorifico-del-terrormolins-2020enpere-portabella-will-collect-the-honorific-prize-of\/","title":{"rendered":"Pere Portabella recoger\u00e1 el Premio Honor\u00edfico del terror Molins 2020 Pedro Portabella recoger\u00e1 el premio honor\u00edfico del terror Molins 2020"},"content":{"rendered":"<p>[:es]<\/p>\n<h2>Pere Portabella recoger\u00e1 el Premio Honor\u00edfico del terror Molins 2020<\/h2>\n<p><a href=\"http:\/\/www.molinsfilmfestival.com\/wp-content\/uploads\/2020\/10\/zentauroepp50803931-icult-pere-portabella191108181736-1573233640738.jpg\"><img loading=\"lazy\" decoding=\"async\" class=\"aligncenter size-large wp-image-18396\" src=\"http:\/\/www.molinsfilmfestival.com\/wp-content\/uploads\/2020\/10\/zentauroepp50803931-icult-pere-portabella191108181736-1573233640738-1024x575.jpg\" alt=\"Pere Portabella\" width=\"900\" height=\"505\" \/><\/a><\/p>\n<p>En la presente edici\u00f3n del Festival de Cine de Terror de Molins de Rei, que se celebrar\u00e1 del 6 al 15 de noviembre, <strong>tendremos el honor de rendir homenaje a Pere Portabella <\/strong>(Figueres, 1929), figura clave dentro de la filmograf\u00eda del pa\u00eds. Autor de obras imprescindibles como <em>\u201c&quot;Nocturno 29&quot;\u201d<\/em> (1968), <em>\u201cUmbracle\u201d<\/em> (1972), <em>\u201c&quot;La Cena&quot;\u201d<\/em> (1974), <em>\u201c&quot;Informe General&quot;\u201d<\/em> (1977) o <em>\u201c&quot;El silencio antes de Bach&quot;\u201d<\/em> (2007), entre otras muchas, y productor de obras tan conocidas como <em>\u201c&quot;Los Golfos&quot;\u201d<\/em> (Carlos Saura, 1959), El cochecito (Marco Ferreri, 1960) o Viridiana (Luis Bu\u00f1uel,1961). Su visi\u00f3n siempre comprometida con la sociedad y la vanguardia art\u00edstica y pol\u00edtica se ha convertido en fuente de inspiraci\u00f3n para muchos artistas y cin\u00e9filos, e indispensable para comprender buena parte de las rupturas y saltos adelante que ha habido en la historia moderna de nuestro cine y de nuestro pa\u00eds.<\/p>\n<p>Adem\u00e1s, Portabella est\u00e1 ligado a la historia de nuestra poblaci\u00f3n para que <strong>su primer largometraje se proyect\u00f3 por primera vez en Espa\u00f1a dentro de la Semana de Cine de Molinos de Rey<\/strong>, en febrero de 1969. Sin embargo, es parte de la memoria de nuestro Festival para que <strong>en 1974 programamos <em>\u201cVampiro-Cuadecuco\u201d<\/em> (1970)<\/strong> como sesi\u00f3n sorpresa; cuando su estreno estaba prohibido por la dictadura franquista. Esta obra maestra, fascinante e irrepetible, ser\u00e1 la escogida para formar parte del homenaje, aprovechando la efem\u00e9ride del 50 aniversario de su creaci\u00f3n.<\/p>\n\n<p>Durante los a\u00f1os 70, el director madrile\u00f1o Jess Franco rodaba su versi\u00f3n de <em>\u201c&quot;El conde Dr\u00e1cula&quot;\u201d<\/em>, protagonizada por Christopher Lee. Un hecho que Pere Portabella y Joan Brossa aprovecharon para filmar lo que, a priori, parec\u00eda ser un documental &quot;como se hizo&quot; sobre la pel\u00edcula. El resultado de su colaboraci\u00f3n es ya historia del cine. Una obra que va m\u00e1s all\u00e1 de la realidad para reinventar el mito de Dr\u00e1cula, a la vez que explora las posibilidades del lenguaje cinematogr\u00e1fico y la capacidad m\u00edtica que comporta la imagen como representaci\u00f3n de s\u00ed misma. Usando un vanguardismo narrativo rompedor, a\u00fan m\u00e1s sorprendente y revolucionario en aquella gris Espa\u00f1a franquista, <strong>la pel\u00edcula fue prohibida y no se estren\u00f3 hasta 38 a\u00f1os m\u00e1s tarde<\/strong>. Por eso se convirti\u00f3 en un film clave para entender la transici\u00f3n que hubo dentro del cine del pa\u00eds hacia pr\u00e1cticas clandestinas, ilegales y de abierta oposici\u00f3n al r\u00e9gimen.<\/p>\n<p>As\u00ed pues, para nosotros es motivo de celebraci\u00f3n poder aprovechar la efem\u00e9ride del aniversario de esta importante pel\u00edcula por <strong>rendir un merecido homenaje a nuestro querido y admirado Pere Portabella<\/strong> y as\u00ed celebrar una vida y obra de gran influencia e importancia. Deseamos que esto ayude a acercar su figura y legado a toda una nueva generaci\u00f3n cin\u00e9fila asidua en el Festival, propiciando que se reivindique y haga accesible un tipo de cine que, ahora m\u00e1s que nunca, hace frente a las l\u00f3gicas conservadoras, cuando no meramente mercantilistas, de muchas de las producciones contempor\u00e1neas.<\/p>\n<h4>La entrega del Premio Honor\u00edfico tendr\u00e1 lugar el viernes 13 de noviembre a las 19h junto con la proyecci\u00f3n de <strong>Vampiro-Cuadecuco<\/strong> y un coloquio posterior con Pere Portabella. Puede adquirir las entradas <a href=\"https:\/\/entradas.codetickets.com\/entradas\/festivaldecinedeterrordemolinsderei\">en la web de venta de entradas del Festival.<\/a>.<\/h4>\n<p>&nbsp;<\/p>\n<p><a href=\"http:\/\/www.molinsfilmfestival.com\/wp-content\/uploads\/2020\/10\/Vampir_Cuadecuc-442153922-mmed.jpg\"><img loading=\"lazy\" decoding=\"async\" class=\"aligncenter size-full wp-image-18399\" src=\"http:\/\/www.molinsfilmfestival.com\/wp-content\/uploads\/2020\/10\/Vampir_Cuadecuc-442153922-mmed.jpg\" alt=\"Vampir_Cuadecuc-442153922-mmed\" width=\"300\" height=\"432\" \/><\/a>[:es]<\/p>\n<h2>Pere Portabella recoger\u00e1 el Premio honor\u00edfico del terror Molins 2020<\/h2>\n<p><a href=\"http:\/\/www.molinsfilmfestival.com\/wp-content\/uploads\/2020\/10\/zentauroepp50803931-icult-pere-portabella191108181736-1573233640738.jpg\"><img loading=\"lazy\" decoding=\"async\" class=\"aligncenter size-large wp-image-18396\" src=\"http:\/\/www.molinsfilmfestival.com\/wp-content\/uploads\/2020\/10\/zentauroepp50803931-icult-pere-portabella191108181736-1573233640738-1024x575.jpg\" alt=\"Pere Portabella\" width=\"900\" height=\"505\" \/><\/a><\/p>\n<p>La presente edici\u00f3n del Festival de Cine de Terror de Molinos de Rey, que se celebrar\u00e1 del 6 al 15 de noviembre, <strong>tendremos el honor de rendir homenaje a Pere Portabella <\/strong>(Figueres, 1929), figura clave dentro de la cinematograf\u00eda del pa\u00eds. Autor de obras imprescindibles como <em>\u201c&quot;Nocturno 29&quot;\u201d<\/em> (1968), <em>\u201cUmbracle\u201d<\/em> (1972), <em>\u201c&quot;La Cena&quot;\u201d<\/em> (1974), <em>\u201c&quot;Informe General&quot;\u201d<\/em> (1977) o <em>\u201c&quot;El silencio antes de Bach&quot;\u201d<\/em> (2007), entre muchas otras, as\u00ed como productor de obras tan c\u00e9lebres como \u201cLos Golfos\u201d (Carlos Saura, 1959), <em>\u201c&quot;El cochecito&quot;\u201d<\/em> (Marco Ferreri, 1960) o <em>\u201c&quot;Viridiana&quot;\u201d<\/em> (Luis Bu\u00f1uel, 1961), su visi\u00f3n siempre comprometida con la sociedad y la vanguardia art\u00edstica y pol\u00edtica ha sido, y seguir\u00e1 siendo, fuente de inspiraci\u00f3n para numerosos artistas y cin\u00e9filos, e indispensable para entender una buena parte de las rupturas y saltos adelante producidos en la historia moderna de nuestro cine y del pa\u00eds.<\/p>\n<p>Portabella est\u00e1 adem\u00e1s ligado a la historia de nuestra poblaci\u00f3n, pues es<strong>u primer largometraje se proyect\u00f3 por primera vez en el estado Espa\u00f1ol dentro de la Semana de Cine Espa\u00f1ol de Molins de Rei<\/strong>, en febrero de 1969. Asimismo, se parte de la memoria de nuestro festival, pues <strong>en 1974 programamos \u201cVampiro-Cuadecuco\u201d<\/strong> (1970) como sesi\u00f3n sorpresa, una pel\u00edcula cuyo estreno estaba prohibido por la dictadura franquista. Esta obra maestra, fascinante e irrepetible, ser\u00e1 la elegida para formar parte del homenaje, aprovechando la efem\u00e9ride del 50 aniversario de su creaci\u00f3n.<\/p>\n\n<p>En los a\u00f1os 70, el director madrile\u00f1o Jess Franco rodaba su versi\u00f3 de <em>\u201c&quot;El conde Dr\u00e1cula&quot;\u201d<\/em>, protagonizada por Christopher Lee. Un hecho que Pedro Portabella y Joan Brossa aprovecharon para filmar lo que a priori parec\u00eda ser un documental &#039;c\u00f3mo se hizo&#039; sobre la pel\u00edcula. El resultado de su colaboraci\u00f3n es la historia del cine. Una obra que trasciende la realidad para reinventar el mito de Dr\u00e1cula, al tiempo que explora las posibilidades del lenguaje cinematogr\u00e1fico as\u00ed como la capacidad m\u00edtica que encierra la imagen como representaci\u00f3n, y por s\u00ed misma. Sirvi\u00e9ndose de un rompedor vanguardismo narrativo, a\u00fan m\u00e1s chocante y revolucionario en esa gris Espa\u00f1a franquista, <strong>la pel\u00edcula fue prohibida y no se estren\u00f3 hasta 38 a\u00f1os despu\u00e9s<\/strong>, siendo as\u00ed un filme clave adem\u00e1s para entender la transici\u00f3n que se produjo en el cine del pa\u00eds hacia pr\u00e1cticas clandestinas, ilegales y de abierta oposici\u00f3n al r\u00e9gimen.<\/p>\n<p>Es pues para nosotros motivo de celebraci\u00f3n el poder aprovechar la efem\u00e9ride del aniversario de esta importante pel\u00edcula para <strong>rendir un merecido homenaje a nuestro querido y admirado Pere Portabella<\/strong> y, con ello, celebrar una vida y obra de gran influencia e importancia. Deseamos que esto contribuya a acostar su figura y legado a toda una nueva generaci\u00f3n cin\u00e9fila asidua al festival, contribuyendo as\u00ed a reivindicar y hacer accesible un tipo de cine que, hoy m\u00e1s que nunca, enfrenta las l\u00f3gicas conservadoras, cuando no puramente mercantilistas, de muchas de las producciones contempor\u00e1neas.<\/p>\n<h4>La entrega del Premio Honor\u00edfico tendr\u00e1 lugar el viernes 13 de noviembre a las 19h junto con la proyecci\u00f3n de <strong>Vampiro-Cuadecuco<\/strong> y un coloquio posterior cono Pere Portabella. Pod\u00e9is adquirir las entradas en <a href=\"https:\/\/entradas.codetickets.com\/entradas\/festivaldecinedeterrordemolinsderei\">la web de venta de entradas del Festival<\/a>.<\/h4>\n<p><a href=\"http:\/\/www.molinsfilmfestival.com\/wp-content\/uploads\/2020\/10\/Vampir_Cuadecuc-442153922-mmed.jpg\"><img loading=\"lazy\" decoding=\"async\" class=\"aligncenter size-full wp-image-18399\" src=\"http:\/\/www.molinsfilmfestival.com\/wp-content\/uploads\/2020\/10\/Vampir_Cuadecuc-442153922-mmed.jpg\" alt=\"Vampir_Cuadecuc-442153922-mmed\" width=\"300\" height=\"432\" \/><\/a>[:en]<\/p>\n<h2>Pere Portabella collect the Honorific prize of the terrorMolins 2020<\/h2>\n<p><a href=\"http:\/\/www.molinsfilmfestival.com\/wp-content\/uploads\/2020\/10\/zentauroepp50803931-icult-pere-portabella191108181736-1573233640738.jpg\"><img loading=\"lazy\" decoding=\"async\" class=\"aligncenter size-large wp-image-18396\" src=\"http:\/\/www.molinsfilmfestival.com\/wp-content\/uploads\/2020\/10\/zentauroepp50803931-icult-pere-portabella191108181736-1573233640738-1024x575.jpg\" alt=\"Pere Portabella\" width=\"900\" height=\"505\" \/><\/a><\/p>\n<p>En la \u00faltima edici\u00f3n de los Molins de Rey Horror Film Festival, to be held next November 6th-15th, w<strong>y will be honoured to pay tribute to Pere Portabella<\/strong> (Figueres, 1929), es esencial el elemento de la cinematogr\u00e1fica de la ciudad. Autor of central works such as <em>\u201c&quot;Nocturno 29&quot;\u201d<\/em> (1968), \u201cUmbracle\u201d (1972), <em>\u201c&quot;La Cena&quot;\u201d<\/em> (1974), \u201cInforme General\u201d (1977) oro <em>\u201c&quot;El silencio antes de Bach&quot;\u201d<\/em> (2007), a lo largo de otros, y produciendo sus notorios trabajos en los Golfos (Carlos Saura, 1959), <em>\u201c&quot;El cochecito&quot;\u201d<\/em> (Marco Ferreri, 1960) oro <em>\u201c&quot;Viridiana&quot;\u201d<\/em> (Luis Bu\u00f1uel,1961). Las visiones al mismo tiempo est\u00e1n commitidas por la sociedad social y art\u00edstica y pol\u00edtica avant-garde y has tomado como fuente de inspiraci\u00f3n para muchos artistas y cinephiles; which es central en understand most de break-through and forward lapse que there been over the historie of our cinema and our country.<\/p>\n<p>Moreover, Portabella se vincula a la historia de nuestro hombre para que sea first feature <strong>filme se har\u00e1 una pantalla entre las espa\u00f1as boundaries durante la Semana de Cine de Molinos de Rey<\/strong>, en February 1969. Se har\u00e1 a las que concierne, en 1974 a los que programed <em>\u201cVampiro-Cuadecuco\u201d<\/em> (1970) as a surprise sesi\u00f3n; when its screening was forbidden by Franco&#039;s dictatorship. El screening de esta fascinaci\u00f3n y un \u00fanico masterpiece, debe ser parte de nuestro tributo a la celebraci\u00f3n de su 50 aniversario.<\/p>\n\n<p>&nbsp;<\/p>\n<p>In the 1970&#039;s, film director Jess Franco para shooting la version of <em>\u201c&quot;El conde Dr\u00e1cula&quot;\u201d<\/em>, with star Christopher Lee. Something que Pere Portabella y el poet Joan Brossa usan el shoot en el filme que se hace look como en el documental en la pel\u00edcula. El resultado de su trabajo es ahora parte de la historia del cine. Esta andadura lleva a cabo realidad y reinventa el h\u00e1bito de Dr\u00e1cula y, a lo largo de los tiempos, explores cinematogr\u00e1fico de la lengua y las metas posibilidades de self representing image. With a break-through narrative avant-garde, it was even more surprising in the context of <strong>el duelo dictator Franco es el espa\u00f1ol que muestra la exhibici\u00f3n de la pel\u00edcula que no puede ser premiered until 38 years later<\/strong>. Therefore, el filme became en landmark to understand la transici\u00f3n, que se place in the national cinema which was in fact cloaked in secrecy and ilegality with open position against Franco&#039;s regime.<\/p>\n<p>Sonido, nos gusto para utilizar el mayor evento de este relevante filme para la heartfelt tributo al dearest y admired Pedro Portabella s praise a su influential life and work. Se trata de que contribuya al valor de su personalidad y legaci\u00f3n a la nueva generaci\u00f3n de cine goers attached en el Festival. Furthermore, esta should help to claim and demand a cine style which wants to face mere conservative and mercantilist statements we perceive in many current productions.<\/p>\n<p><a href=\"http:\/\/www.molinsfilmfestival.com\/wp-content\/uploads\/2020\/10\/Vampir_Cuadecuc-442153922-mmed.jpg\"><img loading=\"lazy\" decoding=\"async\" class=\"aligncenter size-full wp-image-18399\" src=\"http:\/\/www.molinsfilmfestival.com\/wp-content\/uploads\/2020\/10\/Vampir_Cuadecuc-442153922-mmed.jpg\" alt=\"Vampir_Cuadecuc-442153922-mmed\" width=\"300\" height=\"432\" \/><\/a>[:]<\/p>","protected":false},"excerpt":{"rendered":"<p>[:ca] Pere Portabella recollir\u00e0 el Premi Honor\u00edfic del terrorMolins 2020 En la present edici\u00f3 del Festival de Cine de Terror de Molins de Rei, que es celebrar\u00e0 del 6 al 15 de novembre, tindrem l&#8217;honor de retre homenatge a Pere Portabella (Figueres, 1929), figura clau dintre de la filmografia del pa\u00eds. Autor d&#8217;obres imprescindibles com [&hellip;]<\/p>","protected":false},"author":1,"featured_media":0,"comment_status":"open","ping_status":"open","sticky":false,"template":"","format":"standard","meta":{"_acf_changed":false,"footnotes":""},"categories":[],"tags":[],"class_list":["post-13706","post","type-post","status-publish","format-standard","hentry"],"acf":[],"yoast_head":"<!-- This site is optimized with the Yoast SEO plugin v26.4 - https:\/\/yoast.com\/wordpress\/plugins\/seo\/ -->\n<title>[:ca]Pere Portabella recollir\u00e0 el Premi Honor\u00edfic del terrorMolins 2020[:es]Pere Portabella recoger\u00e1 el premio honor\u00edfico del terrorMolins 2020[:en]Pere Portabella will collect the Honorific prize of the terrorMolins 2020[:] | Molins Horror Film Festival<\/title>\n<meta name=\"robots\" content=\"index, follow, max-snippet:-1, max-image-preview:large, max-video-preview:-1\" \/>\n<link rel=\"canonical\" href=\"https:\/\/www.molinsfilmfestival.com\/esp\/2020\/10\/13\/capere-portabella-recollira-el-premi-honorific-del-terrormolins-2020espere-portabella-recogera-el-premio-honorifico-del-terrormolins-2020enpere-portabella-will-collect-the-honorific-prize-of\/\" \/>\n<meta property=\"og:locale\" content=\"es_ES\" \/>\n<meta property=\"og:type\" content=\"article\" \/>\n<meta property=\"og:title\" content=\"[:ca]Pere Portabella recollir\u00e0 el Premi Honor\u00edfic del terrorMolins 2020[:es]Pere Portabella recoger\u00e1 el premio honor\u00edfico del terrorMolins 2020[:en]Pere Portabella will collect the Honorific prize of the terrorMolins 2020[:] | Molins Horror Film Festival\" \/>\n<meta property=\"og:description\" content=\"[:ca] Pere Portabella recollir\u00e0 el Premi Honor\u00edfic del terrorMolins 2020 En la present edici\u00f3 del Festival de Cine de Terror de Molins de Rei, que es celebrar\u00e0 del 6 al 15 de novembre, tindrem l&#8217;honor de retre homenatge a Pere Portabella (Figueres, 1929), figura clau dintre de la filmografia del pa\u00eds. Autor d&#8217;obres imprescindibles com [&hellip;]\" \/>\n<meta property=\"og:url\" content=\"https:\/\/www.molinsfilmfestival.com\/esp\/2020\/10\/13\/capere-portabella-recollira-el-premi-honorific-del-terrormolins-2020espere-portabella-recogera-el-premio-honorifico-del-terrormolins-2020enpere-portabella-will-collect-the-honorific-prize-of\/\" \/>\n<meta property=\"og:site_name\" content=\"Molins Horror Film Festival\" \/>\n<meta property=\"article:published_time\" content=\"2020-10-13T09:52:25+00:00\" \/>\n<meta property=\"og:image\" content=\"http:\/\/www.molinsfilmfestival.com\/wp-content\/uploads\/2020\/10\/zentauroepp50803931-icult-pere-portabella191108181736-1573233640738-1024x575.jpg\" \/>\n<meta name=\"author\" content=\"terrormolins\" \/>\n<meta name=\"twitter:card\" content=\"summary_large_image\" \/>\n<meta name=\"twitter:label1\" content=\"Escrito por\" \/>\n\t<meta name=\"twitter:data1\" content=\"terrormolins\" \/>\n\t<meta name=\"twitter:label2\" content=\"Tiempo de lectura\" \/>\n\t<meta name=\"twitter:data2\" content=\"8 minutos\" \/>\n<script type=\"application\/ld+json\" class=\"yoast-schema-graph\">{\"@context\":\"https:\/\/schema.org\",\"@graph\":[{\"@type\":\"Article\",\"@id\":\"https:\/\/www.molinsfilmfestival.com\/2020\/10\/13\/capere-portabella-recollira-el-premi-honorific-del-terrormolins-2020espere-portabella-recogera-el-premio-honorifico-del-terrormolins-2020enpere-portabella-will-collect-the-honorific-prize-of\/#article\",\"isPartOf\":{\"@id\":\"https:\/\/www.molinsfilmfestival.com\/2020\/10\/13\/capere-portabella-recollira-el-premi-honorific-del-terrormolins-2020espere-portabella-recogera-el-premio-honorifico-del-terrormolins-2020enpere-portabella-will-collect-the-honorific-prize-of\/\"},\"author\":{\"name\":\"terrormolins\",\"@id\":\"https:\/\/www.molinsfilmfestival.com\/#\/schema\/person\/9d664b50116f871b0cb00fa43b2527dd\"},\"headline\":\"[:ca]Pere Portabella recollir\u00e0 el Premi Honor\u00edfic del terrorMolins 2020[:es]Pere Portabella recoger\u00e1 el premio honor\u00edfico del terrorMolins 2020[:en]Pere Portabella will collect the Honorific prize of the terrorMolins 2020[:]\",\"datePublished\":\"2020-10-13T09:52:25+00:00\",\"mainEntityOfPage\":{\"@id\":\"https:\/\/www.molinsfilmfestival.com\/2020\/10\/13\/capere-portabella-recollira-el-premi-honorific-del-terrormolins-2020espere-portabella-recogera-el-premio-honorifico-del-terrormolins-2020enpere-portabella-will-collect-the-honorific-prize-of\/\"},\"wordCount\":1627,\"commentCount\":0,\"publisher\":{\"@id\":\"https:\/\/www.molinsfilmfestival.com\/#organization\"},\"image\":{\"@id\":\"https:\/\/www.molinsfilmfestival.com\/2020\/10\/13\/capere-portabella-recollira-el-premi-honorific-del-terrormolins-2020espere-portabella-recogera-el-premio-honorifico-del-terrormolins-2020enpere-portabella-will-collect-the-honorific-prize-of\/#primaryimage\"},\"thumbnailUrl\":\"http:\/\/www.molinsfilmfestival.com\/wp-content\/uploads\/2020\/10\/zentauroepp50803931-icult-pere-portabella191108181736-1573233640738-1024x575.jpg\",\"inLanguage\":\"es\"},{\"@type\":\"WebPage\",\"@id\":\"https:\/\/www.molinsfilmfestival.com\/2020\/10\/13\/capere-portabella-recollira-el-premi-honorific-del-terrormolins-2020espere-portabella-recogera-el-premio-honorifico-del-terrormolins-2020enpere-portabella-will-collect-the-honorific-prize-of\/\",\"url\":\"https:\/\/www.molinsfilmfestival.com\/2020\/10\/13\/capere-portabella-recollira-el-premi-honorific-del-terrormolins-2020espere-portabella-recogera-el-premio-honorifico-del-terrormolins-2020enpere-portabella-will-collect-the-honorific-prize-of\/\",\"name\":\"[:ca]Pere Portabella recollir\u00e0 el Premi Honor\u00edfic del terrorMolins 2020[:es]Pere Portabella recoger\u00e1 el premio honor\u00edfico del terrorMolins 2020[:en]Pere Portabella will collect the Honorific prize of the terrorMolins 2020[:] | Molins Horror Film Festival\",\"isPartOf\":{\"@id\":\"https:\/\/www.molinsfilmfestival.com\/#website\"},\"primaryImageOfPage\":{\"@id\":\"https:\/\/www.molinsfilmfestival.com\/2020\/10\/13\/capere-portabella-recollira-el-premi-honorific-del-terrormolins-2020espere-portabella-recogera-el-premio-honorifico-del-terrormolins-2020enpere-portabella-will-collect-the-honorific-prize-of\/#primaryimage\"},\"image\":{\"@id\":\"https:\/\/www.molinsfilmfestival.com\/2020\/10\/13\/capere-portabella-recollira-el-premi-honorific-del-terrormolins-2020espere-portabella-recogera-el-premio-honorifico-del-terrormolins-2020enpere-portabella-will-collect-the-honorific-prize-of\/#primaryimage\"},\"thumbnailUrl\":\"http:\/\/www.molinsfilmfestival.com\/wp-content\/uploads\/2020\/10\/zentauroepp50803931-icult-pere-portabella191108181736-1573233640738-1024x575.jpg\",\"datePublished\":\"2020-10-13T09:52:25+00:00\",\"breadcrumb\":{\"@id\":\"https:\/\/www.molinsfilmfestival.com\/2020\/10\/13\/capere-portabella-recollira-el-premi-honorific-del-terrormolins-2020espere-portabella-recogera-el-premio-honorifico-del-terrormolins-2020enpere-portabella-will-collect-the-honorific-prize-of\/#breadcrumb\"},\"inLanguage\":\"es\",\"potentialAction\":[{\"@type\":\"ReadAction\",\"target\":[\"https:\/\/www.molinsfilmfestival.com\/2020\/10\/13\/capere-portabella-recollira-el-premi-honorific-del-terrormolins-2020espere-portabella-recogera-el-premio-honorifico-del-terrormolins-2020enpere-portabella-will-collect-the-honorific-prize-of\/\"]}]},{\"@type\":\"ImageObject\",\"inLanguage\":\"es\",\"@id\":\"https:\/\/www.molinsfilmfestival.com\/2020\/10\/13\/capere-portabella-recollira-el-premi-honorific-del-terrormolins-2020espere-portabella-recogera-el-premio-honorifico-del-terrormolins-2020enpere-portabella-will-collect-the-honorific-prize-of\/#primaryimage\",\"url\":\"http:\/\/www.molinsfilmfestival.com\/wp-content\/uploads\/2020\/10\/zentauroepp50803931-icult-pere-portabella191108181736-1573233640738-1024x575.jpg\",\"contentUrl\":\"http:\/\/www.molinsfilmfestival.com\/wp-content\/uploads\/2020\/10\/zentauroepp50803931-icult-pere-portabella191108181736-1573233640738-1024x575.jpg\"},{\"@type\":\"BreadcrumbList\",\"@id\":\"https:\/\/www.molinsfilmfestival.com\/2020\/10\/13\/capere-portabella-recollira-el-premi-honorific-del-terrormolins-2020espere-portabella-recogera-el-premio-honorifico-del-terrormolins-2020enpere-portabella-will-collect-the-honorific-prize-of\/#breadcrumb\",\"itemListElement\":[{\"@type\":\"ListItem\",\"position\":1,\"name\":\"Inici\",\"item\":\"https:\/\/www.molinsfilmfestival.com\/\"},{\"@type\":\"ListItem\",\"position\":2,\"name\":\"[:ca]Pere Portabella recollir\u00e0 el Premi Honor\u00edfic del terrorMolins 2020[:es]Pere Portabella recoger\u00e1 el premio honor\u00edfico del terrorMolins 2020[:en]Pere Portabella will collect the Honorific prize of the terrorMolins 2020[:]\"}]},{\"@type\":\"WebSite\",\"@id\":\"https:\/\/www.molinsfilmfestival.com\/#website\",\"url\":\"https:\/\/www.molinsfilmfestival.com\/\",\"name\":\"Molins Horror Film Festival\",\"description\":\"Festival de Cine de Terror de Molins de Rei\",\"publisher\":{\"@id\":\"https:\/\/www.molinsfilmfestival.com\/#organization\"},\"potentialAction\":[{\"@type\":\"SearchAction\",\"target\":{\"@type\":\"EntryPoint\",\"urlTemplate\":\"https:\/\/www.molinsfilmfestival.com\/?s={search_term_string}\"},\"query-input\":{\"@type\":\"PropertyValueSpecification\",\"valueRequired\":true,\"valueName\":\"search_term_string\"}}],\"inLanguage\":\"es\"},{\"@type\":\"Organization\",\"@id\":\"https:\/\/www.molinsfilmfestival.com\/#organization\",\"name\":\"Molins Horror Film Festival\",\"url\":\"https:\/\/www.molinsfilmfestival.com\/\",\"logo\":{\"@type\":\"ImageObject\",\"inLanguage\":\"es\",\"@id\":\"https:\/\/www.molinsfilmfestival.com\/#\/schema\/logo\/image\/\",\"url\":\"https:\/\/www.molinsfilmfestival.com\/wp-content\/uploads\/2025\/05\/terrormolins_logo.svg\",\"contentUrl\":\"https:\/\/www.molinsfilmfestival.com\/wp-content\/uploads\/2025\/05\/terrormolins_logo.svg\",\"caption\":\"Molins Horror Film Festival\"},\"image\":{\"@id\":\"https:\/\/www.molinsfilmfestival.com\/#\/schema\/logo\/image\/\"}},{\"@type\":\"Person\",\"@id\":\"https:\/\/www.molinsfilmfestival.com\/#\/schema\/person\/9d664b50116f871b0cb00fa43b2527dd\",\"name\":\"terrormolins\",\"image\":{\"@type\":\"ImageObject\",\"inLanguage\":\"es\",\"@id\":\"https:\/\/www.molinsfilmfestival.com\/#\/schema\/person\/image\/\",\"url\":\"https:\/\/secure.gravatar.com\/avatar\/591ccac8e3772fe3891dbd3892fd2232dbe1beb33ebbae4b228747f35168dcc6?s=96&d=mm&r=g\",\"contentUrl\":\"https:\/\/secure.gravatar.com\/avatar\/591ccac8e3772fe3891dbd3892fd2232dbe1beb33ebbae4b228747f35168dcc6?s=96&d=mm&r=g\",\"caption\":\"terrormolins\"},\"sameAs\":[\"https:\/\/temporal.molinsfilmfestival.com\"],\"url\":\"https:\/\/www.molinsfilmfestival.com\/esp\/author\/terrormolins\/\"}]}<\/script>\n<!-- \/ Yoast SEO plugin. -->","yoast_head_json":{"title":"[:ca]Pere Portabella recollir\u00e0 el Premi Honor\u00edfic del terrorMolins 2020[:es]Pere Portabella recoger\u00e1 el premio honor\u00edfico del terrorMolins 2020[:en]Pere Portabella will collect the Honorific prize of the terrorMolins 2020[:] | Molins Horror Film Festival","robots":{"index":"index","follow":"follow","max-snippet":"max-snippet:-1","max-image-preview":"max-image-preview:large","max-video-preview":"max-video-preview:-1"},"canonical":"https:\/\/www.molinsfilmfestival.com\/esp\/2020\/10\/13\/capere-portabella-recollira-el-premi-honorific-del-terrormolins-2020espere-portabella-recogera-el-premio-honorifico-del-terrormolins-2020enpere-portabella-will-collect-the-honorific-prize-of\/","og_locale":"es_ES","og_type":"article","og_title":"[:ca]Pere Portabella recollir\u00e0 el Premi Honor\u00edfic del terrorMolins 2020[:es]Pere Portabella recoger\u00e1 el premio honor\u00edfico del terrorMolins 2020[:en]Pere Portabella will collect the Honorific prize of the terrorMolins 2020[:] | Molins Horror Film Festival","og_description":"[:ca] Pere Portabella recollir\u00e0 el Premi Honor\u00edfic del terrorMolins 2020 En la present edici\u00f3 del Festival de Cine de Terror de Molins de Rei, que es celebrar\u00e0 del 6 al 15 de novembre, tindrem l&#8217;honor de retre homenatge a Pere Portabella (Figueres, 1929), figura clau dintre de la filmografia del pa\u00eds. Autor d&#8217;obres imprescindibles com [&hellip;]","og_url":"https:\/\/www.molinsfilmfestival.com\/esp\/2020\/10\/13\/capere-portabella-recollira-el-premi-honorific-del-terrormolins-2020espere-portabella-recogera-el-premio-honorifico-del-terrormolins-2020enpere-portabella-will-collect-the-honorific-prize-of\/","og_site_name":"Molins Horror Film Festival","article_published_time":"2020-10-13T09:52:25+00:00","og_image":[{"url":"http:\/\/www.molinsfilmfestival.com\/wp-content\/uploads\/2020\/10\/zentauroepp50803931-icult-pere-portabella191108181736-1573233640738-1024x575.jpg","type":"","width":"","height":""}],"author":"terrormolins","twitter_card":"summary_large_image","twitter_misc":{"Escrito por":"terrormolins","Tiempo de lectura":"8 minutos"},"schema":{"@context":"https:\/\/schema.org","@graph":[{"@type":"Article","@id":"https:\/\/www.molinsfilmfestival.com\/2020\/10\/13\/capere-portabella-recollira-el-premi-honorific-del-terrormolins-2020espere-portabella-recogera-el-premio-honorifico-del-terrormolins-2020enpere-portabella-will-collect-the-honorific-prize-of\/#article","isPartOf":{"@id":"https:\/\/www.molinsfilmfestival.com\/2020\/10\/13\/capere-portabella-recollira-el-premi-honorific-del-terrormolins-2020espere-portabella-recogera-el-premio-honorifico-del-terrormolins-2020enpere-portabella-will-collect-the-honorific-prize-of\/"},"author":{"name":"terrormolins","@id":"https:\/\/www.molinsfilmfestival.com\/#\/schema\/person\/9d664b50116f871b0cb00fa43b2527dd"},"headline":"[:ca]Pere Portabella recollir\u00e0 el Premi Honor\u00edfic del terrorMolins 2020[:es]Pere Portabella recoger\u00e1 el premio honor\u00edfico del terrorMolins 2020[:en]Pere Portabella will collect the Honorific prize of the terrorMolins 2020[:]","datePublished":"2020-10-13T09:52:25+00:00","mainEntityOfPage":{"@id":"https:\/\/www.molinsfilmfestival.com\/2020\/10\/13\/capere-portabella-recollira-el-premi-honorific-del-terrormolins-2020espere-portabella-recogera-el-premio-honorifico-del-terrormolins-2020enpere-portabella-will-collect-the-honorific-prize-of\/"},"wordCount":1627,"commentCount":0,"publisher":{"@id":"https:\/\/www.molinsfilmfestival.com\/#organization"},"image":{"@id":"https:\/\/www.molinsfilmfestival.com\/2020\/10\/13\/capere-portabella-recollira-el-premi-honorific-del-terrormolins-2020espere-portabella-recogera-el-premio-honorifico-del-terrormolins-2020enpere-portabella-will-collect-the-honorific-prize-of\/#primaryimage"},"thumbnailUrl":"http:\/\/www.molinsfilmfestival.com\/wp-content\/uploads\/2020\/10\/zentauroepp50803931-icult-pere-portabella191108181736-1573233640738-1024x575.jpg","inLanguage":"es"},{"@type":"WebPage","@id":"https:\/\/www.molinsfilmfestival.com\/2020\/10\/13\/capere-portabella-recollira-el-premi-honorific-del-terrormolins-2020espere-portabella-recogera-el-premio-honorifico-del-terrormolins-2020enpere-portabella-will-collect-the-honorific-prize-of\/","url":"https:\/\/www.molinsfilmfestival.com\/2020\/10\/13\/capere-portabella-recollira-el-premi-honorific-del-terrormolins-2020espere-portabella-recogera-el-premio-honorifico-del-terrormolins-2020enpere-portabella-will-collect-the-honorific-prize-of\/","name":"[:ca]Pere Portabella recollir\u00e0 el Premi Honor\u00edfic del terrorMolins 2020[:es]Pere Portabella recoger\u00e1 el premio honor\u00edfico del terrorMolins 2020[:en]Pere Portabella will collect the Honorific prize of the terrorMolins 2020[:] | Molins Horror Film Festival","isPartOf":{"@id":"https:\/\/www.molinsfilmfestival.com\/#website"},"primaryImageOfPage":{"@id":"https:\/\/www.molinsfilmfestival.com\/2020\/10\/13\/capere-portabella-recollira-el-premi-honorific-del-terrormolins-2020espere-portabella-recogera-el-premio-honorifico-del-terrormolins-2020enpere-portabella-will-collect-the-honorific-prize-of\/#primaryimage"},"image":{"@id":"https:\/\/www.molinsfilmfestival.com\/2020\/10\/13\/capere-portabella-recollira-el-premi-honorific-del-terrormolins-2020espere-portabella-recogera-el-premio-honorifico-del-terrormolins-2020enpere-portabella-will-collect-the-honorific-prize-of\/#primaryimage"},"thumbnailUrl":"http:\/\/www.molinsfilmfestival.com\/wp-content\/uploads\/2020\/10\/zentauroepp50803931-icult-pere-portabella191108181736-1573233640738-1024x575.jpg","datePublished":"2020-10-13T09:52:25+00:00","breadcrumb":{"@id":"https:\/\/www.molinsfilmfestival.com\/2020\/10\/13\/capere-portabella-recollira-el-premi-honorific-del-terrormolins-2020espere-portabella-recogera-el-premio-honorifico-del-terrormolins-2020enpere-portabella-will-collect-the-honorific-prize-of\/#breadcrumb"},"inLanguage":"es","potentialAction":[{"@type":"ReadAction","target":["https:\/\/www.molinsfilmfestival.com\/2020\/10\/13\/capere-portabella-recollira-el-premi-honorific-del-terrormolins-2020espere-portabella-recogera-el-premio-honorifico-del-terrormolins-2020enpere-portabella-will-collect-the-honorific-prize-of\/"]}]},{"@type":"ImageObject","inLanguage":"es","@id":"https:\/\/www.molinsfilmfestival.com\/2020\/10\/13\/capere-portabella-recollira-el-premi-honorific-del-terrormolins-2020espere-portabella-recogera-el-premio-honorifico-del-terrormolins-2020enpere-portabella-will-collect-the-honorific-prize-of\/#primaryimage","url":"http:\/\/www.molinsfilmfestival.com\/wp-content\/uploads\/2020\/10\/zentauroepp50803931-icult-pere-portabella191108181736-1573233640738-1024x575.jpg","contentUrl":"http:\/\/www.molinsfilmfestival.com\/wp-content\/uploads\/2020\/10\/zentauroepp50803931-icult-pere-portabella191108181736-1573233640738-1024x575.jpg"},{"@type":"BreadcrumbList","@id":"https:\/\/www.molinsfilmfestival.com\/2020\/10\/13\/capere-portabella-recollira-el-premi-honorific-del-terrormolins-2020espere-portabella-recogera-el-premio-honorifico-del-terrormolins-2020enpere-portabella-will-collect-the-honorific-prize-of\/#breadcrumb","itemListElement":[{"@type":"ListItem","position":1,"name":"Inici","item":"https:\/\/www.molinsfilmfestival.com\/"},{"@type":"ListItem","position":2,"name":"[:ca]Pere Portabella recollir\u00e0 el Premi Honor\u00edfic del terrorMolins 2020[:es]Pere Portabella recoger\u00e1 el premio honor\u00edfico del terrorMolins 2020[:en]Pere Portabella will collect the Honorific prize of the terrorMolins 2020[:]"}]},{"@type":"WebSite","@id":"https:\/\/www.molinsfilmfestival.com\/#website","url":"https:\/\/www.molinsfilmfestival.com\/","name":"Molinos Horror Film Festival","description":"Festival de Cine de Terror de Molinos de Rey","publisher":{"@id":"https:\/\/www.molinsfilmfestival.com\/#organization"},"potentialAction":[{"@type":"SearchAction","target":{"@type":"EntryPoint","urlTemplate":"https:\/\/www.molinsfilmfestival.com\/?s={search_term_string}"},"query-input":{"@type":"PropertyValueSpecification","valueRequired":true,"valueName":"search_term_string"}}],"inLanguage":"es"},{"@type":"Organization","@id":"https:\/\/www.molinsfilmfestival.com\/#organization","name":"Molinos Horror Film Festival","url":"https:\/\/www.molinsfilmfestival.com\/","logo":{"@type":"ImageObject","inLanguage":"es","@id":"https:\/\/www.molinsfilmfestival.com\/#\/schema\/logo\/image\/","url":"https:\/\/www.molinsfilmfestival.com\/wp-content\/uploads\/2025\/05\/terrormolins_logo.svg","contentUrl":"https:\/\/www.molinsfilmfestival.com\/wp-content\/uploads\/2025\/05\/terrormolins_logo.svg","caption":"Molins Horror Film Festival"},"image":{"@id":"https:\/\/www.molinsfilmfestival.com\/#\/schema\/logo\/image\/"}},{"@type":"Person","@id":"https:\/\/www.molinsfilmfestival.com\/#\/schema\/person\/9d664b50116f871b0cb00fa43b2527dd","name":"terrormolinos","image":{"@type":"ImageObject","inLanguage":"es","@id":"https:\/\/www.molinsfilmfestival.com\/#\/schema\/person\/image\/","url":"https:\/\/secure.gravatar.com\/avatar\/591ccac8e3772fe3891dbd3892fd2232dbe1beb33ebbae4b228747f35168dcc6?s=96&d=mm&r=g","contentUrl":"https:\/\/secure.gravatar.com\/avatar\/591ccac8e3772fe3891dbd3892fd2232dbe1beb33ebbae4b228747f35168dcc6?s=96&d=mm&r=g","caption":"terrormolins"},"sameAs":["https:\/\/temporal.molinsfilmfestival.com"],"url":"https:\/\/www.molinsfilmfestival.com\/esp\/author\/terrormolins\/"}]}},"_links":{"self":[{"href":"https:\/\/www.molinsfilmfestival.com\/esp\/wp-json\/wp\/v2\/posts\/13706","targetHints":{"allow":["GET"]}}],"collection":[{"href":"https:\/\/www.molinsfilmfestival.com\/esp\/wp-json\/wp\/v2\/posts"}],"about":[{"href":"https:\/\/www.molinsfilmfestival.com\/esp\/wp-json\/wp\/v2\/types\/post"}],"author":[{"embeddable":true,"href":"https:\/\/www.molinsfilmfestival.com\/esp\/wp-json\/wp\/v2\/users\/1"}],"replies":[{"embeddable":true,"href":"https:\/\/www.molinsfilmfestival.com\/esp\/wp-json\/wp\/v2\/comments?post=13706"}],"version-history":[{"count":0,"href":"https:\/\/www.molinsfilmfestival.com\/esp\/wp-json\/wp\/v2\/posts\/13706\/revisions"}],"wp:attachment":[{"href":"https:\/\/www.molinsfilmfestival.com\/esp\/wp-json\/wp\/v2\/media?parent=13706"}],"wp:term":[{"taxonomy":"category","embeddable":true,"href":"https:\/\/www.molinsfilmfestival.com\/esp\/wp-json\/wp\/v2\/categories?post=13706"},{"taxonomy":"post_tag","embeddable":true,"href":"https:\/\/www.molinsfilmfestival.com\/esp\/wp-json\/wp\/v2\/tags?post=13706"}],"curies":[{"name":"wp","href":"https:\/\/api.w.org\/{rel}","templated":true}]}}