{"id":13969,"date":"2020-10-25T23:26:02","date_gmt":"2020-10-25T22:26:02","guid":{"rendered":"https:\/\/temporal.molinsfilmfestival.com\/2020\/10\/25\/caspot-terrormolins-2020-dirigit-per-marc-carreteesspot-terrormolins-2020-dirigido-por-marc-carreteenterrormolins-2020-spot-by-marc-carrete-6\/"},"modified":"2020-10-25T23:26:02","modified_gmt":"2020-10-25T22:26:02","slug":"caspot-terrormolins-2020-dirigit-per-marc-carreteesspot-terrormolins-2020-dirigido-por-marc-carreteenterrormolins-2020-spot-by-marc-carrete-6","status":"publish","type":"post","link":"https:\/\/www.molinsfilmfestival.com\/esp\/2020\/10\/25\/caspot-terrormolins-2020-dirigit-per-marc-carreteesspot-terrormolins-2020-dirigido-por-marc-carreteenterrormolins-2020-spot-by-marc-carrete-6\/","title":{"rendered":"[:es]Spot terrorMolins 2020 dirigido por Marc Carret\u00e9[:es]Spot terrorMolins 2020 dirigido por Marc Carret\u00e9[:en]terrorMolins 2020 spot by Marc Carret\u00e9[:]"},"content":{"rendered":"<p>[:es]<\/p>\n<h2>Es un placer para nosotros presentaros el\u2019<strong>spot oficial del terrorMolins 2020<\/strong> dirigido por Marc Carret\u00e9. Un spot que transmite sin duda la pasi\u00f3n y dominio que el realizador tiene por el cine de g\u00e9nero y la esencia del leitmotive de este a\u00f1o, Nature Revenge: Human Extinction.<\/h2>\n<p>&nbsp;<\/p>\n<p><strong><a href=\"http:\/\/www.molinsfilmfestival.com\/wp-content\/uploads\/2020\/10\/marc-carrete-terrorweekend.jpg\"><img loading=\"lazy\" decoding=\"async\" class=\"alignleft size-medium wp-image-18411\" src=\"http:\/\/www.molinsfilmfestival.com\/wp-content\/uploads\/2020\/10\/marc-carrete-terrorweekend-300x179.jpg\" alt=\"marc-carrete-terrorweekend\" width=\"300\" height=\"179\" \/><\/a><\/strong><strong>Marc Carret\u00e9:<\/strong> Barcelona, 1970. Productor, guionista y director de cine independiente, especializado en g\u00e9nero de terror. Autor de los cortometrajes <em>Mal Cuerpo<\/em> i <em>Castidermia<\/em>. Debut\u00f3 en el largo en 2104 con <em>Asmodexia<\/em>. En 2015 fund\u00f3 el sello <a href=\"https:\/\/www.creaturesofthedark.com\/\">Creaturas of the Dark<\/a>, bajo el que se han producido <em><a href=\"http:\/\/www.molinsfilmfestival.com\/esp\/2017\/09\/15\/framed-premier-mundial-inauguracion-del-terrormolins\/\" rel=\"noopener noreferrer\" target=\"_blank\">Framed<\/a><\/em> (Premiere mundial al terrorMolins 2017)) y <em><a href=\"http:\/\/www.molinsfilmfestival.com\/esp\/2018\/08\/30\/after-the-lethargy\/\" rel=\"noopener noreferrer\" target=\"_blank\">After the lethargy<\/a><\/em> (2018). Actualmente trabaja en el desarrollo de varios proyectos de largometraje, entre ellos <em>El Espiristista<\/em>, teaser del que pudimos disfrutar el a\u00f1o pasado en el terror Molins.<br \/>\nSin duda se trata de uno de los directores m\u00e1s destacados del panorama indie nacional cuyos trabajos han sido reconocidos en festivales en todo el mundo. Por eso es un honor para nosotros haber contado con un director de la talla de Marc Carret\u00e9 para la realizaci\u00f3n de nuestro spot de esta edici\u00f3n.<br \/>\n&nbsp;<br \/>\n&nbsp;<\/p>\n<blockquote><p>&#8220;<em>Los dos grandes objetivos han sido por un lado ser lo m\u00e1s fiel posible al leitmotiv de la edici\u00f3n de este a\u00f1o, y por otro, y sobre todo, emocionar. Y pens\u00e9 que no habr\u00eda mejor manera de hacerlo que tratando de reproducir la emoci\u00f3n que tenemos muchos de nosotros cada vez que llegamos a Molins de Rei y nos disponemos a entrar en este tipo de templo del cine de terror en el que se ha convertido La Peni, en manos del terror Molins, sin duda una de sus festivaleras con m\u00e1s car\u00e1cter y solera que he conocido nunca.<\/em>&#8221;<\/p>\n<p>Marc Carret\u00e9<\/p><\/blockquote>\n<p>&nbsp;<\/p>\n<h3><a href=\"https:\/\/youtu.be\/1EolAMXkbJY\">Puede disfrutar del spot en este enlace<\/a><\/h3>\n<p>[:es]<\/p>\n<h2>Es un placer para nosotros presentaros el <strong>spot oficial del terrorMolins 2020<\/strong> dirigido por Marc Carret\u00e9. Un spot que transmite sin duda la pasi\u00f3n y dominio que el realizador tiene por el cine de g\u00e9nero y la esencia del leitmotive de esta edici\u00f3n, Nature Revenge: Human Extinction.<\/h2>\n<p>&nbsp;<\/p>\n<p><a href=\"http:\/\/www.molinsfilmfestival.com\/wp-content\/uploads\/2020\/10\/marc-carrete-terrorweekend.jpg\"><img loading=\"lazy\" decoding=\"async\" class=\"alignleft wp-image-18411 size-medium\" src=\"http:\/\/www.molinsfilmfestival.com\/wp-content\/uploads\/2020\/10\/marc-carrete-terrorweekend-300x179.jpg\" alt=\"marc-carrete-terrorweekend\" width=\"300\" height=\"179\" \/><\/a><strong>Marc Carret\u00e9<\/strong>; Barcelona, 1970. Productor, guionista y director de cine independiente especializado en g\u00e9nero de terror. Autor de los cortometrajes <em>Mal Cuerpo<\/em> y <em>Castidermia<\/em>. Debut\u00f3 en el largo en 2104 cono <em>Asmodexia<\/em>. En 2015 fund\u00f3 el sello <a href=\"https:\/\/www.creaturesofthedark.com\/\">Creaturas of the Dark<\/a>, bajo el cual se han producido <em><a href=\"http:\/\/www.molinsfilmfestival.com\/esp\/2017\/09\/15\/framed-premier-mundial-inauguracion-del-terrormolins\/\" rel=\"noopener noreferrer\" target=\"_blank\">Framed<\/a><\/em> (Premiere mundial en el terrorMolins 2017) y <em><a href=\"http:\/\/www.molinsfilmfestival.com\/esp\/2018\/08\/30\/after-the-lethargy\/\" rel=\"noopener noreferrer\" target=\"_blank\">After the lethargy<\/a><\/em> (2018). Actualmente trabaja en el desarrollo de varios proyectos de largometraje, entre ellos El <em>Espiristista<\/em>, cuyo teaser pudimos disfrutar el a\u00f1o pasado en terrorMolins.<br \/>\nSin duda se trata de uno de los directores m\u00e1s destacados del panorama indie nacional cuyos trabajos han sido reconocidos en festivales en todo el mundo. Es por ello un honor para nosotros haber contado con un director de la talla de Marc Carret\u00e9 para la realizaci\u00f3n de nuestro spot de esta edici\u00f3n.<br \/>\n&nbsp;<br \/>\n&nbsp;<\/p>\n<blockquote><p><span style=\"font-size: 1rem;\">&#8220;<em>Los dos grandes objetivos han sido por un lado ser lo m\u00e1s fiel posible al leitmotiv de la edici\u00f3n de este a\u00f1o, y de la otra, y sobre todo, emocionar. Y pens\u00e9 que no habr\u00eda mejor manera de hacerlo que tratando de reproducir la emoci\u00f3n que tenemos muchos de nosotros cada vez que legamos a Molins de Rei y nos disponemos a entrar en este tipo de templo del cine de terror en que se ha convertido La Peni, en manos del terror Molins, sin duda una de las sedas festivaleras con m\u00e1s car\u00e1cter y solera que he conocido nunca.<\/em>&#8220;<\/span><\/p>\n<p>Marc Carret\u00e9<\/p><\/blockquote>\n<p>&nbsp;<\/p>\n<h3><a href=\"https:\/\/youtu.be\/1EolAMXkbJY\">Pod\u00e9is disfrutar del spot en este enlace<\/a><\/h3>\n<p>[:en]<\/p>\n<h2>It is a pleasure for us to presente the <strong>official spot of terrorMolins 2020<\/strong> directed by Marc Carret\u00e9. En el spot que un indudablemente transmite la pasi\u00f3n y la masteridad de que el director tiene para un cine y la esencia de leitmotive de esta edici\u00f3n, Naturaleza Revenge: Human Extinction.<\/h2>\n<p>&nbsp;<\/p>\n<p><a href=\"http:\/\/www.molinsfilmfestival.com\/wp-content\/uploads\/2020\/10\/marc-carrete-terrorweekend.jpg\"><img loading=\"lazy\" decoding=\"async\" class=\"alignleft size-medium wp-image-18411\" src=\"http:\/\/www.molinsfilmfestival.com\/wp-content\/uploads\/2020\/10\/marc-carrete-terrorweekend-300x179.jpg\" alt=\"marc-carrete-terrorweekend\" width=\"300\" height=\"179\" \/><\/a><strong>Marc Carret\u00e9<\/strong>; Barcelona, \u200b\u200b1970. Producer, screenwriter e independiente film director, specialized in horror genre. Author of the short films <em>Mal cuerpo<\/em> y <em>Castidermia<\/em>. He made his feature debut en 2104 with Asmodexia. En 2015 he founded the label <a href=\"https:\/\/www.creaturesofthedark.com\/\">Creaturas of the Dark<\/a>, under which <a href=\"http:\/\/www.molinsfilmfestival.com\/esp\/2017\/09\/15\/framed-premier-mundial-inauguracion-del-terrormolins\/\">Framed<\/a> (World Premiere at terrorMolins 2017) and <a href=\"http:\/\/www.molinsfilmfestival.com\/esp\/2018\/08\/30\/after-the-lethargy\/\" rel=\"noopener noreferrer\" target=\"_blank\"><em>After the lethargy<\/em><\/a> (2018) have been produced. He currently working on the development of various feature film projects, including <em>El Espiristista<\/em>, whose teaser we were able to joy last year on terrorMolins.<br \/>\nHe ido un poco de un mosto prominente directores en la national indie scene whose work has sido reconocidas en festivales en el mundo. Se encuentra en honor para usted ha sido director de la imagen de Marc Carret\u00e9 para realizar el spot para esta edici\u00f3n.<br \/>\n&nbsp;<br \/>\n&nbsp;<\/p>\n<blockquote><p>&#8220;<em>Las dos principales objetivas han sido, en una hand, en lo posible a lo posible en el leitmotif de este a\u00f1o, y en los otros, y aboba all\u00ed, en excito. And I thought to que there no better way to do it that by viewing to reproduce the emotion that many of us have time we arrive in Molins de Rei and we at at the type of the temple of horror cinema that duda en un festival venues con el mosto car\u00e1cter y tradici\u00f3n.<\/em>&#8221;<\/p>\n<p>Marc Carret\u00e9<\/p><\/blockquote>\n<p>&nbsp;<\/p>\n<h3><a href=\"https:\/\/youtu.be\/1EolAMXkbJY\">You can watch the spot in this link<\/a><\/h3>\n<p>[:]<\/p>","protected":false},"excerpt":{"rendered":"<p>[:es] Es un placer para nosotros presentaros el spot oficial del terror Molins 2020 dirigido por Marc Carret\u00e9. Un spot que transmite sin duda la pasi\u00f3n y dominio que el realizador tiene por el cine de g\u00e9nero y la esencia del leitmotive de este a\u00f1o, Nature Revenge: Human Extinction.  Marc Carret\u00e9: Barcelona, 1970. Productor, guionista y director de [\u2026]<\/p>","protected":false},"author":1,"featured_media":0,"comment_status":"open","ping_status":"open","sticky":false,"template":"","format":"standard","meta":{"_acf_changed":false,"footnotes":""},"categories":[],"tags":[],"class_list":["post-13969","post","type-post","status-publish","format-standard","hentry"],"acf":[],"yoast_head":"<!-- This site is optimized with the Yoast SEO plugin v26.4 - https:\/\/yoast.com\/wordpress\/plugins\/seo\/ -->\n<title>[:ca]Spot terrorMolins 2020 dirigit per Marc Carret\u00e9[:es]Spot terrorMolins 2020 dirigido por Marc Carret\u00e9[:en]terrorMolins 2020 spot by Marc Carret\u00e9[:] | Molins Horror Film Festival<\/title>\n<meta name=\"robots\" content=\"index, follow, max-snippet:-1, max-image-preview:large, max-video-preview:-1\" \/>\n<link rel=\"canonical\" href=\"https:\/\/www.molinsfilmfestival.com\/esp\/2020\/10\/25\/caspot-terrormolins-2020-dirigit-per-marc-carreteesspot-terrormolins-2020-dirigido-por-marc-carreteenterrormolins-2020-spot-by-marc-carrete-6\/\" \/>\n<meta property=\"og:locale\" content=\"es_ES\" \/>\n<meta property=\"og:type\" content=\"article\" \/>\n<meta property=\"og:title\" content=\"[:ca]Spot terrorMolins 2020 dirigit per Marc Carret\u00e9[:es]Spot terrorMolins 2020 dirigido por Marc Carret\u00e9[:en]terrorMolins 2020 spot by Marc Carret\u00e9[:] | Molins Horror Film Festival\" \/>\n<meta property=\"og:description\" content=\"[:ca] \u00c9s un plaer per a nosaltres presentar-vos l&#8217;espot oficial del terrorMolins 2020 dirigit per Marc Carret\u00e9. Un espot que transmet sens dubte la passi\u00f3 i el domini que el realitzador t\u00e9 pel cinema de g\u00e8nere i l\u00b4essencia del leitmotive d\u00b4enguany, Nature Revenge: Human Extinction. &nbsp; Marc Carret\u00e9: Barcelona, 1970. Productor, guionista i director de [&hellip;]\" \/>\n<meta property=\"og:url\" content=\"https:\/\/www.molinsfilmfestival.com\/esp\/2020\/10\/25\/caspot-terrormolins-2020-dirigit-per-marc-carreteesspot-terrormolins-2020-dirigido-por-marc-carreteenterrormolins-2020-spot-by-marc-carrete-6\/\" \/>\n<meta property=\"og:site_name\" content=\"Molins Horror Film Festival\" \/>\n<meta property=\"article:published_time\" content=\"2020-10-25T22:26:02+00:00\" \/>\n<meta property=\"og:image\" content=\"http:\/\/www.molinsfilmfestival.com\/wp-content\/uploads\/2020\/10\/marc-carrete-terrorweekend-300x179.jpg\" \/>\n<meta name=\"author\" content=\"terrormolins\" \/>\n<meta name=\"twitter:card\" content=\"summary_large_image\" \/>\n<meta name=\"twitter:label1\" content=\"Escrito por\" \/>\n\t<meta name=\"twitter:data1\" content=\"terrormolins\" \/>\n\t<meta name=\"twitter:label2\" content=\"Tiempo de lectura\" \/>\n\t<meta name=\"twitter:data2\" content=\"4 minutos\" \/>\n<script type=\"application\/ld+json\" class=\"yoast-schema-graph\">{\"@context\":\"https:\/\/schema.org\",\"@graph\":[{\"@type\":\"Article\",\"@id\":\"https:\/\/www.molinsfilmfestival.com\/2020\/10\/25\/caspot-terrormolins-2020-dirigit-per-marc-carreteesspot-terrormolins-2020-dirigido-por-marc-carreteenterrormolins-2020-spot-by-marc-carrete-6\/#article\",\"isPartOf\":{\"@id\":\"https:\/\/www.molinsfilmfestival.com\/2020\/10\/25\/caspot-terrormolins-2020-dirigit-per-marc-carreteesspot-terrormolins-2020-dirigido-por-marc-carreteenterrormolins-2020-spot-by-marc-carrete-6\/\"},\"author\":{\"name\":\"terrormolins\",\"@id\":\"https:\/\/www.molinsfilmfestival.com\/#\/schema\/person\/9d664b50116f871b0cb00fa43b2527dd\"},\"headline\":\"[:ca]Spot terrorMolins 2020 dirigit per Marc Carret\u00e9[:es]Spot terrorMolins 2020 dirigido por Marc Carret\u00e9[:en]terrorMolins 2020 spot by Marc Carret\u00e9[:]\",\"datePublished\":\"2020-10-25T22:26:02+00:00\",\"mainEntityOfPage\":{\"@id\":\"https:\/\/www.molinsfilmfestival.com\/2020\/10\/25\/caspot-terrormolins-2020-dirigit-per-marc-carreteesspot-terrormolins-2020-dirigido-por-marc-carreteenterrormolins-2020-spot-by-marc-carrete-6\/\"},\"wordCount\":926,\"commentCount\":0,\"publisher\":{\"@id\":\"https:\/\/www.molinsfilmfestival.com\/#organization\"},\"image\":{\"@id\":\"https:\/\/www.molinsfilmfestival.com\/2020\/10\/25\/caspot-terrormolins-2020-dirigit-per-marc-carreteesspot-terrormolins-2020-dirigido-por-marc-carreteenterrormolins-2020-spot-by-marc-carrete-6\/#primaryimage\"},\"thumbnailUrl\":\"http:\/\/www.molinsfilmfestival.com\/wp-content\/uploads\/2020\/10\/marc-carrete-terrorweekend-300x179.jpg\",\"inLanguage\":\"es\"},{\"@type\":\"WebPage\",\"@id\":\"https:\/\/www.molinsfilmfestival.com\/2020\/10\/25\/caspot-terrormolins-2020-dirigit-per-marc-carreteesspot-terrormolins-2020-dirigido-por-marc-carreteenterrormolins-2020-spot-by-marc-carrete-6\/\",\"url\":\"https:\/\/www.molinsfilmfestival.com\/2020\/10\/25\/caspot-terrormolins-2020-dirigit-per-marc-carreteesspot-terrormolins-2020-dirigido-por-marc-carreteenterrormolins-2020-spot-by-marc-carrete-6\/\",\"name\":\"[:ca]Spot terrorMolins 2020 dirigit per Marc Carret\u00e9[:es]Spot terrorMolins 2020 dirigido por Marc Carret\u00e9[:en]terrorMolins 2020 spot by Marc Carret\u00e9[:] | Molins Horror Film Festival\",\"isPartOf\":{\"@id\":\"https:\/\/www.molinsfilmfestival.com\/#website\"},\"primaryImageOfPage\":{\"@id\":\"https:\/\/www.molinsfilmfestival.com\/2020\/10\/25\/caspot-terrormolins-2020-dirigit-per-marc-carreteesspot-terrormolins-2020-dirigido-por-marc-carreteenterrormolins-2020-spot-by-marc-carrete-6\/#primaryimage\"},\"image\":{\"@id\":\"https:\/\/www.molinsfilmfestival.com\/2020\/10\/25\/caspot-terrormolins-2020-dirigit-per-marc-carreteesspot-terrormolins-2020-dirigido-por-marc-carreteenterrormolins-2020-spot-by-marc-carrete-6\/#primaryimage\"},\"thumbnailUrl\":\"http:\/\/www.molinsfilmfestival.com\/wp-content\/uploads\/2020\/10\/marc-carrete-terrorweekend-300x179.jpg\",\"datePublished\":\"2020-10-25T22:26:02+00:00\",\"breadcrumb\":{\"@id\":\"https:\/\/www.molinsfilmfestival.com\/2020\/10\/25\/caspot-terrormolins-2020-dirigit-per-marc-carreteesspot-terrormolins-2020-dirigido-por-marc-carreteenterrormolins-2020-spot-by-marc-carrete-6\/#breadcrumb\"},\"inLanguage\":\"es\",\"potentialAction\":[{\"@type\":\"ReadAction\",\"target\":[\"https:\/\/www.molinsfilmfestival.com\/2020\/10\/25\/caspot-terrormolins-2020-dirigit-per-marc-carreteesspot-terrormolins-2020-dirigido-por-marc-carreteenterrormolins-2020-spot-by-marc-carrete-6\/\"]}]},{\"@type\":\"ImageObject\",\"inLanguage\":\"es\",\"@id\":\"https:\/\/www.molinsfilmfestival.com\/2020\/10\/25\/caspot-terrormolins-2020-dirigit-per-marc-carreteesspot-terrormolins-2020-dirigido-por-marc-carreteenterrormolins-2020-spot-by-marc-carrete-6\/#primaryimage\",\"url\":\"http:\/\/www.molinsfilmfestival.com\/wp-content\/uploads\/2020\/10\/marc-carrete-terrorweekend-300x179.jpg\",\"contentUrl\":\"http:\/\/www.molinsfilmfestival.com\/wp-content\/uploads\/2020\/10\/marc-carrete-terrorweekend-300x179.jpg\"},{\"@type\":\"BreadcrumbList\",\"@id\":\"https:\/\/www.molinsfilmfestival.com\/2020\/10\/25\/caspot-terrormolins-2020-dirigit-per-marc-carreteesspot-terrormolins-2020-dirigido-por-marc-carreteenterrormolins-2020-spot-by-marc-carrete-6\/#breadcrumb\",\"itemListElement\":[{\"@type\":\"ListItem\",\"position\":1,\"name\":\"Inici\",\"item\":\"https:\/\/www.molinsfilmfestival.com\/\"},{\"@type\":\"ListItem\",\"position\":2,\"name\":\"[:ca]Spot terrorMolins 2020 dirigit per Marc Carret\u00e9[:es]Spot terrorMolins 2020 dirigido por Marc Carret\u00e9[:en]terrorMolins 2020 spot by Marc Carret\u00e9[:]\"}]},{\"@type\":\"WebSite\",\"@id\":\"https:\/\/www.molinsfilmfestival.com\/#website\",\"url\":\"https:\/\/www.molinsfilmfestival.com\/\",\"name\":\"Molins Horror Film Festival\",\"description\":\"Festival de Cine de Terror de Molins de Rei\",\"publisher\":{\"@id\":\"https:\/\/www.molinsfilmfestival.com\/#organization\"},\"potentialAction\":[{\"@type\":\"SearchAction\",\"target\":{\"@type\":\"EntryPoint\",\"urlTemplate\":\"https:\/\/www.molinsfilmfestival.com\/?s={search_term_string}\"},\"query-input\":{\"@type\":\"PropertyValueSpecification\",\"valueRequired\":true,\"valueName\":\"search_term_string\"}}],\"inLanguage\":\"es\"},{\"@type\":\"Organization\",\"@id\":\"https:\/\/www.molinsfilmfestival.com\/#organization\",\"name\":\"Molins Horror Film Festival\",\"url\":\"https:\/\/www.molinsfilmfestival.com\/\",\"logo\":{\"@type\":\"ImageObject\",\"inLanguage\":\"es\",\"@id\":\"https:\/\/www.molinsfilmfestival.com\/#\/schema\/logo\/image\/\",\"url\":\"https:\/\/www.molinsfilmfestival.com\/wp-content\/uploads\/2025\/05\/terrormolins_logo.svg\",\"contentUrl\":\"https:\/\/www.molinsfilmfestival.com\/wp-content\/uploads\/2025\/05\/terrormolins_logo.svg\",\"caption\":\"Molins Horror Film Festival\"},\"image\":{\"@id\":\"https:\/\/www.molinsfilmfestival.com\/#\/schema\/logo\/image\/\"}},{\"@type\":\"Person\",\"@id\":\"https:\/\/www.molinsfilmfestival.com\/#\/schema\/person\/9d664b50116f871b0cb00fa43b2527dd\",\"name\":\"terrormolins\",\"image\":{\"@type\":\"ImageObject\",\"inLanguage\":\"es\",\"@id\":\"https:\/\/www.molinsfilmfestival.com\/#\/schema\/person\/image\/\",\"url\":\"https:\/\/secure.gravatar.com\/avatar\/591ccac8e3772fe3891dbd3892fd2232dbe1beb33ebbae4b228747f35168dcc6?s=96&d=mm&r=g\",\"contentUrl\":\"https:\/\/secure.gravatar.com\/avatar\/591ccac8e3772fe3891dbd3892fd2232dbe1beb33ebbae4b228747f35168dcc6?s=96&d=mm&r=g\",\"caption\":\"terrormolins\"},\"sameAs\":[\"https:\/\/temporal.molinsfilmfestival.com\"],\"url\":\"https:\/\/www.molinsfilmfestival.com\/esp\/author\/terrormolins\/\"}]}<\/script>\n<!-- \/ Yoast SEO plugin. -->","yoast_head_json":{"title":"[:es]Spot terrorMolins 2020 dirigido por Marc Carret\u00e9[:es]Spot terrorMolins 2020 dirigido por Marc Carret\u00e9[:en]terrorMolins 2020 spot by Marc Carret\u00e9[:] | Molinos Horror Film Festival","robots":{"index":"index","follow":"follow","max-snippet":"max-snippet:-1","max-image-preview":"max-image-preview:large","max-video-preview":"max-video-preview:-1"},"canonical":"https:\/\/www.molinsfilmfestival.com\/esp\/2020\/10\/25\/caspot-terrormolins-2020-dirigit-per-marc-carreteesspot-terrormolins-2020-dirigido-por-marc-carreteenterrormolins-2020-spot-by-marc-carrete-6\/","og_locale":"es_ES","og_type":"article","og_title":"[:ca]Spot terrorMolins 2020 dirigit per Marc Carret\u00e9[:es]Spot terrorMolins 2020 dirigido por Marc Carret\u00e9[:en]terrorMolins 2020 spot by Marc Carret\u00e9[:] | Molins Horror Film Festival","og_description":"[:ca] \u00c9s un plaer per a nosaltres presentar-vos l&#8217;espot oficial del terrorMolins 2020 dirigit per Marc Carret\u00e9. Un espot que transmet sens dubte la passi\u00f3 i el domini que el realitzador t\u00e9 pel cinema de g\u00e8nere i l\u00b4essencia del leitmotive d\u00b4enguany, Nature Revenge: Human Extinction. &nbsp; Marc Carret\u00e9: Barcelona, 1970. Productor, guionista i director de [&hellip;]","og_url":"https:\/\/www.molinsfilmfestival.com\/esp\/2020\/10\/25\/caspot-terrormolins-2020-dirigit-per-marc-carreteesspot-terrormolins-2020-dirigido-por-marc-carreteenterrormolins-2020-spot-by-marc-carrete-6\/","og_site_name":"Molins Horror Film Festival","article_published_time":"2020-10-25T22:26:02+00:00","og_image":[{"url":"http:\/\/www.molinsfilmfestival.com\/wp-content\/uploads\/2020\/10\/marc-carrete-terrorweekend-300x179.jpg","type":"","width":"","height":""}],"author":"terrormolins","twitter_card":"summary_large_image","twitter_misc":{"Escrito por":"terrormolins","Tiempo de lectura":"4 minutos"},"schema":{"@context":"https:\/\/schema.org","@graph":[{"@type":"Article","@id":"https:\/\/www.molinsfilmfestival.com\/2020\/10\/25\/caspot-terrormolins-2020-dirigit-per-marc-carreteesspot-terrormolins-2020-dirigido-por-marc-carreteenterrormolins-2020-spot-by-marc-carrete-6\/#article","isPartOf":{"@id":"https:\/\/www.molinsfilmfestival.com\/2020\/10\/25\/caspot-terrormolins-2020-dirigit-per-marc-carreteesspot-terrormolins-2020-dirigido-por-marc-carreteenterrormolins-2020-spot-by-marc-carrete-6\/"},"author":{"name":"terrormolins","@id":"https:\/\/www.molinsfilmfestival.com\/#\/schema\/person\/9d664b50116f871b0cb00fa43b2527dd"},"headline":"[:ca]Spot terrorMolins 2020 dirigit per Marc Carret\u00e9[:es]Spot terrorMolins 2020 dirigido por Marc Carret\u00e9[:en]terrorMolins 2020 spot by Marc Carret\u00e9[:]","datePublished":"2020-10-25T22:26:02+00:00","mainEntityOfPage":{"@id":"https:\/\/www.molinsfilmfestival.com\/2020\/10\/25\/caspot-terrormolins-2020-dirigit-per-marc-carreteesspot-terrormolins-2020-dirigido-por-marc-carreteenterrormolins-2020-spot-by-marc-carrete-6\/"},"wordCount":926,"commentCount":0,"publisher":{"@id":"https:\/\/www.molinsfilmfestival.com\/#organization"},"image":{"@id":"https:\/\/www.molinsfilmfestival.com\/2020\/10\/25\/caspot-terrormolins-2020-dirigit-per-marc-carreteesspot-terrormolins-2020-dirigido-por-marc-carreteenterrormolins-2020-spot-by-marc-carrete-6\/#primaryimage"},"thumbnailUrl":"http:\/\/www.molinsfilmfestival.com\/wp-content\/uploads\/2020\/10\/marc-carrete-terrorweekend-300x179.jpg","inLanguage":"es"},{"@type":"WebPage","@id":"https:\/\/www.molinsfilmfestival.com\/2020\/10\/25\/caspot-terrormolins-2020-dirigit-per-marc-carreteesspot-terrormolins-2020-dirigido-por-marc-carreteenterrormolins-2020-spot-by-marc-carrete-6\/","url":"https:\/\/www.molinsfilmfestival.com\/2020\/10\/25\/caspot-terrormolins-2020-dirigit-per-marc-carreteesspot-terrormolins-2020-dirigido-por-marc-carreteenterrormolins-2020-spot-by-marc-carrete-6\/","name":"[:es]Spot terrorMolins 2020 dirigido por Marc Carret\u00e9[:es]Spot terrorMolins 2020 dirigido por Marc Carret\u00e9[:en]terrorMolins 2020 spot by Marc Carret\u00e9[:] | Molinos Horror Film Festival","isPartOf":{"@id":"https:\/\/www.molinsfilmfestival.com\/#website"},"primaryImageOfPage":{"@id":"https:\/\/www.molinsfilmfestival.com\/2020\/10\/25\/caspot-terrormolins-2020-dirigit-per-marc-carreteesspot-terrormolins-2020-dirigido-por-marc-carreteenterrormolins-2020-spot-by-marc-carrete-6\/#primaryimage"},"image":{"@id":"https:\/\/www.molinsfilmfestival.com\/2020\/10\/25\/caspot-terrormolins-2020-dirigit-per-marc-carreteesspot-terrormolins-2020-dirigido-por-marc-carreteenterrormolins-2020-spot-by-marc-carrete-6\/#primaryimage"},"thumbnailUrl":"http:\/\/www.molinsfilmfestival.com\/wp-content\/uploads\/2020\/10\/marc-carrete-terrorweekend-300x179.jpg","datePublished":"2020-10-25T22:26:02+00:00","breadcrumb":{"@id":"https:\/\/www.molinsfilmfestival.com\/2020\/10\/25\/caspot-terrormolins-2020-dirigit-per-marc-carreteesspot-terrormolins-2020-dirigido-por-marc-carreteenterrormolins-2020-spot-by-marc-carrete-6\/#breadcrumb"},"inLanguage":"es","potentialAction":[{"@type":"ReadAction","target":["https:\/\/www.molinsfilmfestival.com\/2020\/10\/25\/caspot-terrormolins-2020-dirigit-per-marc-carreteesspot-terrormolins-2020-dirigido-por-marc-carreteenterrormolins-2020-spot-by-marc-carrete-6\/"]}]},{"@type":"ImageObject","inLanguage":"es","@id":"https:\/\/www.molinsfilmfestival.com\/2020\/10\/25\/caspot-terrormolins-2020-dirigit-per-marc-carreteesspot-terrormolins-2020-dirigido-por-marc-carreteenterrormolins-2020-spot-by-marc-carrete-6\/#primaryimage","url":"http:\/\/www.molinsfilmfestival.com\/wp-content\/uploads\/2020\/10\/marc-carrete-terrorweekend-300x179.jpg","contentUrl":"http:\/\/www.molinsfilmfestival.com\/wp-content\/uploads\/2020\/10\/marc-carrete-terrorweekend-300x179.jpg"},{"@type":"BreadcrumbList","@id":"https:\/\/www.molinsfilmfestival.com\/2020\/10\/25\/caspot-terrormolins-2020-dirigit-per-marc-carreteesspot-terrormolins-2020-dirigido-por-marc-carreteenterrormolins-2020-spot-by-marc-carrete-6\/#breadcrumb","itemListElement":[{"@type":"ListItem","position":1,"name":"Inici","item":"https:\/\/www.molinsfilmfestival.com\/"},{"@type":"ListItem","position":2,"name":"[:ca]Spot terrorMolins 2020 dirigit per Marc Carret\u00e9[:es]Spot terrorMolins 2020 dirigido por Marc Carret\u00e9[:en]terrorMolins 2020 spot by Marc Carret\u00e9[:]"}]},{"@type":"WebSite","@id":"https:\/\/www.molinsfilmfestival.com\/#website","url":"https:\/\/www.molinsfilmfestival.com\/","name":"Molinos Horror Film Festival","description":"Festival de Cine de Terror de Molinos de Rey","publisher":{"@id":"https:\/\/www.molinsfilmfestival.com\/#organization"},"potentialAction":[{"@type":"SearchAction","target":{"@type":"EntryPoint","urlTemplate":"https:\/\/www.molinsfilmfestival.com\/?s={search_term_string}"},"query-input":{"@type":"PropertyValueSpecification","valueRequired":true,"valueName":"search_term_string"}}],"inLanguage":"es"},{"@type":"Organization","@id":"https:\/\/www.molinsfilmfestival.com\/#organization","name":"Molinos Horror Film Festival","url":"https:\/\/www.molinsfilmfestival.com\/","logo":{"@type":"ImageObject","inLanguage":"es","@id":"https:\/\/www.molinsfilmfestival.com\/#\/schema\/logo\/image\/","url":"https:\/\/www.molinsfilmfestival.com\/wp-content\/uploads\/2025\/05\/terrormolins_logo.svg","contentUrl":"https:\/\/www.molinsfilmfestival.com\/wp-content\/uploads\/2025\/05\/terrormolins_logo.svg","caption":"Molins Horror Film Festival"},"image":{"@id":"https:\/\/www.molinsfilmfestival.com\/#\/schema\/logo\/image\/"}},{"@type":"Person","@id":"https:\/\/www.molinsfilmfestival.com\/#\/schema\/person\/9d664b50116f871b0cb00fa43b2527dd","name":"terrormolinos","image":{"@type":"ImageObject","inLanguage":"es","@id":"https:\/\/www.molinsfilmfestival.com\/#\/schema\/person\/image\/","url":"https:\/\/secure.gravatar.com\/avatar\/591ccac8e3772fe3891dbd3892fd2232dbe1beb33ebbae4b228747f35168dcc6?s=96&d=mm&r=g","contentUrl":"https:\/\/secure.gravatar.com\/avatar\/591ccac8e3772fe3891dbd3892fd2232dbe1beb33ebbae4b228747f35168dcc6?s=96&d=mm&r=g","caption":"terrormolins"},"sameAs":["https:\/\/temporal.molinsfilmfestival.com"],"url":"https:\/\/www.molinsfilmfestival.com\/esp\/author\/terrormolins\/"}]}},"_links":{"self":[{"href":"https:\/\/www.molinsfilmfestival.com\/esp\/wp-json\/wp\/v2\/posts\/13969","targetHints":{"allow":["GET"]}}],"collection":[{"href":"https:\/\/www.molinsfilmfestival.com\/esp\/wp-json\/wp\/v2\/posts"}],"about":[{"href":"https:\/\/www.molinsfilmfestival.com\/esp\/wp-json\/wp\/v2\/types\/post"}],"author":[{"embeddable":true,"href":"https:\/\/www.molinsfilmfestival.com\/esp\/wp-json\/wp\/v2\/users\/1"}],"replies":[{"embeddable":true,"href":"https:\/\/www.molinsfilmfestival.com\/esp\/wp-json\/wp\/v2\/comments?post=13969"}],"version-history":[{"count":0,"href":"https:\/\/www.molinsfilmfestival.com\/esp\/wp-json\/wp\/v2\/posts\/13969\/revisions"}],"wp:attachment":[{"href":"https:\/\/www.molinsfilmfestival.com\/esp\/wp-json\/wp\/v2\/media?parent=13969"}],"wp:term":[{"taxonomy":"category","embeddable":true,"href":"https:\/\/www.molinsfilmfestival.com\/esp\/wp-json\/wp\/v2\/categories?post=13969"},{"taxonomy":"post_tag","embeddable":true,"href":"https:\/\/www.molinsfilmfestival.com\/esp\/wp-json\/wp\/v2\/tags?post=13969"}],"curies":[{"name":"wp","href":"https:\/\/api.w.org\/{rel}","templated":true}]}}