{"id":27654,"date":"2025-11-14T10:48:56","date_gmt":"2025-11-14T09:48:56","guid":{"rendered":"https:\/\/www.molinsfilmfestival.com\/?p=27654"},"modified":"2025-11-14T10:48:58","modified_gmt":"2025-11-14T09:48:58","slug":"recta-final-amb-estrenes-convidats-internacionals-i-iniciatives-per-a-limpuls-del-terror-en-catala","status":"publish","type":"post","link":"https:\/\/www.molinsfilmfestival.com\/esp\/2025\/11\/14\/recta-final-amb-estrenes-convidats-internacionals-i-iniciatives-per-a-limpuls-del-terror-en-catala\/","title":{"rendered":"Recta final con estrenos, invitados internacionales e iniciativas para el impulso del terror en catal\u00e1n"},"content":{"rendered":"<p id=\"isPasted\"><strong>El festival combina proyecciones, charlas y actividades educativas en una semana intensa llena de p\u00fablico y propuestas diversas.<\/strong><\/p>\n\n\n\n<p><strong>Brandon Christensen, Cristiano Ponce, Paco Cabezas, Juan Vil\u00e0, Pablo Otero, Caye Casas y Marc Carret\u00e9, entre los protagonistas de la semana.<\/strong><\/p>\n\n\n\n<p><strong>\u2018&#039;Cuca&#039;, de Adriana Galicia, primer proyecto galardonado con el Premio para la producci\u00f3n de un cortometraje de terror en catal\u00e1n.<\/strong><\/p>\n\n\n\n<figure class=\"wp-block-image size-large\"><img loading=\"lazy\" decoding=\"async\" width=\"1024\" height=\"732\" src=\"https:\/\/www.molinsfilmfestival.com\/wp-content\/uploads\/2025\/11\/691638b724cea17d3da20ea5-1024x732.jpg\" alt=\"\" class=\"wp-image-27656\" srcset=\"https:\/\/www.molinsfilmfestival.com\/wp-content\/uploads\/2025\/11\/691638b724cea17d3da20ea5-1024x732.jpg 1024w, https:\/\/www.molinsfilmfestival.com\/wp-content\/uploads\/2025\/11\/691638b724cea17d3da20ea5-300x214.jpg 300w, https:\/\/www.molinsfilmfestival.com\/wp-content\/uploads\/2025\/11\/691638b724cea17d3da20ea5-768x549.jpg 768w, https:\/\/www.molinsfilmfestival.com\/wp-content\/uploads\/2025\/11\/691638b724cea17d3da20ea5-1536x1097.jpg 1536w, https:\/\/www.molinsfilmfestival.com\/wp-content\/uploads\/2025\/11\/691638b724cea17d3da20ea5-2048x1463.jpg 2048w, https:\/\/www.molinsfilmfestival.com\/wp-content\/uploads\/2025\/11\/691638b724cea17d3da20ea5-18x12.jpg 18w\" sizes=\"auto, (max-width: 1024px) 100vw, 1024px\" \/><figcaption class=\"wp-element-caption\"><br>Adriana Galicia y Margalida Adrover, del corto premiado Cuca, junto al jurado de Industria \u00a9 Joan Gosa 2025<\/figcaption><\/figure>\n\n\n\n<p><strong>Molinos de Rey, 14 de noviembre de 2025<\/strong>\u00a0\u2014 El\u00a0<strong>Festival de Cine de Terror de Molinos de Rey\u00a0<\/strong>inicia su recta final despu\u00e9s de una semana llena de actividades, estrenos y presencias destacadas que han vuelto a convertir el festival en un referente esencial para amantes del g\u00e9nero de todas las edades. El TerrorMolins 2025 revalida su vocaci\u00f3n como espacio de encuentro del talento emergente y local, abri\u00e9ndose a la diversidad y la proyecci\u00f3n internacional, y reforzando las iniciativas para impulsar la creaci\u00f3n de cine de terror en catal\u00e1n.<\/p>\n\n\n\n<p>La semana se abr\u00eda el lunes con la\u00a0<strong>Muestra de Cortometrajes para Institutos<\/strong>, una sesi\u00f3n donde estudiantes de toda la comarca pudieron disfrutar de los mejores cortos de la edici\u00f3n anterior. El encuentro cont\u00f3 con la participaci\u00f3n de\u00a0<strong>Sergi Vizca\u00edno<\/strong>, productor y profesor del grupo autor de Ballant con la muerte, y\u00a0<strong>Carlos Roman<\/strong>, director de Barbie Hell.<\/p>\n\n\n\n<p>Continuando con la programaci\u00f3n formativa, el mi\u00e9rcoles por la ma\u00f1ana el festival acogi\u00f3 la conferencia\u00a0<strong>\u201cDetr\u00e1s de la magia: c\u00f3mo funcionan los VFX en el cine\u201d<\/strong>, a cargo de\u00a0<strong>Pablo Otero<\/strong>, artista visual y escritor gallego con experiencia en producciones como The Mandalorian, Alien: Covenant o Vengadores: Endgame, as\u00ed como miembro del Jurado Oficial de este a\u00f1o. Otero llen\u00f3 La Peni con una charla que ofreci\u00f3 una visi\u00f3n privilegiada del mundo de los efectos visuales a trav\u00e9s de un recorrido por su trayectoria personal.<\/p>\n\n\n\n<p>El jueves, uno de los platos fuertes de la semana fue la\u00a0<strong>masterclass \u201cCine de terror independiente: una mirada (todav\u00eda) m\u00e1s oscura\u201d<\/strong>, con\u00a0<strong>Caye Casas<\/strong>\u00a0i\u00a0<strong>Marc Carret\u00e9<\/strong>, moderada por\u00a0<strong>Mireia Noguera<\/strong>. La sesi\u00f3n puso sobre la mesa los retos y libertades del cine independiente en el g\u00e9nero.<\/p>\n\n\n\n<p><strong>Primera edici\u00f3n del Premio en el cortometraje de terror en catal\u00e1n.\u00a0<\/strong>El jueves por la ma\u00f1ana, los grandes protagonistas fueron los proyectos finalistas de la primera edici\u00f3n del\u00a0<strong>Premio para la producci\u00f3n de un cortometraje de terror en lengua catalana<\/strong>, una iniciativa que quiere impulsar el talento local y apoyar la creaci\u00f3n cinematogr\u00e1fica en catal\u00e1n. Los ocho finalistas presentaron sus pitchings ante el jurado de Industria,\u00a0<strong>Laia Aubia de Higes<\/strong>,\u00a0<strong>Judit Navarro Lozano<\/strong>\u00a0i\u00a0<strong>Diana Santamaria Varas<\/strong>. El proyecto ganador, anunciado al mediod\u00eda, fue\u00a0<em><strong>Cuca<\/strong><\/em>, dirigido y escrito por\u00a0<strong>Adriana Galicia<\/strong>, quien hizo la presentaci\u00f3n acompa\u00f1ada de la productora ejecutiva\u00a0<strong>Margalida Adrover<\/strong>. El jurado destac\u00f3 la apuesta original, por tratar un tema muy poco abordado en el audiovisual y ser un proyecto muy s\u00f3lido, y otorg\u00f3 as\u00ed una dotaci\u00f3n econ\u00f3mica de 5.000\u20ac para que se pueda producir el filme, que ser\u00e1 presentado en la pr\u00f3xima edici\u00f3n del TerrorMolins.<\/p>\n\n\n\n<p><strong>Sesiones dobles, estrenos y visitas internacionales.\u00a0<\/strong>A lo largo de la semana, el\u00a0<strong>Teatro de la Pene<\/strong>\u00a0ha acogido numerosas\u00a0<strong>sesiones dobles<\/strong>\u00a0con estrenos espa\u00f1oles muy esperados como About en Place in the Kinki Region (K\u00f4ji Shiraishi), Marshmallow (Daniel Del Purgatorio), Missing Child Videotape (Ryota Kondo), Monkey&#039;s Magic Merry Go Round (Aidan Leary) o Dark Nuns (Kwon Hyeok-jae). El mi\u00e9rcoles, la sesi\u00f3n compartida con Silencio, la nueva pel\u00edcula de\u2019<strong>Eduardo Casanova<\/strong>, cont\u00f3 con la presencia del compositor\u00a0<strong>Joan Vil\u00e0<\/strong>, autor tambi\u00e9n de la banda sonora del spot del festival. Entre los estrenos m\u00e1s destacados de la semana figura tambi\u00e9n Bramayugam (Rahul Sadasivan), viaje visual hipn\u00f3tico y estreno espa\u00f1ol del filme indio que lleva al folk horror asi\u00e1tico a una nueva dimensi\u00f3n.<\/p>\n\n\n\n<p>El jueves, el TerrorMolins recibi\u00f3 la visita del director canadiense\u00a0<strong>Brandon Christensen<\/strong>, que present\u00f3 dos estrenos de este a\u00f1o: Night of the Reaper (en competici\u00f3n en la Secci\u00f3n Oficial) y Bodycam(secci\u00f3n Bloody Madness). Tras la premi\u00e8re internacional de The Puppetman en la edici\u00f3n de 2023, el cine de Christensen regres\u00f3 al festival para protagonizar una de las sesiones m\u00e1s multitudinarias de la semana.<\/p>\n\n\n\n<p><strong>Sesi\u00f3n de clausura y homenaje a Paco Cabezas.<\/strong>\u00a0El viernes por la noche, en la\u00a0<strong>sesi\u00f3n de clausura<\/strong>\u00a0se presentar\u00e1 el cortometraje Confession de\u00a0<strong>Nunca Nakanishi<\/strong>\u00a0y el largo La frecuencia Kirlian, con la presencia del director argentino\u00a0<strong>Cristian Ponce<\/strong>. En este mismo acto se har\u00e1 entrega del\u00a0<strong>Premio Honor\u00edfico 2025<\/strong>\u00a0a\u00a0<strong>Paco Cabezas<\/strong>, cineasta sevillano autor de t\u00edtulos como Aparecidos, Carne de ne\u00f3n o Mr. Right, y colaborador en series como Penny Dreadful, Fear the Walking Dead o Wednesday. El festival reconoce as\u00ed su capacidad para combinar una mirada local con una proyecci\u00f3n internacional, consolid\u00e1ndose como voz propia dentro del audiovisual de g\u00e9nero.<\/p>\n\n\n\n<p><strong>Final apote\u00f3sico: J-Horror, m\u00fasica y 12 horas de cine de terror.\u00a0<\/strong>El s\u00e1bado llegar\u00e1 uno de los momentos m\u00e1s esperados del festival: las charlas dedicadas al\u00a0<strong>J-Horror.<\/strong>\u00a0Por un lado,\u00a0<strong>\u201cTerrorManga: las historias m\u00e1s terror\u00edficas, esperp\u00e9nticas y asquerosas del c\u00f3mic japon\u00e9s\u201d<\/strong>, con\u00a0<strong>Oriol Estrada<\/strong>, y\u00a0<strong>\u201c&quot;El J-Horror jugable: el terror en el videojuego japon\u00e9s&quot;\u201d<\/strong>, con\u00a0<strong>V\u00edctor Navarro<\/strong>. Las ponencias preceder\u00e1n a la emblem\u00e1tica\u00a0<strong>Marat\u00f3n de 12 horas de cine de terror<\/strong>.<\/p>\n\n\n\n<p>La\u00a0<strong>marat\u00f3n\u00a0<\/strong>incluir\u00e1 el concierto previo de\u00a0<strong>Tibosity<\/strong>\u00a0y las proyecciones de Her Will Be Done (Julia Kowalski), Dream Eater (Jay Drakulic, Mallory Drumm, Alex Lee Williams), Flush (Gr\u00e9gory Morin), Hold the Fort (William Bagley) y una pel\u00edcula sorpresa. La sesi\u00f3n, clausura espiritual del festival, tiene las\u00a0<strong>entradas pr\u00e1cticamente agotadas<\/strong>, y promete volver a ser una experiencia memorable gracias a la programaci\u00f3n, pero tambi\u00e9n a los espect\u00e1culos que la convierten en un evento \u00fanico e inmersivo.<\/p>","protected":false},"excerpt":{"rendered":"<p>El festival combina proyecciones, charlas y actividades educativas en una semana intensa llena de p\u00fablico y propuestas diversas. Brandon Christensen, Cristiano Ponce, Paco Cabezas, Juan Vil\u00e0, Pablo Otero, Caye Casas y Marc Carret\u00e9, entre los protagonistas de la semana. &#039;Cuca&#039;, de Adriana Galicia, primer proyecto galardonado con el Premio para la producci\u00f3n de un cortometraje de [\u2026]<\/p>","protected":false},"author":1,"featured_media":0,"comment_status":"closed","ping_status":"closed","sticky":false,"template":"","format":"standard","meta":{"_acf_changed":false,"footnotes":""},"categories":[152,99,125,101],"tags":[],"class_list":["post-27654","post","type-post","status-publish","format-standard","hentry","category-44-edicio-2025","category-industria-ca","category-jornades-professionals","category-les-12-hores-de-terror"],"acf":[],"yoast_head":"<!-- This site is optimized with the Yoast SEO plugin v26.4 - https:\/\/yoast.com\/wordpress\/plugins\/seo\/ -->\n<title>Recta final amb estrenes, convidats internacionals i iniciatives per a l\u2019impuls del terror en catal\u00e0 | Molins Horror Film Festival<\/title>\n<meta name=\"robots\" content=\"index, follow, max-snippet:-1, max-image-preview:large, max-video-preview:-1\" \/>\n<link rel=\"canonical\" href=\"https:\/\/www.molinsfilmfestival.com\/esp\/2025\/11\/14\/recta-final-amb-estrenes-convidats-internacionals-i-iniciatives-per-a-limpuls-del-terror-en-catala\/\" \/>\n<meta property=\"og:locale\" content=\"es_ES\" \/>\n<meta property=\"og:type\" content=\"article\" \/>\n<meta property=\"og:title\" content=\"Recta final amb estrenes, convidats internacionals i iniciatives per a l\u2019impuls del terror en catal\u00e0 | Molins Horror Film Festival\" \/>\n<meta property=\"og:description\" content=\"El festival combina projeccions, xerrades i activitats educatives en una setmana intensa plena de p\u00fablic i propostes diverses. Brandon Christensen, Cristian Ponce, Paco Cabezas, Joan Vil\u00e0, Pablo Otero, Caye Casas i Marc Carret\u00e9, entre els protagonistes de la setmana. \u2018Cuca\u2019, d\u2019Adriana Galicia, primer projecte guardonat amb el Premi per a la producci\u00f3 d\u2019un curtmetratge de [&hellip;]\" \/>\n<meta property=\"og:url\" content=\"https:\/\/www.molinsfilmfestival.com\/esp\/2025\/11\/14\/recta-final-amb-estrenes-convidats-internacionals-i-iniciatives-per-a-limpuls-del-terror-en-catala\/\" \/>\n<meta property=\"og:site_name\" content=\"Molins Horror Film Festival\" \/>\n<meta property=\"article:published_time\" content=\"2025-11-14T09:48:56+00:00\" \/>\n<meta property=\"article:modified_time\" content=\"2025-11-14T09:48:58+00:00\" \/>\n<meta property=\"og:image\" content=\"https:\/\/www.molinsfilmfestival.com\/wp-content\/uploads\/2025\/11\/691638b724cea17d3da20ea5-scaled.jpg\" \/>\n\t<meta property=\"og:image:width\" content=\"2560\" \/>\n\t<meta property=\"og:image:height\" content=\"1829\" \/>\n\t<meta property=\"og:image:type\" content=\"image\/jpeg\" \/>\n<meta name=\"author\" content=\"terrormolins\" \/>\n<meta name=\"twitter:card\" content=\"summary_large_image\" \/>\n<meta name=\"twitter:label1\" content=\"Escrito por\" \/>\n\t<meta name=\"twitter:data1\" content=\"terrormolins\" \/>\n\t<meta name=\"twitter:label2\" content=\"Tiempo de lectura\" \/>\n\t<meta name=\"twitter:data2\" content=\"6 minutos\" \/>\n<script type=\"application\/ld+json\" class=\"yoast-schema-graph\">{\"@context\":\"https:\/\/schema.org\",\"@graph\":[{\"@type\":\"Article\",\"@id\":\"https:\/\/www.molinsfilmfestival.com\/2025\/11\/14\/recta-final-amb-estrenes-convidats-internacionals-i-iniciatives-per-a-limpuls-del-terror-en-catala\/#article\",\"isPartOf\":{\"@id\":\"https:\/\/www.molinsfilmfestival.com\/2025\/11\/14\/recta-final-amb-estrenes-convidats-internacionals-i-iniciatives-per-a-limpuls-del-terror-en-catala\/\"},\"author\":{\"name\":\"terrormolins\",\"@id\":\"https:\/\/www.molinsfilmfestival.com\/#\/schema\/person\/9d664b50116f871b0cb00fa43b2527dd\"},\"headline\":\"Recta final amb estrenes, convidats internacionals i iniciatives per a l\u2019impuls del terror en catal\u00e0\",\"datePublished\":\"2025-11-14T09:48:56+00:00\",\"dateModified\":\"2025-11-14T09:48:58+00:00\",\"mainEntityOfPage\":{\"@id\":\"https:\/\/www.molinsfilmfestival.com\/2025\/11\/14\/recta-final-amb-estrenes-convidats-internacionals-i-iniciatives-per-a-limpuls-del-terror-en-catala\/\"},\"wordCount\":1016,\"publisher\":{\"@id\":\"https:\/\/www.molinsfilmfestival.com\/#organization\"},\"image\":{\"@id\":\"https:\/\/www.molinsfilmfestival.com\/2025\/11\/14\/recta-final-amb-estrenes-convidats-internacionals-i-iniciatives-per-a-limpuls-del-terror-en-catala\/#primaryimage\"},\"thumbnailUrl\":\"https:\/\/www.molinsfilmfestival.com\/wp-content\/uploads\/2025\/11\/691638b724cea17d3da20ea5-1024x732.jpg\",\"articleSection\":[\"44 Edici\u00f3 2025\",\"Ind\u00fastria\",\"Jornades Professionals\",\"Les 12 Hores de Terror\"],\"inLanguage\":\"es\"},{\"@type\":\"WebPage\",\"@id\":\"https:\/\/www.molinsfilmfestival.com\/2025\/11\/14\/recta-final-amb-estrenes-convidats-internacionals-i-iniciatives-per-a-limpuls-del-terror-en-catala\/\",\"url\":\"https:\/\/www.molinsfilmfestival.com\/2025\/11\/14\/recta-final-amb-estrenes-convidats-internacionals-i-iniciatives-per-a-limpuls-del-terror-en-catala\/\",\"name\":\"Recta final amb estrenes, convidats internacionals i iniciatives per a l\u2019impuls del terror en catal\u00e0 | Molins Horror Film Festival\",\"isPartOf\":{\"@id\":\"https:\/\/www.molinsfilmfestival.com\/#website\"},\"primaryImageOfPage\":{\"@id\":\"https:\/\/www.molinsfilmfestival.com\/2025\/11\/14\/recta-final-amb-estrenes-convidats-internacionals-i-iniciatives-per-a-limpuls-del-terror-en-catala\/#primaryimage\"},\"image\":{\"@id\":\"https:\/\/www.molinsfilmfestival.com\/2025\/11\/14\/recta-final-amb-estrenes-convidats-internacionals-i-iniciatives-per-a-limpuls-del-terror-en-catala\/#primaryimage\"},\"thumbnailUrl\":\"https:\/\/www.molinsfilmfestival.com\/wp-content\/uploads\/2025\/11\/691638b724cea17d3da20ea5-1024x732.jpg\",\"datePublished\":\"2025-11-14T09:48:56+00:00\",\"dateModified\":\"2025-11-14T09:48:58+00:00\",\"breadcrumb\":{\"@id\":\"https:\/\/www.molinsfilmfestival.com\/2025\/11\/14\/recta-final-amb-estrenes-convidats-internacionals-i-iniciatives-per-a-limpuls-del-terror-en-catala\/#breadcrumb\"},\"inLanguage\":\"es\",\"potentialAction\":[{\"@type\":\"ReadAction\",\"target\":[\"https:\/\/www.molinsfilmfestival.com\/2025\/11\/14\/recta-final-amb-estrenes-convidats-internacionals-i-iniciatives-per-a-limpuls-del-terror-en-catala\/\"]}]},{\"@type\":\"ImageObject\",\"inLanguage\":\"es\",\"@id\":\"https:\/\/www.molinsfilmfestival.com\/2025\/11\/14\/recta-final-amb-estrenes-convidats-internacionals-i-iniciatives-per-a-limpuls-del-terror-en-catala\/#primaryimage\",\"url\":\"https:\/\/www.molinsfilmfestival.com\/wp-content\/uploads\/2025\/11\/691638b724cea17d3da20ea5-1024x732.jpg\",\"contentUrl\":\"https:\/\/www.molinsfilmfestival.com\/wp-content\/uploads\/2025\/11\/691638b724cea17d3da20ea5-1024x732.jpg\"},{\"@type\":\"BreadcrumbList\",\"@id\":\"https:\/\/www.molinsfilmfestival.com\/2025\/11\/14\/recta-final-amb-estrenes-convidats-internacionals-i-iniciatives-per-a-limpuls-del-terror-en-catala\/#breadcrumb\",\"itemListElement\":[{\"@type\":\"ListItem\",\"position\":1,\"name\":\"Inici\",\"item\":\"https:\/\/www.molinsfilmfestival.com\/\"},{\"@type\":\"ListItem\",\"position\":2,\"name\":\"Recta final amb estrenes, convidats internacionals i iniciatives per a l\u2019impuls del terror en catal\u00e0\"}]},{\"@type\":\"WebSite\",\"@id\":\"https:\/\/www.molinsfilmfestival.com\/#website\",\"url\":\"https:\/\/www.molinsfilmfestival.com\/\",\"name\":\"Molins Horror Film Festival\",\"description\":\"Festival de Cine de Terror de Molins de Rei\",\"publisher\":{\"@id\":\"https:\/\/www.molinsfilmfestival.com\/#organization\"},\"potentialAction\":[{\"@type\":\"SearchAction\",\"target\":{\"@type\":\"EntryPoint\",\"urlTemplate\":\"https:\/\/www.molinsfilmfestival.com\/?s={search_term_string}\"},\"query-input\":{\"@type\":\"PropertyValueSpecification\",\"valueRequired\":true,\"valueName\":\"search_term_string\"}}],\"inLanguage\":\"es\"},{\"@type\":\"Organization\",\"@id\":\"https:\/\/www.molinsfilmfestival.com\/#organization\",\"name\":\"Molins Horror Film Festival\",\"url\":\"https:\/\/www.molinsfilmfestival.com\/\",\"logo\":{\"@type\":\"ImageObject\",\"inLanguage\":\"es\",\"@id\":\"https:\/\/www.molinsfilmfestival.com\/#\/schema\/logo\/image\/\",\"url\":\"https:\/\/www.molinsfilmfestival.com\/wp-content\/uploads\/2025\/05\/terrormolins_logo.svg\",\"contentUrl\":\"https:\/\/www.molinsfilmfestival.com\/wp-content\/uploads\/2025\/05\/terrormolins_logo.svg\",\"caption\":\"Molins Horror Film Festival\"},\"image\":{\"@id\":\"https:\/\/www.molinsfilmfestival.com\/#\/schema\/logo\/image\/\"}},{\"@type\":\"Person\",\"@id\":\"https:\/\/www.molinsfilmfestival.com\/#\/schema\/person\/9d664b50116f871b0cb00fa43b2527dd\",\"name\":\"terrormolins\",\"image\":{\"@type\":\"ImageObject\",\"inLanguage\":\"es\",\"@id\":\"https:\/\/www.molinsfilmfestival.com\/#\/schema\/person\/image\/\",\"url\":\"https:\/\/secure.gravatar.com\/avatar\/591ccac8e3772fe3891dbd3892fd2232dbe1beb33ebbae4b228747f35168dcc6?s=96&d=mm&r=g\",\"contentUrl\":\"https:\/\/secure.gravatar.com\/avatar\/591ccac8e3772fe3891dbd3892fd2232dbe1beb33ebbae4b228747f35168dcc6?s=96&d=mm&r=g\",\"caption\":\"terrormolins\"},\"sameAs\":[\"https:\/\/temporal.molinsfilmfestival.com\"],\"url\":\"https:\/\/www.molinsfilmfestival.com\/esp\/author\/terrormolins\/\"}]}<\/script>\n<!-- \/ Yoast SEO plugin. -->","yoast_head_json":{"title":"Recta final con estrenos, invitados internacionales e iniciativas para impulsar el terror en catal\u00e1n | Molinos Horror Film Festival","robots":{"index":"index","follow":"follow","max-snippet":"max-snippet:-1","max-image-preview":"max-image-preview:large","max-video-preview":"max-video-preview:-1"},"canonical":"https:\/\/www.molinsfilmfestival.com\/esp\/2025\/11\/14\/recta-final-amb-estrenes-convidats-internacionals-i-iniciatives-per-a-limpuls-del-terror-en-catala\/","og_locale":"es_ES","og_type":"article","og_title":"Recta final amb estrenes, convidats internacionals i iniciatives per a l\u2019impuls del terror en catal\u00e0 | Molins Horror Film Festival","og_description":"El festival combina projeccions, xerrades i activitats educatives en una setmana intensa plena de p\u00fablic i propostes diverses. Brandon Christensen, Cristian Ponce, Paco Cabezas, Joan Vil\u00e0, Pablo Otero, Caye Casas i Marc Carret\u00e9, entre els protagonistes de la setmana. \u2018Cuca\u2019, d\u2019Adriana Galicia, primer projecte guardonat amb el Premi per a la producci\u00f3 d\u2019un curtmetratge de [&hellip;]","og_url":"https:\/\/www.molinsfilmfestival.com\/esp\/2025\/11\/14\/recta-final-amb-estrenes-convidats-internacionals-i-iniciatives-per-a-limpuls-del-terror-en-catala\/","og_site_name":"Molins Horror Film Festival","article_published_time":"2025-11-14T09:48:56+00:00","article_modified_time":"2025-11-14T09:48:58+00:00","og_image":[{"width":2560,"height":1829,"url":"https:\/\/www.molinsfilmfestival.com\/wp-content\/uploads\/2025\/11\/691638b724cea17d3da20ea5-scaled.jpg","type":"image\/jpeg"}],"author":"terrormolins","twitter_card":"summary_large_image","twitter_misc":{"Escrito por":"terrormolins","Tiempo de lectura":"6 minutos"},"schema":{"@context":"https:\/\/schema.org","@graph":[{"@type":"Article","@id":"https:\/\/www.molinsfilmfestival.com\/2025\/11\/14\/recta-final-amb-estrenes-convidats-internacionals-i-iniciatives-per-a-limpuls-del-terror-en-catala\/#article","isPartOf":{"@id":"https:\/\/www.molinsfilmfestival.com\/2025\/11\/14\/recta-final-amb-estrenes-convidats-internacionals-i-iniciatives-per-a-limpuls-del-terror-en-catala\/"},"author":{"name":"terrormolins","@id":"https:\/\/www.molinsfilmfestival.com\/#\/schema\/person\/9d664b50116f871b0cb00fa43b2527dd"},"headline":"Recta final amb estrenes, convidats internacionals i iniciatives per a l\u2019impuls del terror en catal\u00e0","datePublished":"2025-11-14T09:48:56+00:00","dateModified":"2025-11-14T09:48:58+00:00","mainEntityOfPage":{"@id":"https:\/\/www.molinsfilmfestival.com\/2025\/11\/14\/recta-final-amb-estrenes-convidats-internacionals-i-iniciatives-per-a-limpuls-del-terror-en-catala\/"},"wordCount":1016,"publisher":{"@id":"https:\/\/www.molinsfilmfestival.com\/#organization"},"image":{"@id":"https:\/\/www.molinsfilmfestival.com\/2025\/11\/14\/recta-final-amb-estrenes-convidats-internacionals-i-iniciatives-per-a-limpuls-del-terror-en-catala\/#primaryimage"},"thumbnailUrl":"https:\/\/www.molinsfilmfestival.com\/wp-content\/uploads\/2025\/11\/691638b724cea17d3da20ea5-1024x732.jpg","articleSection":["44 Edici\u00f3 2025","Ind\u00fastria","Jornades Professionals","Les 12 Hores de Terror"],"inLanguage":"es"},{"@type":"WebPage","@id":"https:\/\/www.molinsfilmfestival.com\/2025\/11\/14\/recta-final-amb-estrenes-convidats-internacionals-i-iniciatives-per-a-limpuls-del-terror-en-catala\/","url":"https:\/\/www.molinsfilmfestival.com\/2025\/11\/14\/recta-final-amb-estrenes-convidats-internacionals-i-iniciatives-per-a-limpuls-del-terror-en-catala\/","name":"Recta final con estrenos, invitados internacionales e iniciativas para impulsar el terror en catal\u00e1n | Molinos Horror Film Festival","isPartOf":{"@id":"https:\/\/www.molinsfilmfestival.com\/#website"},"primaryImageOfPage":{"@id":"https:\/\/www.molinsfilmfestival.com\/2025\/11\/14\/recta-final-amb-estrenes-convidats-internacionals-i-iniciatives-per-a-limpuls-del-terror-en-catala\/#primaryimage"},"image":{"@id":"https:\/\/www.molinsfilmfestival.com\/2025\/11\/14\/recta-final-amb-estrenes-convidats-internacionals-i-iniciatives-per-a-limpuls-del-terror-en-catala\/#primaryimage"},"thumbnailUrl":"https:\/\/www.molinsfilmfestival.com\/wp-content\/uploads\/2025\/11\/691638b724cea17d3da20ea5-1024x732.jpg","datePublished":"2025-11-14T09:48:56+00:00","dateModified":"2025-11-14T09:48:58+00:00","breadcrumb":{"@id":"https:\/\/www.molinsfilmfestival.com\/2025\/11\/14\/recta-final-amb-estrenes-convidats-internacionals-i-iniciatives-per-a-limpuls-del-terror-en-catala\/#breadcrumb"},"inLanguage":"es","potentialAction":[{"@type":"ReadAction","target":["https:\/\/www.molinsfilmfestival.com\/2025\/11\/14\/recta-final-amb-estrenes-convidats-internacionals-i-iniciatives-per-a-limpuls-del-terror-en-catala\/"]}]},{"@type":"ImageObject","inLanguage":"es","@id":"https:\/\/www.molinsfilmfestival.com\/2025\/11\/14\/recta-final-amb-estrenes-convidats-internacionals-i-iniciatives-per-a-limpuls-del-terror-en-catala\/#primaryimage","url":"https:\/\/www.molinsfilmfestival.com\/wp-content\/uploads\/2025\/11\/691638b724cea17d3da20ea5-1024x732.jpg","contentUrl":"https:\/\/www.molinsfilmfestival.com\/wp-content\/uploads\/2025\/11\/691638b724cea17d3da20ea5-1024x732.jpg"},{"@type":"BreadcrumbList","@id":"https:\/\/www.molinsfilmfestival.com\/2025\/11\/14\/recta-final-amb-estrenes-convidats-internacionals-i-iniciatives-per-a-limpuls-del-terror-en-catala\/#breadcrumb","itemListElement":[{"@type":"ListItem","position":1,"name":"Inici","item":"https:\/\/www.molinsfilmfestival.com\/"},{"@type":"ListItem","position":2,"name":"Recta final amb estrenes, convidats internacionals i iniciatives per a l\u2019impuls del terror en catal\u00e0"}]},{"@type":"WebSite","@id":"https:\/\/www.molinsfilmfestival.com\/#website","url":"https:\/\/www.molinsfilmfestival.com\/","name":"Molinos Horror Film Festival","description":"Festival de Cine de Terror de Molinos de Rey","publisher":{"@id":"https:\/\/www.molinsfilmfestival.com\/#organization"},"potentialAction":[{"@type":"SearchAction","target":{"@type":"EntryPoint","urlTemplate":"https:\/\/www.molinsfilmfestival.com\/?s={search_term_string}"},"query-input":{"@type":"PropertyValueSpecification","valueRequired":true,"valueName":"search_term_string"}}],"inLanguage":"es"},{"@type":"Organization","@id":"https:\/\/www.molinsfilmfestival.com\/#organization","name":"Molinos Horror Film Festival","url":"https:\/\/www.molinsfilmfestival.com\/","logo":{"@type":"ImageObject","inLanguage":"es","@id":"https:\/\/www.molinsfilmfestival.com\/#\/schema\/logo\/image\/","url":"https:\/\/www.molinsfilmfestival.com\/wp-content\/uploads\/2025\/05\/terrormolins_logo.svg","contentUrl":"https:\/\/www.molinsfilmfestival.com\/wp-content\/uploads\/2025\/05\/terrormolins_logo.svg","caption":"Molins Horror Film Festival"},"image":{"@id":"https:\/\/www.molinsfilmfestival.com\/#\/schema\/logo\/image\/"}},{"@type":"Person","@id":"https:\/\/www.molinsfilmfestival.com\/#\/schema\/person\/9d664b50116f871b0cb00fa43b2527dd","name":"terrormolinos","image":{"@type":"ImageObject","inLanguage":"es","@id":"https:\/\/www.molinsfilmfestival.com\/#\/schema\/person\/image\/","url":"https:\/\/secure.gravatar.com\/avatar\/591ccac8e3772fe3891dbd3892fd2232dbe1beb33ebbae4b228747f35168dcc6?s=96&d=mm&r=g","contentUrl":"https:\/\/secure.gravatar.com\/avatar\/591ccac8e3772fe3891dbd3892fd2232dbe1beb33ebbae4b228747f35168dcc6?s=96&d=mm&r=g","caption":"terrormolins"},"sameAs":["https:\/\/temporal.molinsfilmfestival.com"],"url":"https:\/\/www.molinsfilmfestival.com\/esp\/author\/terrormolins\/"}]}},"_links":{"self":[{"href":"https:\/\/www.molinsfilmfestival.com\/esp\/wp-json\/wp\/v2\/posts\/27654","targetHints":{"allow":["GET"]}}],"collection":[{"href":"https:\/\/www.molinsfilmfestival.com\/esp\/wp-json\/wp\/v2\/posts"}],"about":[{"href":"https:\/\/www.molinsfilmfestival.com\/esp\/wp-json\/wp\/v2\/types\/post"}],"author":[{"embeddable":true,"href":"https:\/\/www.molinsfilmfestival.com\/esp\/wp-json\/wp\/v2\/users\/1"}],"replies":[{"embeddable":true,"href":"https:\/\/www.molinsfilmfestival.com\/esp\/wp-json\/wp\/v2\/comments?post=27654"}],"version-history":[{"count":2,"href":"https:\/\/www.molinsfilmfestival.com\/esp\/wp-json\/wp\/v2\/posts\/27654\/revisions"}],"predecessor-version":[{"id":27657,"href":"https:\/\/www.molinsfilmfestival.com\/esp\/wp-json\/wp\/v2\/posts\/27654\/revisions\/27657"}],"wp:attachment":[{"href":"https:\/\/www.molinsfilmfestival.com\/esp\/wp-json\/wp\/v2\/media?parent=27654"}],"wp:term":[{"taxonomy":"category","embeddable":true,"href":"https:\/\/www.molinsfilmfestival.com\/esp\/wp-json\/wp\/v2\/categories?post=27654"},{"taxonomy":"post_tag","embeddable":true,"href":"https:\/\/www.molinsfilmfestival.com\/esp\/wp-json\/wp\/v2\/tags?post=27654"}],"curies":[{"name":"wp","href":"https:\/\/api.w.org\/{rel}","templated":true}]}}