{"id":27664,"date":"2025-11-20T11:00:00","date_gmt":"2025-11-20T10:00:00","guid":{"rendered":"https:\/\/www.molinsfilmfestival.com\/?p=27664"},"modified":"2026-03-31T17:52:19","modified_gmt":"2026-03-31T15:52:19","slug":"una-edicio-amb-sold-outs-i-els-millors-registres-dassistencia-i-recaptacio-de-la-historia","status":"publish","type":"post","link":"https:\/\/www.molinsfilmfestival.com\/esp\/2025\/11\/20\/una-edicio-amb-sold-outs-i-els-millors-registres-dassistencia-i-recaptacio-de-la-historia\/","title":{"rendered":"Una edici\u00f3n con sold outs y los mejores registros de asistencia y recaudaci\u00f3n de la historia"},"content":{"rendered":"<p id=\"isPasted\"><strong>El festival baja el tel\u00f3n de la 44 edici\u00f3n con m\u00e1s de 10.000 asistentes y un incremento global del 7% en recaudaci\u00f3n, consolidando el crecimiento continuado de los \u00faltimos a\u00f1os.<\/strong><\/p>\n\n\n\n<p><strong>El festival reafirma su compromiso con el terror en catal\u00e1n con la primera edici\u00f3n del Premio para la producci\u00f3n de un cortometraje en catal\u00e1n, una iniciativa que aporta 5.000 \u20ac al proyecto ganador, que se estrenar\u00e1 en el TerrorMolins 2026.<\/strong><\/p>\n\n\n\n<p><strong>Gaua, New Group y Flush, reconocidas con los Premios del P\u00fablico de las distintas secciones de Largometrajes. Tambi\u00e9n se han dado a conocer los Premios de los concursos de Microrrelatos de Terror y el #20sTerrorMolins.<\/strong><\/p>\n\n\n\n<figure class=\"wp-block-image size-large\"><img loading=\"lazy\" decoding=\"async\" width=\"1024\" height=\"683\" src=\"https:\/\/www.molinsfilmfestival.com\/wp-content\/uploads\/2025\/11\/691c888d299726abbf48158c-1024x683.jpg\" alt=\"\" class=\"wp-image-27665\" srcset=\"https:\/\/www.molinsfilmfestival.com\/wp-content\/uploads\/2025\/11\/691c888d299726abbf48158c-1024x683.jpg 1024w, https:\/\/www.molinsfilmfestival.com\/wp-content\/uploads\/2025\/11\/691c888d299726abbf48158c-300x200.jpg 300w, https:\/\/www.molinsfilmfestival.com\/wp-content\/uploads\/2025\/11\/691c888d299726abbf48158c-768x512.jpg 768w, https:\/\/www.molinsfilmfestival.com\/wp-content\/uploads\/2025\/11\/691c888d299726abbf48158c-1536x1024.jpg 1536w, https:\/\/www.molinsfilmfestival.com\/wp-content\/uploads\/2025\/11\/691c888d299726abbf48158c-2048x1365.jpg 2048w, https:\/\/www.molinsfilmfestival.com\/wp-content\/uploads\/2025\/11\/691c888d299726abbf48158c-18x12.jpg 18w\" sizes=\"auto, (max-width: 1024px) 100vw, 1024px\" \/><figcaption class=\"wp-element-caption\"><em>La sesi\u00f3n de la Marat\u00f3n de 12 horas de terror, punto y final del TerrorMolins 2025<\/em> \u00a9 Joan Gosa 2025<\/figcaption><\/figure>\n\n\n\n<p><strong>Molinos de Rey, 19 de noviembre de 2025<\/strong>\u00a0El\u00a0<strong>Festival de Cine de Terror de Molinos de Rey\u00a0<\/strong>cierra su 44 edici\u00f3n con\u00a0<strong>cifras que confirman el crecimiento sostenido<\/strong>\u00a0del certamen en los \u00faltimos a\u00f1os. M\u00e1s de\u00a0<strong>10.000 espectadores presenciales<\/strong>\u00a0han pasado por las sedes principales del festival, desde el Teatro de La Peni hasta la sala de exposiciones Ca n&#039;Ametller o la Biblioteca El Mol\u00ed. La recaudaci\u00f3n ha experimentado un\u00a0<strong>aumento del 7% respecto al a\u00f1o anterior<\/strong>, y la ocupaci\u00f3n de todas las sesiones\u00a0<strong>ha superado los r\u00e9cords de 2024<\/strong>, que ya hab\u00edan sido los m\u00e1s altos de la historia del festival. Sesi\u00f3n tras sesi\u00f3n, t\u00edtulos como\u00a0<em>Disforia<\/em>,\u00a0<em>Gaua<\/em>,\u00a0<em>Together<\/em>,\u00a0<em>The Long Walk (La larga marcha)<\/em>\u00a0y la tradicional\u00a0<strong>Marat\u00f3n de 12 horas de terror<\/strong>\u00a0han colgado el cartel de\u00a0<em>sold out<\/em>, consolidando el festival como un espacio de entusiasmo, comunidad y pasi\u00f3n por el cine de g\u00e9nero.<\/p>\n\n\n\n<p>Adem\u00e1s de los asistentes presenciales, el festival mantiene su presencia&nbsp;<em>online&nbsp;<\/em>con la&nbsp;<strong>colecci\u00f3n 3Cat<\/strong>, que sigue disponible durante todo el a\u00f1o. Varios cortometrajes y un largometraje de terror en catal\u00e1n se han sumado este a\u00f1o, ampliando un cat\u00e1logo que combina novedades y filmes de pasadas ediciones. Este canal, creado en colaboraci\u00f3n con 3Cat, se consolida como un&nbsp;<strong>punto de referencia para el cine de terror en catal\u00e1n<\/strong>, accesible todo el a\u00f1o m\u00e1s all\u00e1 de las fechas del festival.<\/p>\n\n\n\n<p>En paralelo, TerrorMolins reafirma su compromiso con la&nbsp;<strong>creaci\u00f3n y la producci\u00f3n de cine de g\u00e9nero en catal\u00e1n<\/strong>&nbsp;con la primera edici\u00f3n del&nbsp;<strong>Premio para la producci\u00f3n de un cortometraje de terror en catal\u00e1n<\/strong>. Este a\u00f1o,&nbsp;<strong>ocho proyectos finalistas&nbsp;<\/strong>presentaron sus&nbsp;<em>pitchings&nbsp;<\/em>delante del jurado, y el proyecto ganador fue&nbsp;<em>Cuca<\/em>, escrito y dirigido por&nbsp;<strong>Adriana Galicia<\/strong>. El corto recibir\u00e1 una dotaci\u00f3n de&nbsp;<strong>5.000\u20ac para su producci\u00f3n<\/strong>&nbsp;y podremos verlo&nbsp;<strong>estrenado en TerrorMolins 2026<\/strong>, consolidando as\u00ed el festival como una plataforma que impulsa nuevos talentos y proyectos originales en el g\u00e9nero.<\/p>\n\n\n\n<p>El&nbsp;<em>leitmotiv&nbsp;<\/em>de esta edici\u00f3n ha sido el&nbsp;<strong>J-Horror<\/strong>, hilo conductor de varias sesiones. El \u00e9xito de p\u00fablico, la consolidaci\u00f3n de nuevas propuestas y el aumento de la recaudaci\u00f3n confirman que el&nbsp;<strong>TerrorMolins<\/strong>&nbsp;sigue creciendo y manteni\u00e9ndose como uno de los eventos de referencia del cine de terror a nivel nacional.<\/p>\n\n\n\n<p id=\"isPasted\"><strong>Premios de p\u00fablico.&nbsp;<\/strong>El&nbsp;<strong>Premio del P\u00fablico a la Mejor pel\u00edcula<\/strong>&nbsp;est\u00e1 perfectamente alineado con la visi\u00f3n del jurado oficial, ya que tambi\u00e9n ha ido a parar a&nbsp;<em>Gaua<\/em>, de&nbsp;<strong>Paul Urkijo<\/strong>, que ya se hab\u00eda llevado los galardones a Mejor pel\u00edcula, Mejor director y Mejores efectos especiales y maquillaje en la Secci\u00f3n Oficial de Largometrajes.<\/p>\n\n\n\n<p>En la&nbsp;<strong>Secci\u00f3n Being Different<\/strong>, el p\u00fablico ha premiado&nbsp;<em>New Group<\/em>, de&nbsp;<strong>Y\u00fbta Shimotsu<\/strong>, que suma as\u00ed un nuevo reconocimiento despu\u00e9s de haber sido distinguida por el jurado con el Premio al Mejor gui\u00f3n. En cuanto a&nbsp;<strong>Bloody Madness<\/strong>, el p\u00fablico ha decidido galardonar&nbsp;<em>Flush<\/em>, de&nbsp;<strong>Gr\u00e9gory Morin<\/strong>, filme que el jurado oficial ya hab\u00eda celebrado con los premios a Mejor pel\u00edcula y Mejor interpretaci\u00f3n para Jonathan Lambert.<\/p>\n\n\n\n<p><strong>Otros galardones.\u00a0<\/strong>El\u00a0<strong>concurso de microrrelatos del TerrorMolins<\/strong>\u00a0vuelve a demostrar la potencia del g\u00e9nero en formato brev\u00edsimo: El\u00a0<strong>Premio Institutos<\/strong>\u00a0ha sido por\u00a0<em>Perfume<\/em>, de\u00a0<strong>Patricia Livania Miranda Vega<\/strong>\u00a0(Valdemoro, Madrid), mientras que en la\u00a0<strong>categor\u00eda catalana<\/strong>\u00a0el galard\u00f3n principal ha reca\u00eddo en\u00a0<em>Que no te pasen por delante<\/em>, de\u00a0<strong>Josep Ravent\u00f3s Rebul\u00e0<\/strong>\u00a0(Molins de Rei), y el\u2019<strong>Acc\u00e9sit Catal\u00e0<\/strong>\u00a0ha sido por\u00a0<em>Post-it<\/em>, de\u00a0<strong>Mireia Aldab\u00f3 P\u00e9rez<\/strong>\u00a0(L\u00e9rida). En lengua castellana, el\u00a0<strong>Premio Castellano<\/strong>\u00a0se ha concedido a\u00a0<em>Hipnosis<\/em>, de\u00a0<strong>Juli\u00e1n S\u00e1nchez Caramazana<\/strong>\u00a0(Barcelona), con un\u00a0<strong>Acc\u00e9sit<\/strong>\u00a0para\u00a0<em>La eternidad<\/em>, de\u00a0<strong>Ra\u00fal Clavero Bl\u00e1zquez<\/strong>\u00a0(Madrid). El jurado tambi\u00e9n ha reconocido la calidad y la originalidad de los relatos finalistas:\u00a0<em>El otro ve<\/em>, de Ferran de Armengol y Galceran;\u00a0<em>Comida a domicilio<\/em>, de Sonia Mar\u00edn Ruiz;\u00a0<em>La familia del Doctor Garriga<\/em>, de IL Escudero;\u00a0<em>La tortura<\/em>, de Alejandro Schnarch Kirberg; y\u00a0<em>Matices<\/em>, de Ana Maria Abad Garcia.<\/p>\n\n\n\n<p>En cuanto al\u00a0<strong>concurso #20sTerrorMolins<\/strong>, que este a\u00f1o celebra su 10\u00aa edici\u00f3n, ha vivido una de las participaciones m\u00e1s destacadas de los \u00faltimos a\u00f1os, con\u00a0<strong>56 microcortos recibidos entre TikTok e Instagram<\/strong>. El premio principal de la\u00a0<strong>Categor\u00eda Leitmotiv \/ J-Horror<\/strong>\u00a0ha sido por\u00a0<a href=\"https:\/\/www.instagram.com\/reel\/DQed4K6CDPL\/?igsh=MTZ0NGw1bHVoemFpMg%3D%3D\"><em><u>Memoria Interna<\/u><\/em><\/a>, de\u00a0<strong>Jos\u00e9 Luis Ram\u00edrez<\/strong>\u00a0i\u00a0<strong>David Vilaplana<\/strong>\u00a0(@dioxmayafoto), una pieza que el jurado ha reconocido por su idea demoledora, la puesta en escena impecable y una fuerza visual que, en s\u00f3lo 20 segundos, demuestra que el formato sigue m\u00e1s vivo que nunca. El mismo corto tambi\u00e9n se ha llevado el galard\u00f3n a la<strong>\u00a0categor\u00eda especial Viral<\/strong>, mientras que las\u00a0<strong>Menciones especiales del jurado<\/strong>\u00a0han sido por\u00a0<a href=\"https:\/\/www.instagram.com\/reel\/DPo5khhDUdk\/?igsh=eGR0MmVkOTFrMzBy\"><em><u>LIVE<\/u><\/em><\/a>, de\u00a0<strong>Jos\u00e9 Gonzalez<\/strong>\u00a0(@sky.portalatino), y\u00a0<a href=\"https:\/\/www.instagram.com\/reel\/DQUP3-ziQ9O\/?igsh=dHk2dW1jNGZsdTZv\"><em><u>C\u00fa-C\u00fa<\/u><\/em><\/a>, de<strong>\u00a0Toni L\u00f3pez<\/strong>\u00a0(@antuanpanteras). La\u00a0<strong>Menci\u00f3n de Terror Jove<\/strong>\u00a0ha reca\u00eddo en\u00a0<a href=\"https:\/\/www.instagram.com\/reel\/DQjA89BDBws\/?igsh=MTdqeHExMzNvdDV5YQ%3D%3D\"><em><u>Videollamada Perdida<\/u><\/em><\/a>\u00a0(@artesescenicasiesohoyos), desde\u00a0<strong>IESO Valles de Gata<\/strong>, y en la\u00a0<strong>categor\u00eda IA<\/strong>, la propuesta ganadora ha sido\u00a0<a href=\"https:\/\/www.instagram.com\/p\/DQkN-hjCKeW\/\"><em><u>PROMPT: La chica no sobrevive<\/u><\/em><\/a>, tambi\u00e9n de\u00a0<strong>Jos\u00e9 Luis Ram\u00edrez<\/strong>\u00a0(@dioxmayafoto), distinguida por su uso inteligente de la tecnolog\u00eda y por la iron\u00eda con que se r\u00ede de s\u00ed misma. La\u00a0<strong>Menci\u00f3n Terror Kids<\/strong>\u00a0es por\u00a0<a href=\"https:\/\/www.tiktok.com\/@nenivelardo73\/video\/7555569125825760515?_r=1&amp;_t=ZN-91ORiJDq9J8\"><em><u>El asesino fantasmal dormir\u00e1 contigo<\/u><\/em><\/a>, de\u2019<strong>Ariadna A., Eulalia C.<\/strong>\u00a0i\u00a0<strong>Carlota L.<\/strong>\u00a0(@nenivelardo73).<\/p>\n\n\n\n<p><\/p>","protected":false},"excerpt":{"rendered":"<p>El festival baja el tel\u00f3n de la 44 edici\u00f3n con m\u00e1s de 10.000 asistentes y un incremento global del 7% en recaudaci\u00f3n, consolidando el crecimiento continuado de los \u00faltimos a\u00f1os. El festival reafirma su compromiso con el terror en catal\u00e1n con la primera edici\u00f3n del Premio para la producci\u00f3n de un cortometraje en catal\u00e1n, [...]<\/p>","protected":false},"author":1,"featured_media":0,"comment_status":"closed","ping_status":"closed","sticky":false,"template":"","format":"standard","meta":{"_acf_changed":false,"footnotes":""},"categories":[152,56],"tags":[],"class_list":["post-27664","post","type-post","status-publish","format-standard","hentry","category-44-edicio-2025","category-destacats"],"acf":[],"yoast_head":"<!-- This site is optimized with the Yoast SEO plugin v26.4 - https:\/\/yoast.com\/wordpress\/plugins\/seo\/ -->\n<title>Una edici\u00f3 amb sold outs i els millors registres d\u2019assist\u00e8ncia i recaptaci\u00f3 de la hist\u00f2ria | Molins Horror Film Festival<\/title>\n<meta name=\"robots\" content=\"index, follow, max-snippet:-1, max-image-preview:large, max-video-preview:-1\" \/>\n<link rel=\"canonical\" href=\"https:\/\/www.molinsfilmfestival.com\/esp\/2025\/11\/20\/una-edicio-amb-sold-outs-i-els-millors-registres-dassistencia-i-recaptacio-de-la-historia\/\" \/>\n<meta property=\"og:locale\" content=\"es_ES\" \/>\n<meta property=\"og:type\" content=\"article\" \/>\n<meta property=\"og:title\" content=\"Una edici\u00f3 amb sold outs i els millors registres d\u2019assist\u00e8ncia i recaptaci\u00f3 de la hist\u00f2ria | Molins Horror Film Festival\" \/>\n<meta property=\"og:description\" content=\"El festival abaixa el tel\u00f3 de la 44a edici\u00f3 amb m\u00e9s de 10.000 assistents i un increment global del 7% en recaptaci\u00f3, consolidant el creixement continuat dels \u00faltims anys. El festival reafirma el seu comprom\u00eds amb el terror en catal\u00e0 amb la primera edici\u00f3 del Premi per a la producci\u00f3 d\u2019un curtmetratge en catal\u00e0, una [&hellip;]\" \/>\n<meta property=\"og:url\" content=\"https:\/\/www.molinsfilmfestival.com\/esp\/2025\/11\/20\/una-edicio-amb-sold-outs-i-els-millors-registres-dassistencia-i-recaptacio-de-la-historia\/\" \/>\n<meta property=\"og:site_name\" content=\"Molins Horror Film Festival\" \/>\n<meta property=\"article:published_time\" content=\"2025-11-20T10:00:00+00:00\" \/>\n<meta property=\"article:modified_time\" content=\"2026-03-31T15:52:19+00:00\" \/>\n<meta property=\"og:image\" content=\"https:\/\/www.molinsfilmfestival.com\/wp-content\/uploads\/2025\/11\/691c888d299726abbf48158c-scaled.jpg\" \/>\n\t<meta property=\"og:image:width\" content=\"2560\" \/>\n\t<meta property=\"og:image:height\" content=\"1706\" \/>\n\t<meta property=\"og:image:type\" content=\"image\/jpeg\" \/>\n<meta name=\"author\" content=\"terrormolins\" \/>\n<meta name=\"twitter:card\" content=\"summary_large_image\" \/>\n<meta name=\"twitter:label1\" content=\"Escrito por\" \/>\n\t<meta name=\"twitter:data1\" content=\"terrormolins\" \/>\n\t<meta name=\"twitter:label2\" content=\"Tiempo de lectura\" \/>\n\t<meta name=\"twitter:data2\" content=\"6 minutos\" \/>\n<script type=\"application\/ld+json\" class=\"yoast-schema-graph\">{\"@context\":\"https:\/\/schema.org\",\"@graph\":[{\"@type\":\"Article\",\"@id\":\"https:\/\/www.molinsfilmfestival.com\/2025\/11\/20\/una-edicio-amb-sold-outs-i-els-millors-registres-dassistencia-i-recaptacio-de-la-historia\/#article\",\"isPartOf\":{\"@id\":\"https:\/\/www.molinsfilmfestival.com\/2025\/11\/20\/una-edicio-amb-sold-outs-i-els-millors-registres-dassistencia-i-recaptacio-de-la-historia\/\"},\"author\":{\"name\":\"terrormolins\",\"@id\":\"https:\/\/www.molinsfilmfestival.com\/#\/schema\/person\/9d664b50116f871b0cb00fa43b2527dd\"},\"headline\":\"Una edici\u00f3 amb sold outs i els millors registres d\u2019assist\u00e8ncia i recaptaci\u00f3 de la hist\u00f2ria\",\"datePublished\":\"2025-11-20T10:00:00+00:00\",\"dateModified\":\"2026-03-31T15:52:19+00:00\",\"mainEntityOfPage\":{\"@id\":\"https:\/\/www.molinsfilmfestival.com\/2025\/11\/20\/una-edicio-amb-sold-outs-i-els-millors-registres-dassistencia-i-recaptacio-de-la-historia\/\"},\"wordCount\":1069,\"publisher\":{\"@id\":\"https:\/\/www.molinsfilmfestival.com\/#organization\"},\"image\":{\"@id\":\"https:\/\/www.molinsfilmfestival.com\/2025\/11\/20\/una-edicio-amb-sold-outs-i-els-millors-registres-dassistencia-i-recaptacio-de-la-historia\/#primaryimage\"},\"thumbnailUrl\":\"https:\/\/www.molinsfilmfestival.com\/wp-content\/uploads\/2025\/11\/691c888d299726abbf48158c-1024x683.jpg\",\"articleSection\":[\"44 Edici\u00f3 2025\",\"Destacats\"],\"inLanguage\":\"es\"},{\"@type\":\"WebPage\",\"@id\":\"https:\/\/www.molinsfilmfestival.com\/2025\/11\/20\/una-edicio-amb-sold-outs-i-els-millors-registres-dassistencia-i-recaptacio-de-la-historia\/\",\"url\":\"https:\/\/www.molinsfilmfestival.com\/2025\/11\/20\/una-edicio-amb-sold-outs-i-els-millors-registres-dassistencia-i-recaptacio-de-la-historia\/\",\"name\":\"Una edici\u00f3 amb sold outs i els millors registres d\u2019assist\u00e8ncia i recaptaci\u00f3 de la hist\u00f2ria | Molins Horror Film Festival\",\"isPartOf\":{\"@id\":\"https:\/\/www.molinsfilmfestival.com\/#website\"},\"primaryImageOfPage\":{\"@id\":\"https:\/\/www.molinsfilmfestival.com\/2025\/11\/20\/una-edicio-amb-sold-outs-i-els-millors-registres-dassistencia-i-recaptacio-de-la-historia\/#primaryimage\"},\"image\":{\"@id\":\"https:\/\/www.molinsfilmfestival.com\/2025\/11\/20\/una-edicio-amb-sold-outs-i-els-millors-registres-dassistencia-i-recaptacio-de-la-historia\/#primaryimage\"},\"thumbnailUrl\":\"https:\/\/www.molinsfilmfestival.com\/wp-content\/uploads\/2025\/11\/691c888d299726abbf48158c-1024x683.jpg\",\"datePublished\":\"2025-11-20T10:00:00+00:00\",\"dateModified\":\"2026-03-31T15:52:19+00:00\",\"breadcrumb\":{\"@id\":\"https:\/\/www.molinsfilmfestival.com\/2025\/11\/20\/una-edicio-amb-sold-outs-i-els-millors-registres-dassistencia-i-recaptacio-de-la-historia\/#breadcrumb\"},\"inLanguage\":\"es\",\"potentialAction\":[{\"@type\":\"ReadAction\",\"target\":[\"https:\/\/www.molinsfilmfestival.com\/2025\/11\/20\/una-edicio-amb-sold-outs-i-els-millors-registres-dassistencia-i-recaptacio-de-la-historia\/\"]}]},{\"@type\":\"ImageObject\",\"inLanguage\":\"es\",\"@id\":\"https:\/\/www.molinsfilmfestival.com\/2025\/11\/20\/una-edicio-amb-sold-outs-i-els-millors-registres-dassistencia-i-recaptacio-de-la-historia\/#primaryimage\",\"url\":\"https:\/\/www.molinsfilmfestival.com\/wp-content\/uploads\/2025\/11\/691c888d299726abbf48158c-1024x683.jpg\",\"contentUrl\":\"https:\/\/www.molinsfilmfestival.com\/wp-content\/uploads\/2025\/11\/691c888d299726abbf48158c-1024x683.jpg\"},{\"@type\":\"BreadcrumbList\",\"@id\":\"https:\/\/www.molinsfilmfestival.com\/2025\/11\/20\/una-edicio-amb-sold-outs-i-els-millors-registres-dassistencia-i-recaptacio-de-la-historia\/#breadcrumb\",\"itemListElement\":[{\"@type\":\"ListItem\",\"position\":1,\"name\":\"Inici\",\"item\":\"https:\/\/www.molinsfilmfestival.com\/\"},{\"@type\":\"ListItem\",\"position\":2,\"name\":\"Una edici\u00f3 amb sold outs i els millors registres d\u2019assist\u00e8ncia i recaptaci\u00f3 de la hist\u00f2ria\"}]},{\"@type\":\"WebSite\",\"@id\":\"https:\/\/www.molinsfilmfestival.com\/#website\",\"url\":\"https:\/\/www.molinsfilmfestival.com\/\",\"name\":\"Molins Horror Film Festival\",\"description\":\"Festival de Cine de Terror de Molins de Rei\",\"publisher\":{\"@id\":\"https:\/\/www.molinsfilmfestival.com\/#organization\"},\"potentialAction\":[{\"@type\":\"SearchAction\",\"target\":{\"@type\":\"EntryPoint\",\"urlTemplate\":\"https:\/\/www.molinsfilmfestival.com\/?s={search_term_string}\"},\"query-input\":{\"@type\":\"PropertyValueSpecification\",\"valueRequired\":true,\"valueName\":\"search_term_string\"}}],\"inLanguage\":\"es\"},{\"@type\":\"Organization\",\"@id\":\"https:\/\/www.molinsfilmfestival.com\/#organization\",\"name\":\"Molins Horror Film Festival\",\"url\":\"https:\/\/www.molinsfilmfestival.com\/\",\"logo\":{\"@type\":\"ImageObject\",\"inLanguage\":\"es\",\"@id\":\"https:\/\/www.molinsfilmfestival.com\/#\/schema\/logo\/image\/\",\"url\":\"https:\/\/www.molinsfilmfestival.com\/wp-content\/uploads\/2025\/05\/terrormolins_logo.svg\",\"contentUrl\":\"https:\/\/www.molinsfilmfestival.com\/wp-content\/uploads\/2025\/05\/terrormolins_logo.svg\",\"caption\":\"Molins Horror Film Festival\"},\"image\":{\"@id\":\"https:\/\/www.molinsfilmfestival.com\/#\/schema\/logo\/image\/\"}},{\"@type\":\"Person\",\"@id\":\"https:\/\/www.molinsfilmfestival.com\/#\/schema\/person\/9d664b50116f871b0cb00fa43b2527dd\",\"name\":\"terrormolins\",\"image\":{\"@type\":\"ImageObject\",\"inLanguage\":\"es\",\"@id\":\"https:\/\/www.molinsfilmfestival.com\/#\/schema\/person\/image\/\",\"url\":\"https:\/\/secure.gravatar.com\/avatar\/591ccac8e3772fe3891dbd3892fd2232dbe1beb33ebbae4b228747f35168dcc6?s=96&d=mm&r=g\",\"contentUrl\":\"https:\/\/secure.gravatar.com\/avatar\/591ccac8e3772fe3891dbd3892fd2232dbe1beb33ebbae4b228747f35168dcc6?s=96&d=mm&r=g\",\"caption\":\"terrormolins\"},\"sameAs\":[\"https:\/\/temporal.molinsfilmfestival.com\"],\"url\":\"https:\/\/www.molinsfilmfestival.com\/esp\/author\/terrormolins\/\"}]}<\/script>\n<!-- \/ Yoast SEO plugin. -->","yoast_head_json":{"title":"Una edici\u00f3n con sold outs y los mejores registros de asistencia y recaudaci\u00f3n de la historia | Molinos Horror Film Festival","robots":{"index":"index","follow":"follow","max-snippet":"max-snippet:-1","max-image-preview":"max-image-preview:large","max-video-preview":"max-video-preview:-1"},"canonical":"https:\/\/www.molinsfilmfestival.com\/esp\/2025\/11\/20\/una-edicio-amb-sold-outs-i-els-millors-registres-dassistencia-i-recaptacio-de-la-historia\/","og_locale":"es_ES","og_type":"article","og_title":"Una edici\u00f3 amb sold outs i els millors registres d\u2019assist\u00e8ncia i recaptaci\u00f3 de la hist\u00f2ria | Molins Horror Film Festival","og_description":"El festival abaixa el tel\u00f3 de la 44a edici\u00f3 amb m\u00e9s de 10.000 assistents i un increment global del 7% en recaptaci\u00f3, consolidant el creixement continuat dels \u00faltims anys. El festival reafirma el seu comprom\u00eds amb el terror en catal\u00e0 amb la primera edici\u00f3 del Premi per a la producci\u00f3 d\u2019un curtmetratge en catal\u00e0, una [&hellip;]","og_url":"https:\/\/www.molinsfilmfestival.com\/esp\/2025\/11\/20\/una-edicio-amb-sold-outs-i-els-millors-registres-dassistencia-i-recaptacio-de-la-historia\/","og_site_name":"Molins Horror Film Festival","article_published_time":"2025-11-20T10:00:00+00:00","article_modified_time":"2026-03-31T15:52:19+00:00","og_image":[{"width":2560,"height":1706,"url":"https:\/\/www.molinsfilmfestival.com\/wp-content\/uploads\/2025\/11\/691c888d299726abbf48158c-scaled.jpg","type":"image\/jpeg"}],"author":"terrormolins","twitter_card":"summary_large_image","twitter_misc":{"Escrito por":"terrormolins","Tiempo de lectura":"6 minutos"},"schema":{"@context":"https:\/\/schema.org","@graph":[{"@type":"Article","@id":"https:\/\/www.molinsfilmfestival.com\/2025\/11\/20\/una-edicio-amb-sold-outs-i-els-millors-registres-dassistencia-i-recaptacio-de-la-historia\/#article","isPartOf":{"@id":"https:\/\/www.molinsfilmfestival.com\/2025\/11\/20\/una-edicio-amb-sold-outs-i-els-millors-registres-dassistencia-i-recaptacio-de-la-historia\/"},"author":{"name":"terrormolins","@id":"https:\/\/www.molinsfilmfestival.com\/#\/schema\/person\/9d664b50116f871b0cb00fa43b2527dd"},"headline":"Una edici\u00f3 amb sold outs i els millors registres d\u2019assist\u00e8ncia i recaptaci\u00f3 de la hist\u00f2ria","datePublished":"2025-11-20T10:00:00+00:00","dateModified":"2026-03-31T15:52:19+00:00","mainEntityOfPage":{"@id":"https:\/\/www.molinsfilmfestival.com\/2025\/11\/20\/una-edicio-amb-sold-outs-i-els-millors-registres-dassistencia-i-recaptacio-de-la-historia\/"},"wordCount":1069,"publisher":{"@id":"https:\/\/www.molinsfilmfestival.com\/#organization"},"image":{"@id":"https:\/\/www.molinsfilmfestival.com\/2025\/11\/20\/una-edicio-amb-sold-outs-i-els-millors-registres-dassistencia-i-recaptacio-de-la-historia\/#primaryimage"},"thumbnailUrl":"https:\/\/www.molinsfilmfestival.com\/wp-content\/uploads\/2025\/11\/691c888d299726abbf48158c-1024x683.jpg","articleSection":["44 Edici\u00f3 2025","Destacats"],"inLanguage":"es"},{"@type":"WebPage","@id":"https:\/\/www.molinsfilmfestival.com\/2025\/11\/20\/una-edicio-amb-sold-outs-i-els-millors-registres-dassistencia-i-recaptacio-de-la-historia\/","url":"https:\/\/www.molinsfilmfestival.com\/2025\/11\/20\/una-edicio-amb-sold-outs-i-els-millors-registres-dassistencia-i-recaptacio-de-la-historia\/","name":"Una edici\u00f3n con sold outs y los mejores registros de asistencia y recaudaci\u00f3n de la historia | Molinos Horror Film Festival","isPartOf":{"@id":"https:\/\/www.molinsfilmfestival.com\/#website"},"primaryImageOfPage":{"@id":"https:\/\/www.molinsfilmfestival.com\/2025\/11\/20\/una-edicio-amb-sold-outs-i-els-millors-registres-dassistencia-i-recaptacio-de-la-historia\/#primaryimage"},"image":{"@id":"https:\/\/www.molinsfilmfestival.com\/2025\/11\/20\/una-edicio-amb-sold-outs-i-els-millors-registres-dassistencia-i-recaptacio-de-la-historia\/#primaryimage"},"thumbnailUrl":"https:\/\/www.molinsfilmfestival.com\/wp-content\/uploads\/2025\/11\/691c888d299726abbf48158c-1024x683.jpg","datePublished":"2025-11-20T10:00:00+00:00","dateModified":"2026-03-31T15:52:19+00:00","breadcrumb":{"@id":"https:\/\/www.molinsfilmfestival.com\/2025\/11\/20\/una-edicio-amb-sold-outs-i-els-millors-registres-dassistencia-i-recaptacio-de-la-historia\/#breadcrumb"},"inLanguage":"es","potentialAction":[{"@type":"ReadAction","target":["https:\/\/www.molinsfilmfestival.com\/2025\/11\/20\/una-edicio-amb-sold-outs-i-els-millors-registres-dassistencia-i-recaptacio-de-la-historia\/"]}]},{"@type":"ImageObject","inLanguage":"es","@id":"https:\/\/www.molinsfilmfestival.com\/2025\/11\/20\/una-edicio-amb-sold-outs-i-els-millors-registres-dassistencia-i-recaptacio-de-la-historia\/#primaryimage","url":"https:\/\/www.molinsfilmfestival.com\/wp-content\/uploads\/2025\/11\/691c888d299726abbf48158c-1024x683.jpg","contentUrl":"https:\/\/www.molinsfilmfestival.com\/wp-content\/uploads\/2025\/11\/691c888d299726abbf48158c-1024x683.jpg"},{"@type":"BreadcrumbList","@id":"https:\/\/www.molinsfilmfestival.com\/2025\/11\/20\/una-edicio-amb-sold-outs-i-els-millors-registres-dassistencia-i-recaptacio-de-la-historia\/#breadcrumb","itemListElement":[{"@type":"ListItem","position":1,"name":"Inici","item":"https:\/\/www.molinsfilmfestival.com\/"},{"@type":"ListItem","position":2,"name":"Una edici\u00f3 amb sold outs i els millors registres d\u2019assist\u00e8ncia i recaptaci\u00f3 de la hist\u00f2ria"}]},{"@type":"WebSite","@id":"https:\/\/www.molinsfilmfestival.com\/#website","url":"https:\/\/www.molinsfilmfestival.com\/","name":"Molinos Horror Film Festival","description":"Festival de Cine de Terror de Molinos de Rey","publisher":{"@id":"https:\/\/www.molinsfilmfestival.com\/#organization"},"potentialAction":[{"@type":"SearchAction","target":{"@type":"EntryPoint","urlTemplate":"https:\/\/www.molinsfilmfestival.com\/?s={search_term_string}"},"query-input":{"@type":"PropertyValueSpecification","valueRequired":true,"valueName":"search_term_string"}}],"inLanguage":"es"},{"@type":"Organization","@id":"https:\/\/www.molinsfilmfestival.com\/#organization","name":"Molinos Horror Film Festival","url":"https:\/\/www.molinsfilmfestival.com\/","logo":{"@type":"ImageObject","inLanguage":"es","@id":"https:\/\/www.molinsfilmfestival.com\/#\/schema\/logo\/image\/","url":"https:\/\/www.molinsfilmfestival.com\/wp-content\/uploads\/2025\/05\/terrormolins_logo.svg","contentUrl":"https:\/\/www.molinsfilmfestival.com\/wp-content\/uploads\/2025\/05\/terrormolins_logo.svg","caption":"Molins Horror Film Festival"},"image":{"@id":"https:\/\/www.molinsfilmfestival.com\/#\/schema\/logo\/image\/"}},{"@type":"Person","@id":"https:\/\/www.molinsfilmfestival.com\/#\/schema\/person\/9d664b50116f871b0cb00fa43b2527dd","name":"terrormolinos","image":{"@type":"ImageObject","inLanguage":"es","@id":"https:\/\/www.molinsfilmfestival.com\/#\/schema\/person\/image\/","url":"https:\/\/secure.gravatar.com\/avatar\/591ccac8e3772fe3891dbd3892fd2232dbe1beb33ebbae4b228747f35168dcc6?s=96&d=mm&r=g","contentUrl":"https:\/\/secure.gravatar.com\/avatar\/591ccac8e3772fe3891dbd3892fd2232dbe1beb33ebbae4b228747f35168dcc6?s=96&d=mm&r=g","caption":"terrormolins"},"sameAs":["https:\/\/temporal.molinsfilmfestival.com"],"url":"https:\/\/www.molinsfilmfestival.com\/esp\/author\/terrormolins\/"}]}},"_links":{"self":[{"href":"https:\/\/www.molinsfilmfestival.com\/esp\/wp-json\/wp\/v2\/posts\/27664","targetHints":{"allow":["GET"]}}],"collection":[{"href":"https:\/\/www.molinsfilmfestival.com\/esp\/wp-json\/wp\/v2\/posts"}],"about":[{"href":"https:\/\/www.molinsfilmfestival.com\/esp\/wp-json\/wp\/v2\/types\/post"}],"author":[{"embeddable":true,"href":"https:\/\/www.molinsfilmfestival.com\/esp\/wp-json\/wp\/v2\/users\/1"}],"replies":[{"embeddable":true,"href":"https:\/\/www.molinsfilmfestival.com\/esp\/wp-json\/wp\/v2\/comments?post=27664"}],"version-history":[{"count":1,"href":"https:\/\/www.molinsfilmfestival.com\/esp\/wp-json\/wp\/v2\/posts\/27664\/revisions"}],"predecessor-version":[{"id":27666,"href":"https:\/\/www.molinsfilmfestival.com\/esp\/wp-json\/wp\/v2\/posts\/27664\/revisions\/27666"}],"wp:attachment":[{"href":"https:\/\/www.molinsfilmfestival.com\/esp\/wp-json\/wp\/v2\/media?parent=27664"}],"wp:term":[{"taxonomy":"category","embeddable":true,"href":"https:\/\/www.molinsfilmfestival.com\/esp\/wp-json\/wp\/v2\/categories?post=27664"},{"taxonomy":"post_tag","embeddable":true,"href":"https:\/\/www.molinsfilmfestival.com\/esp\/wp-json\/wp\/v2\/tags?post=27664"}],"curies":[{"name":"wp","href":"https:\/\/api.w.org\/{rel}","templated":true}]}}