{"id":27914,"date":"2026-08-31T10:30:00","date_gmt":"2026-08-31T08:30:00","guid":{"rendered":"https:\/\/www.molinsfilmfestival.com\/?p=27914"},"modified":"2026-08-31T00:02:09","modified_gmt":"2026-08-30T22:02:09","slug":"premi-angoixa-2026-ultims-dies-per-presentar-el-teu-projecte-de-curt-en-llengua-catalana","status":"publish","type":"post","link":"https:\/\/www.molinsfilmfestival.com\/esp\/2026\/08\/31\/premi-angoixa-2026-ultims-dies-per-presentar-el-teu-projecte-de-curt-en-llengua-catalana\/","title":{"rendered":"Premio ANGUSTIA 2026: \u00a1\u00daltimos d\u00edas para presentar tu proyecto de corto en lengua catalana!"},"content":{"rendered":"<p class=\"wp-block-paragraph\" id=\"isPasted\"><em><strong>Tu historia de terror puede llegar a la pantalla<\/strong><\/em><\/p>\n\n\n\n<figure class=\"wp-block-image size-large\"><img loading=\"lazy\" decoding=\"async\" width=\"1024\" height=\"576\" src=\"https:\/\/www.molinsfilmfestival.com\/wp-content\/uploads\/2026\/08\/PremiAngoixa-1024x576.jpg\" alt=\"\" class=\"wp-image-27916\" srcset=\"https:\/\/www.molinsfilmfestival.com\/wp-content\/uploads\/2026\/08\/PremiAngoixa-1024x576.jpg 1024w, https:\/\/www.molinsfilmfestival.com\/wp-content\/uploads\/2026\/08\/PremiAngoixa-300x169.jpg 300w, https:\/\/www.molinsfilmfestival.com\/wp-content\/uploads\/2026\/08\/PremiAngoixa-768x432.jpg 768w, https:\/\/www.molinsfilmfestival.com\/wp-content\/uploads\/2026\/08\/PremiAngoixa-1536x864.jpg 1536w, https:\/\/www.molinsfilmfestival.com\/wp-content\/uploads\/2026\/08\/PremiAngoixa-18x10.jpg 18w, https:\/\/www.molinsfilmfestival.com\/wp-content\/uploads\/2026\/08\/PremiAngoixa.jpg 1921w\" sizes=\"auto, (max-width: 1024px) 100vw, 1024px\" \/><\/figure>\n\n\n\n<p class=\"wp-block-paragraph\"><strong>La convocatoria del <a href=\"https:\/\/www.molinsfilmfestival.com\/esp\/industria\/\">Premio ANGUSTIA 2026<\/a> entra en la recta final.<\/strong> Si est\u00e1s desarrollando un proyecto de cortometraje de terror en lengua catalana, todav\u00eda est\u00e1s a tiempo de presentarlo.\u00a0<\/p>\n\n\n\n<p class=\"wp-block-paragraph\">El proyecto ganador recibir\u00e1:<\/p>\n\n\n\n<p class=\"wp-block-paragraph\"><strong>Nace oficialmente el Premio Angustia: impulsando el terror catal\u00e1n<\/strong><\/p>\n\n\n\n<ul class=\"wp-block-list\">\n<li><strong>5.000 \u20ac para la producci\u00f3n<\/strong>, otorgados por el Festival de Cine de Terror de Molins de Rei.<\/li>\n\n\n\n<li><strong>5.000 \u20ac adicionales para la producci\u00f3n<\/strong>, ofrecidos por <a href=\"https:\/\/www.aldaproductions.es\/\">ALDA Productions<\/a>.<\/li>\n\n\n\n<li><strong>700 \u20ac en material de alquiler<\/strong>, ofrecido por <a href=\"https:\/\/nrd.es\/\">NRD Multimedia<\/a>.<\/li>\n\n\n\n<li><strong>La composici\u00f3n y producci\u00f3n de la banda sonora original<\/strong>, oferta por <a href=\"https:\/\/studioslamasia.com\/\">LA MASIA STUDIOS<\/a>.<\/li>\n\n\n\n<li>Adem\u00e1s, LA MASIA STUDIOS ofrecer\u00e1 a los otros cortometrajes finalistas uno <strong>bonus valorado en 250\u20ac para el sonido directo del rodaje<\/strong>.<\/li>\n<\/ul>\n\n\n\n<p class=\"wp-block-paragraph\"><strong>El proyecto ganador se estrenar\u00e1 en el marco del Festival de 2027.<\/strong><\/p>\n\n\n\n<p class=\"wp-block-paragraph\">Si tienes una historia que merece ver la luz, o la oscuridad, ese es el momento.<\/p>\n\n\n\n<p class=\"wp-block-paragraph\"><strong>FECHA L\u00cdMITE: 21 DE SEPTIEMBRE DE 2026<\/strong><\/p>\n\n\n\n<figure class=\"wp-block-table\"><table class=\"has-fixed-layout\"><tbody><tr><td class=\"has-text-align-center\" data-align=\"center\"><a href=\"https:\/\/www.molinsfilmfestival.com\/wp-content\/uploads\/2026\/08\/Bases-Premi-projecte-de-produccio-curt-en-CAT-2026.pdf\" target=\"_blank\" rel=\"noreferrer noopener\">Bases<\/a><\/td><\/tr><\/tbody><\/table><\/figure>\n\n\n\n<p class=\"wp-block-paragraph\">&nbsp;<\/p>","protected":false},"excerpt":{"rendered":"<p>La teva hist\u00f2ria de terror pot arribar a la pantalla La convocat\u00f2ria del Premi ANGOIXA 2026 entra a la recta final. Si est\u00e0s desenvolupant un projecte de curtmetratge de terror en llengua catalana, encara ets a temps de presentar-lo.\u00a0 El projecte guanyador rebr\u00e0: Neix oficialment el Premi Angoixa: impulsant el terror catal\u00e0 El projecte guanyador [&hellip;]<\/p>\n","protected":false},"author":1,"featured_media":0,"comment_status":"closed","ping_status":"closed","sticky":false,"template":"","format":"standard","meta":{"_acf_changed":false,"footnotes":""},"categories":[245,56,99],"tags":[],"class_list":["post-27914","post","type-post","status-publish","format-standard","hentry","category-45-edicio-2026","category-destacats","category-industria-ca"],"acf":[],"yoast_head":"<!-- This site is optimized with the Yoast SEO plugin v28.3 - https:\/\/yoast.com\/product\/yoast-seo-wordpress\/ -->\n<title>Premi ANGOIXA 2026: \u00daltims dies per presentar el teu projecte de curt en llengua catalana! | Molins Horror Film Festival<\/title>\n<meta name=\"robots\" content=\"index, follow, max-snippet:-1, max-image-preview:large, max-video-preview:-1\" \/>\n<link rel=\"canonical\" href=\"https:\/\/www.molinsfilmfestival.com\/esp\/2026\/08\/31\/premi-angoixa-2026-ultims-dies-per-presentar-el-teu-projecte-de-curt-en-llengua-catalana\/\" \/>\n<meta property=\"og:locale\" content=\"es_ES\" \/>\n<meta property=\"og:type\" content=\"article\" \/>\n<meta property=\"og:title\" content=\"Premi ANGOIXA 2026: \u00daltims dies per presentar el teu projecte de curt en llengua catalana! | Molins Horror Film Festival\" \/>\n<meta property=\"og:description\" content=\"La teva hist\u00f2ria de terror pot arribar a la pantalla La convocat\u00f2ria del Premi ANGOIXA 2026 entra a la recta final. Si est\u00e0s desenvolupant un projecte de curtmetratge de terror en llengua catalana, encara ets a temps de presentar-lo.\u00a0 El projecte guanyador rebr\u00e0: Neix oficialment el Premi Angoixa: impulsant el terror catal\u00e0 El projecte guanyador [&hellip;]\" \/>\n<meta property=\"og:url\" content=\"https:\/\/www.molinsfilmfestival.com\/esp\/2026\/08\/31\/premi-angoixa-2026-ultims-dies-per-presentar-el-teu-projecte-de-curt-en-llengua-catalana\/\" \/>\n<meta property=\"og:site_name\" content=\"Molins Horror Film Festival\" \/>\n<meta property=\"article:published_time\" content=\"2026-08-31T08:30:00+00:00\" \/>\n<meta property=\"og:image\" content=\"https:\/\/www.molinsfilmfestival.com\/wp-content\/uploads\/2026\/08\/PremiAngoixa.jpg\" \/>\n\t<meta property=\"og:image:width\" content=\"1921\" \/>\n\t<meta property=\"og:image:height\" content=\"1081\" \/>\n\t<meta property=\"og:image:type\" content=\"image\/jpeg\" \/>\n<meta name=\"author\" content=\"terrormolins\" \/>\n<meta name=\"twitter:card\" content=\"summary_large_image\" \/>\n<meta name=\"twitter:label1\" content=\"Escrito por\" \/>\n\t<meta name=\"twitter:data1\" content=\"terrormolins\" \/>\n\t<meta name=\"twitter:label2\" content=\"Tiempo de lectura\" \/>\n\t<meta name=\"twitter:data2\" content=\"2 minutos\" \/>\n<script type=\"application\/ld+json\" class=\"yoast-schema-graph\">{\"@context\":\"https:\\\/\\\/schema.org\",\"@graph\":[{\"@type\":\"Article\",\"@id\":\"https:\\\/\\\/www.molinsfilmfestival.com\\\/2026\\\/08\\\/31\\\/premi-angoixa-2026-ultims-dies-per-presentar-el-teu-projecte-de-curt-en-llengua-catalana\\\/#article\",\"isPartOf\":{\"@id\":\"https:\\\/\\\/www.molinsfilmfestival.com\\\/2026\\\/08\\\/31\\\/premi-angoixa-2026-ultims-dies-per-presentar-el-teu-projecte-de-curt-en-llengua-catalana\\\/\"},\"author\":{\"name\":\"terrormolins\",\"@id\":\"https:\\\/\\\/www.molinsfilmfestival.com\\\/#\\\/schema\\\/person\\\/9d664b50116f871b0cb00fa43b2527dd\"},\"headline\":\"Premi ANGOIXA 2026: \u00daltims dies per presentar el teu projecte de curt en llengua catalana!\",\"datePublished\":\"2026-08-31T08:30:00+00:00\",\"mainEntityOfPage\":{\"@id\":\"https:\\\/\\\/www.molinsfilmfestival.com\\\/2026\\\/08\\\/31\\\/premi-angoixa-2026-ultims-dies-per-presentar-el-teu-projecte-de-curt-en-llengua-catalana\\\/\"},\"wordCount\":171,\"publisher\":{\"@id\":\"https:\\\/\\\/www.molinsfilmfestival.com\\\/#organization\"},\"image\":{\"@id\":\"https:\\\/\\\/www.molinsfilmfestival.com\\\/2026\\\/08\\\/31\\\/premi-angoixa-2026-ultims-dies-per-presentar-el-teu-projecte-de-curt-en-llengua-catalana\\\/#primaryimage\"},\"thumbnailUrl\":\"https:\\\/\\\/www.molinsfilmfestival.com\\\/wp-content\\\/uploads\\\/2026\\\/08\\\/PremiAngoixa-1024x576.jpg\",\"articleSection\":[\"45 Edici\u00f3 2026\",\"Destacats\",\"Ind\u00fastria\"],\"inLanguage\":\"es\"},{\"@type\":\"WebPage\",\"@id\":\"https:\\\/\\\/www.molinsfilmfestival.com\\\/2026\\\/08\\\/31\\\/premi-angoixa-2026-ultims-dies-per-presentar-el-teu-projecte-de-curt-en-llengua-catalana\\\/\",\"url\":\"https:\\\/\\\/www.molinsfilmfestival.com\\\/2026\\\/08\\\/31\\\/premi-angoixa-2026-ultims-dies-per-presentar-el-teu-projecte-de-curt-en-llengua-catalana\\\/\",\"name\":\"Premi ANGOIXA 2026: \u00daltims dies per presentar el teu projecte de curt en llengua catalana! | Molins Horror Film Festival\",\"isPartOf\":{\"@id\":\"https:\\\/\\\/www.molinsfilmfestival.com\\\/#website\"},\"primaryImageOfPage\":{\"@id\":\"https:\\\/\\\/www.molinsfilmfestival.com\\\/2026\\\/08\\\/31\\\/premi-angoixa-2026-ultims-dies-per-presentar-el-teu-projecte-de-curt-en-llengua-catalana\\\/#primaryimage\"},\"image\":{\"@id\":\"https:\\\/\\\/www.molinsfilmfestival.com\\\/2026\\\/08\\\/31\\\/premi-angoixa-2026-ultims-dies-per-presentar-el-teu-projecte-de-curt-en-llengua-catalana\\\/#primaryimage\"},\"thumbnailUrl\":\"https:\\\/\\\/www.molinsfilmfestival.com\\\/wp-content\\\/uploads\\\/2026\\\/08\\\/PremiAngoixa-1024x576.jpg\",\"datePublished\":\"2026-08-31T08:30:00+00:00\",\"breadcrumb\":{\"@id\":\"https:\\\/\\\/www.molinsfilmfestival.com\\\/2026\\\/08\\\/31\\\/premi-angoixa-2026-ultims-dies-per-presentar-el-teu-projecte-de-curt-en-llengua-catalana\\\/#breadcrumb\"},\"inLanguage\":\"es\",\"potentialAction\":[{\"@type\":\"ReadAction\",\"target\":[\"https:\\\/\\\/www.molinsfilmfestival.com\\\/2026\\\/08\\\/31\\\/premi-angoixa-2026-ultims-dies-per-presentar-el-teu-projecte-de-curt-en-llengua-catalana\\\/\"]}]},{\"@type\":\"ImageObject\",\"inLanguage\":\"es\",\"@id\":\"https:\\\/\\\/www.molinsfilmfestival.com\\\/2026\\\/08\\\/31\\\/premi-angoixa-2026-ultims-dies-per-presentar-el-teu-projecte-de-curt-en-llengua-catalana\\\/#primaryimage\",\"url\":\"https:\\\/\\\/www.molinsfilmfestival.com\\\/wp-content\\\/uploads\\\/2026\\\/08\\\/PremiAngoixa-1024x576.jpg\",\"contentUrl\":\"https:\\\/\\\/www.molinsfilmfestival.com\\\/wp-content\\\/uploads\\\/2026\\\/08\\\/PremiAngoixa-1024x576.jpg\"},{\"@type\":\"BreadcrumbList\",\"@id\":\"https:\\\/\\\/www.molinsfilmfestival.com\\\/2026\\\/08\\\/31\\\/premi-angoixa-2026-ultims-dies-per-presentar-el-teu-projecte-de-curt-en-llengua-catalana\\\/#breadcrumb\",\"itemListElement\":[{\"@type\":\"ListItem\",\"position\":1,\"name\":\"Inici\",\"item\":\"https:\\\/\\\/www.molinsfilmfestival.com\\\/\"},{\"@type\":\"ListItem\",\"position\":2,\"name\":\"Premi ANGOIXA 2026: \u00daltims dies per presentar el teu projecte de curt en llengua catalana!\"}]},{\"@type\":\"WebSite\",\"@id\":\"https:\\\/\\\/www.molinsfilmfestival.com\\\/#website\",\"url\":\"https:\\\/\\\/www.molinsfilmfestival.com\\\/\",\"name\":\"Molins Horror Film Festival\",\"description\":\"Festival de Cine de Terror de Molins de Rei\",\"publisher\":{\"@id\":\"https:\\\/\\\/www.molinsfilmfestival.com\\\/#organization\"},\"potentialAction\":[{\"@type\":\"SearchAction\",\"target\":{\"@type\":\"EntryPoint\",\"urlTemplate\":\"https:\\\/\\\/www.molinsfilmfestival.com\\\/?s={search_term_string}\"},\"query-input\":{\"@type\":\"PropertyValueSpecification\",\"valueRequired\":true,\"valueName\":\"search_term_string\"}}],\"inLanguage\":\"es\"},{\"@type\":\"Organization\",\"@id\":\"https:\\\/\\\/www.molinsfilmfestival.com\\\/#organization\",\"name\":\"Molins Horror Film Festival\",\"url\":\"https:\\\/\\\/www.molinsfilmfestival.com\\\/\",\"logo\":{\"@type\":\"ImageObject\",\"inLanguage\":\"es\",\"@id\":\"https:\\\/\\\/www.molinsfilmfestival.com\\\/#\\\/schema\\\/logo\\\/image\\\/\",\"url\":\"https:\\\/\\\/www.molinsfilmfestival.com\\\/wp-content\\\/uploads\\\/2025\\\/05\\\/terrormolins_logo.svg\",\"contentUrl\":\"https:\\\/\\\/www.molinsfilmfestival.com\\\/wp-content\\\/uploads\\\/2025\\\/05\\\/terrormolins_logo.svg\",\"caption\":\"Molins Horror Film Festival\"},\"image\":{\"@id\":\"https:\\\/\\\/www.molinsfilmfestival.com\\\/#\\\/schema\\\/logo\\\/image\\\/\"}},{\"@type\":\"Person\",\"@id\":\"https:\\\/\\\/www.molinsfilmfestival.com\\\/#\\\/schema\\\/person\\\/9d664b50116f871b0cb00fa43b2527dd\",\"name\":\"terrormolins\",\"image\":{\"@type\":\"ImageObject\",\"inLanguage\":\"es\",\"@id\":\"https:\\\/\\\/secure.gravatar.com\\\/avatar\\\/591ccac8e3772fe3891dbd3892fd2232dbe1beb33ebbae4b228747f35168dcc6?s=96&d=mm&r=g\",\"url\":\"https:\\\/\\\/secure.gravatar.com\\\/avatar\\\/591ccac8e3772fe3891dbd3892fd2232dbe1beb33ebbae4b228747f35168dcc6?s=96&d=mm&r=g\",\"contentUrl\":\"https:\\\/\\\/secure.gravatar.com\\\/avatar\\\/591ccac8e3772fe3891dbd3892fd2232dbe1beb33ebbae4b228747f35168dcc6?s=96&d=mm&r=g\",\"caption\":\"terrormolins\"},\"sameAs\":[\"https:\\\/\\\/temporal.molinsfilmfestival.com\"],\"url\":\"https:\\\/\\\/www.molinsfilmfestival.com\\\/esp\\\/author\\\/terrormolins\\\/\"}]}<\/script>\n<!-- \/ Yoast SEO plugin. -->","yoast_head_json":{"title":"Premi ANGOIXA 2026: \u00daltims dies per presentar el teu projecte de curt en llengua catalana! | Molins Horror Film Festival","robots":{"index":"index","follow":"follow","max-snippet":"max-snippet:-1","max-image-preview":"max-image-preview:large","max-video-preview":"max-video-preview:-1"},"canonical":"https:\/\/www.molinsfilmfestival.com\/esp\/2026\/08\/31\/premi-angoixa-2026-ultims-dies-per-presentar-el-teu-projecte-de-curt-en-llengua-catalana\/","og_locale":"es_ES","og_type":"article","og_title":"Premi ANGOIXA 2026: \u00daltims dies per presentar el teu projecte de curt en llengua catalana! | Molins Horror Film Festival","og_description":"La teva hist\u00f2ria de terror pot arribar a la pantalla La convocat\u00f2ria del Premi ANGOIXA 2026 entra a la recta final. Si est\u00e0s desenvolupant un projecte de curtmetratge de terror en llengua catalana, encara ets a temps de presentar-lo.\u00a0 El projecte guanyador rebr\u00e0: Neix oficialment el Premi Angoixa: impulsant el terror catal\u00e0 El projecte guanyador [&hellip;]","og_url":"https:\/\/www.molinsfilmfestival.com\/esp\/2026\/08\/31\/premi-angoixa-2026-ultims-dies-per-presentar-el-teu-projecte-de-curt-en-llengua-catalana\/","og_site_name":"Molins Horror Film Festival","article_published_time":"2026-08-31T08:30:00+00:00","og_image":[{"width":1921,"height":1081,"url":"https:\/\/www.molinsfilmfestival.com\/wp-content\/uploads\/2026\/08\/PremiAngoixa.jpg","type":"image\/jpeg"}],"author":"terrormolins","twitter_card":"summary_large_image","twitter_misc":{"Escrito por":"terrormolins","Tiempo de lectura":"2 minutos"},"schema":{"@context":"https:\/\/schema.org","@graph":[{"@type":"Article","@id":"https:\/\/www.molinsfilmfestival.com\/2026\/08\/31\/premi-angoixa-2026-ultims-dies-per-presentar-el-teu-projecte-de-curt-en-llengua-catalana\/#article","isPartOf":{"@id":"https:\/\/www.molinsfilmfestival.com\/2026\/08\/31\/premi-angoixa-2026-ultims-dies-per-presentar-el-teu-projecte-de-curt-en-llengua-catalana\/"},"author":{"name":"terrormolins","@id":"https:\/\/www.molinsfilmfestival.com\/#\/schema\/person\/9d664b50116f871b0cb00fa43b2527dd"},"headline":"Premi ANGOIXA 2026: \u00daltims dies per presentar el teu projecte de curt en llengua catalana!","datePublished":"2026-08-31T08:30:00+00:00","mainEntityOfPage":{"@id":"https:\/\/www.molinsfilmfestival.com\/2026\/08\/31\/premi-angoixa-2026-ultims-dies-per-presentar-el-teu-projecte-de-curt-en-llengua-catalana\/"},"wordCount":171,"publisher":{"@id":"https:\/\/www.molinsfilmfestival.com\/#organization"},"image":{"@id":"https:\/\/www.molinsfilmfestival.com\/2026\/08\/31\/premi-angoixa-2026-ultims-dies-per-presentar-el-teu-projecte-de-curt-en-llengua-catalana\/#primaryimage"},"thumbnailUrl":"https:\/\/www.molinsfilmfestival.com\/wp-content\/uploads\/2026\/08\/PremiAngoixa-1024x576.jpg","articleSection":["45 Edici\u00f3 2026","Destacats","Ind\u00fastria"],"inLanguage":"es"},{"@type":"WebPage","@id":"https:\/\/www.molinsfilmfestival.com\/2026\/08\/31\/premi-angoixa-2026-ultims-dies-per-presentar-el-teu-projecte-de-curt-en-llengua-catalana\/","url":"https:\/\/www.molinsfilmfestival.com\/2026\/08\/31\/premi-angoixa-2026-ultims-dies-per-presentar-el-teu-projecte-de-curt-en-llengua-catalana\/","name":"Premi ANGOIXA 2026: \u00daltims dies per presentar el teu projecte de curt en llengua catalana! | Molins Horror Film Festival","isPartOf":{"@id":"https:\/\/www.molinsfilmfestival.com\/#website"},"primaryImageOfPage":{"@id":"https:\/\/www.molinsfilmfestival.com\/2026\/08\/31\/premi-angoixa-2026-ultims-dies-per-presentar-el-teu-projecte-de-curt-en-llengua-catalana\/#primaryimage"},"image":{"@id":"https:\/\/www.molinsfilmfestival.com\/2026\/08\/31\/premi-angoixa-2026-ultims-dies-per-presentar-el-teu-projecte-de-curt-en-llengua-catalana\/#primaryimage"},"thumbnailUrl":"https:\/\/www.molinsfilmfestival.com\/wp-content\/uploads\/2026\/08\/PremiAngoixa-1024x576.jpg","datePublished":"2026-08-31T08:30:00+00:00","breadcrumb":{"@id":"https:\/\/www.molinsfilmfestival.com\/2026\/08\/31\/premi-angoixa-2026-ultims-dies-per-presentar-el-teu-projecte-de-curt-en-llengua-catalana\/#breadcrumb"},"inLanguage":"es","potentialAction":[{"@type":"ReadAction","target":["https:\/\/www.molinsfilmfestival.com\/2026\/08\/31\/premi-angoixa-2026-ultims-dies-per-presentar-el-teu-projecte-de-curt-en-llengua-catalana\/"]}]},{"@type":"ImageObject","inLanguage":"es","@id":"https:\/\/www.molinsfilmfestival.com\/2026\/08\/31\/premi-angoixa-2026-ultims-dies-per-presentar-el-teu-projecte-de-curt-en-llengua-catalana\/#primaryimage","url":"https:\/\/www.molinsfilmfestival.com\/wp-content\/uploads\/2026\/08\/PremiAngoixa-1024x576.jpg","contentUrl":"https:\/\/www.molinsfilmfestival.com\/wp-content\/uploads\/2026\/08\/PremiAngoixa-1024x576.jpg"},{"@type":"BreadcrumbList","@id":"https:\/\/www.molinsfilmfestival.com\/2026\/08\/31\/premi-angoixa-2026-ultims-dies-per-presentar-el-teu-projecte-de-curt-en-llengua-catalana\/#breadcrumb","itemListElement":[{"@type":"ListItem","position":1,"name":"Inici","item":"https:\/\/www.molinsfilmfestival.com\/"},{"@type":"ListItem","position":2,"name":"Premi ANGOIXA 2026: \u00daltims dies per presentar el teu projecte de curt en llengua catalana!"}]},{"@type":"WebSite","@id":"https:\/\/www.molinsfilmfestival.com\/#website","url":"https:\/\/www.molinsfilmfestival.com\/","name":"Molinos Horror Film Festival","description":"Festival de Cine de Terror de Molinos de Rey","publisher":{"@id":"https:\/\/www.molinsfilmfestival.com\/#organization"},"potentialAction":[{"@type":"SearchAction","target":{"@type":"EntryPoint","urlTemplate":"https:\/\/www.molinsfilmfestival.com\/?s={search_term_string}"},"query-input":{"@type":"PropertyValueSpecification","valueRequired":true,"valueName":"search_term_string"}}],"inLanguage":"es"},{"@type":"Organization","@id":"https:\/\/www.molinsfilmfestival.com\/#organization","name":"Molinos Horror Film Festival","url":"https:\/\/www.molinsfilmfestival.com\/","logo":{"@type":"ImageObject","inLanguage":"es","@id":"https:\/\/www.molinsfilmfestival.com\/#\/schema\/logo\/image\/","url":"https:\/\/www.molinsfilmfestival.com\/wp-content\/uploads\/2025\/05\/terrormolins_logo.svg","contentUrl":"https:\/\/www.molinsfilmfestival.com\/wp-content\/uploads\/2025\/05\/terrormolins_logo.svg","caption":"Molins Horror Film Festival"},"image":{"@id":"https:\/\/www.molinsfilmfestival.com\/#\/schema\/logo\/image\/"}},{"@type":"Person","@id":"https:\/\/www.molinsfilmfestival.com\/#\/schema\/person\/9d664b50116f871b0cb00fa43b2527dd","name":"terrormolinos","image":{"@type":"ImageObject","inLanguage":"es","@id":"https:\/\/secure.gravatar.com\/avatar\/591ccac8e3772fe3891dbd3892fd2232dbe1beb33ebbae4b228747f35168dcc6?s=96&d=mm&r=g","url":"https:\/\/secure.gravatar.com\/avatar\/591ccac8e3772fe3891dbd3892fd2232dbe1beb33ebbae4b228747f35168dcc6?s=96&d=mm&r=g","contentUrl":"https:\/\/secure.gravatar.com\/avatar\/591ccac8e3772fe3891dbd3892fd2232dbe1beb33ebbae4b228747f35168dcc6?s=96&d=mm&r=g","caption":"terrormolins"},"sameAs":["https:\/\/temporal.molinsfilmfestival.com"],"url":"https:\/\/www.molinsfilmfestival.com\/esp\/author\/terrormolins\/"}]}},"_links":{"self":[{"href":"https:\/\/www.molinsfilmfestival.com\/esp\/wp-json\/wp\/v2\/posts\/27914","targetHints":{"allow":["GET"]}}],"collection":[{"href":"https:\/\/www.molinsfilmfestival.com\/esp\/wp-json\/wp\/v2\/posts"}],"about":[{"href":"https:\/\/www.molinsfilmfestival.com\/esp\/wp-json\/wp\/v2\/types\/post"}],"author":[{"embeddable":true,"href":"https:\/\/www.molinsfilmfestival.com\/esp\/wp-json\/wp\/v2\/users\/1"}],"replies":[{"embeddable":true,"href":"https:\/\/www.molinsfilmfestival.com\/esp\/wp-json\/wp\/v2\/comments?post=27914"}],"version-history":[{"count":2,"href":"https:\/\/www.molinsfilmfestival.com\/esp\/wp-json\/wp\/v2\/posts\/27914\/revisions"}],"predecessor-version":[{"id":27919,"href":"https:\/\/www.molinsfilmfestival.com\/esp\/wp-json\/wp\/v2\/posts\/27914\/revisions\/27919"}],"wp:attachment":[{"href":"https:\/\/www.molinsfilmfestival.com\/esp\/wp-json\/wp\/v2\/media?parent=27914"}],"wp:term":[{"taxonomy":"category","embeddable":true,"href":"https:\/\/www.molinsfilmfestival.com\/esp\/wp-json\/wp\/v2\/categories?post=27914"},{"taxonomy":"post_tag","embeddable":true,"href":"https:\/\/www.molinsfilmfestival.com\/esp\/wp-json\/wp\/v2\/tags?post=27914"}],"curies":[{"name":"wp","href":"https:\/\/api.w.org\/{rel}","templated":true}]}}