{"id":7393,"date":"2018-10-22T16:31:16","date_gmt":"2018-10-22T14:31:16","guid":{"rendered":"https:\/\/temporal.molinsfilmfestival.com\/2018\/10\/22\/caexposicio-de-palma-vs-de-palmaesexposicion-de-palma-vs-de-palmaenexhibition-de-palma-vs-de-palma-6\/"},"modified":"2018-10-22T16:31:16","modified_gmt":"2018-10-22T14:31:16","slug":"caexposicio-de-palma-vs-de-palmaesexposicion-de-palma-vs-de-palmaenexhibition-de-palma-vs-de-palma-6","status":"publish","type":"post","link":"https:\/\/www.molinsfilmfestival.com\/esp\/2018\/10\/22\/caexposicio-de-palma-vs-de-palmaesexposicion-de-palma-vs-de-palmaenexhibition-de-palma-vs-de-palma-6\/","title":{"rendered":"[:es]Exposici\u00f3n De Palma vs De Palma[:es]Exposici\u00f3n De Palma vs De Palma[:en]Exhibici\u00f3n De Palma vs De Palma[:]"},"content":{"rendered":"<p>[:es]<\/p>\n<h4 class=\"s3\" style=\"padding-left: 30px;\"><span class=\"s4\">Del 26 de octubre al 25 de noviembre de 2018, <\/span><span class=\"s4\">la Sala de exposiciones de Ca N&#039;Ametller de <\/span><span class=\"s4\">Molins de Rei acoger\u00e1 la exposici\u00f3n gratuita &#039;\u2018<strong>De Palma vs De Palma&#039;.\u00a0<\/strong><\/span><span class=\"s4\">Se trata de la primera vez que se exhibir\u00e1 el material privado del catal\u00e1n Jordi Batet<\/span><span class=\"s4\"> Eliges<\/span><span class=\"s4\">, el principal coleccionista en el mundo sobre material vinculado en la obra del prestigioso cineasta estadounidense Brian De Palma.<\/span><span class=\"s4\"> Batet ha dedicado m\u00e1s de treinta a\u00f1os a la b\u00fasqueda de todos aquellos objetos vinculados con el famoso director. As\u00ed, ha logrado recopilar la mayor colecci\u00f3n privada que existe sobre el famoso cineasta.<\/span><\/h4>\n<p class=\"s3\"><span class=\"s4\">El Festival de Cine de Terror de Molins de Rei y el Ayuntamiento de Molins de Rei<\/span><span class=\"s4\"> se han unido para ofrecer una exposici\u00f3n excepcional al volante del autor de cl\u00e1sicos contempor\u00e1neos del s\u00e9ptimo arte, como <\/span><span class=\"s5\">Carrie<\/span><span class=\"s4\"> (1976), <\/span><span class=\"s5\">Vestida para matar<\/span><span class=\"s4\"> (<\/span><span class=\"s5\"><i>Dressed to Kill<\/i><\/span><span class=\"s4\"><i>, <\/i>1980), <\/span><span class=\"s5\">El precio del poder<\/span><span class=\"s4\">(<\/span><span class=\"s5\"><i>Scarface<\/i><\/span><span class=\"s4\">, 1983), <\/span><span class=\"s5\">Los intocables de Eliot Ness<\/span><span class=\"s4\"> (<i>The Untouchables<\/i>, 1987) y <\/span><span class=\"s5\">Misi\u00f3n imposible<\/span><span class=\"s4\"> (<\/span><span class=\"s5\"><i>Misi\u00f3n: Imposible<\/i><\/span><span class=\"s4\">, 1996<\/span><span class=\"s4\">). Esta exposici\u00f3n es uno de los actos m\u00e1s importantes de la 37 edici\u00f3n del Terror Molins, que este a\u00f1o centra sus homenajes en este realizador esencial de la generaci\u00f3n conocida como el New Hollywood. Una retrospectiva de su obra vinculada con el g\u00e9nero del terror y un libro que analiza las constantes de su filmograf\u00eda, cumple<\/span><span class=\"s4\">eten una edici\u00f3n del certamen que ha despertado un gran inter\u00e9s y expectaci\u00f3n. <\/span><\/p>\n<p class=\"s3\"><span class=\"s4\">La exposici\u00f3n <b>\u00a0De Palma vs De Palma<\/b>\u00a0<\/span><span class=\"s4\">\u00a0ofrece un recorrido por la obra de este cineasta referente, a partir del desdoblamiento de varios conceptos recurrentes en su cine. El visitante podr\u00e1 descubrir carteles originales de sus pel\u00edculas<\/span><span class=\"s4\"> &#8211;<\/span><span class=\"s4\">creados por artistas de todo el mundo<\/span><span class=\"s4\">&#8211;<\/span><span class=\"s4\">, fotograf\u00edas de rodaje y fotogramas de sus films,<\/span><span class=\"s4\">objetos originales,<\/span><span class=\"s4\"> y un v\u00eddeo exclusivo que conmemora esta exposici\u00f3n y que se podr\u00e1 disfrutar en uno de los espacios habilitados en la misma sala.<\/span><span class=\"s4\"> Tambi\u00e9n incluye una secci\u00f3n dedicada al film <\/span><span class=\"s5\">La furia<\/span><span class=\"s4\"> (<\/span><span class=\"s5\"><i>The Fury<\/i><\/span><span class=\"s4\">, 1978), coincidiendo con el 40 aniversario de este emblema del De Palma m\u00e1s relacionado con el terror.<\/span><\/p>\n<p>&nbsp;<\/p>\n<p class=\"s3\"><span class=\"s4\">La inauguraci\u00f3n de esta exposici\u00f3n exclusiva se realizar\u00e1 el <b>viernes 26 de octubre a las 20h. <\/b>Sin embargo, el domingo 4 de noviembre<\/span><span class=\"s4\"> a las 12h<\/span><span class=\"s4\">, se presentar\u00e1 el libro oficial del festival, escrito para la ocasi\u00f3n y publicado por la editorial Hermenaute.<\/span><\/p>\n<p>&nbsp;<\/p>\n<h2 class=\"s3\"><span style=\"color: #ff0000;\"><span class=\"s4\">La exposici\u00f3n gratuita DE PALMA VS DE PALMA<\/span><span class=\"s4\">\u00a0se podr\u00e1 visitar del 26 de octubre al 25 de noviembre\u00a0<\/span><span class=\"s4\">en los siguientes horarios:<\/span><\/span><\/h2>\n<h3 class=\"s3\"><span class=\"s4\" style=\"color: #ff0000;\">De martes a viernes: de 17,30 a 20h (Lunes cerrado)<\/span><\/h3>\n<h3 class=\"s3\"><span class=\"s4\" style=\"color: #ff0000;\">S\u00e1bados: de 18,30 a 20,30 h<\/span><\/h3>\n<h3 class=\"s3\"><span class=\"s4\" style=\"color: #ff0000;\">Domingos: de 11 a 14h<\/span><\/h3>\n<h3 class=\"s3\"><span class=\"s4\" style=\"color: #ff0000;\">Horarios excepcionales durante la celebraci\u00f3n del Festival de Cine de Terror de Molins de Rei (del 9 al 18 de noviembre):<\/span><\/h3>\n<h3 class=\"s3\"><span class=\"s4\" style=\"color: #ff0000;\">De lunes a viernes: de 17,30 a 20h<\/span><\/h3>\n<h3 class=\"s3\"><span class=\"s4\" style=\"color: #ff0000;\">S\u00e1bado y domingo: de 12 a 14h y de 17,30 a 20h<\/span><\/h3>\n<p><a href=\"http:\/\/www.molinsfilmfestival.com\/wp-content\/uploads\/2018\/09\/B6E4B738-AC82-49CE-ABD7-5D054548BD80.jpeg\"><img loading=\"lazy\" decoding=\"async\" class=\"aligncenter size-full wp-image-10777\" src=\"http:\/\/www.molinsfilmfestival.com\/wp-content\/uploads\/2018\/09\/B6E4B738-AC82-49CE-ABD7-5D054548BD80.jpeg\" alt=\"Brian De Palma. La mirada desdoblada. Expo terrorMolins 2018\" width=\"1706\" height=\"2436\" \/><\/a><\/p>\n<p>&nbsp;<\/p>\n<p class=\"s3\"><span class=\"s4\"><b>Brian De Palma<\/b> (Nueva Jersey, 11 de septiembre de 1940) es uno de los directores m\u00e1s importantes de las seis \u00faltimas d\u00e9cadas. Pieza capital de la revolucionaria generaci\u00f3n del llamado New Hollywood<\/span><span class=\"s4\"> &#8211;<\/span><span class=\"s4\">movimiento del que tambi\u00e9n formaron parte otros ilustres compatriotas suyos, como Martin Scorsese, Steven S<\/span><span class=\"s4\">pielberg y<\/span><span class=\"s4\"> Ford Coppola. E<\/span><span class=\"s4\">El cine de De Palma es uno de los que ha generado m\u00e1s admiradores e incondicionales en todo el mundo, uno de los que m\u00e1s pasi\u00f3n ha despertado y despierta entre los cin\u00e9filos.<\/span><span class=\"s4\"> La habilidad de De Palma ha permitido que nunca haya traicionado su concepto como verdadero autor, incluso cuando se ha responsabilizado de productos <\/span><span class=\"s5\">mainstream<\/span><span class=\"s4\">, los cuales ha llevado a cabo teniendo muy presente al gran p\u00fablico, pero manteni\u00e9ndose fiel a su forma de concebir el cine. <\/span><\/p>\n<p class=\"s3\"><span class=\"s4\">Heredero del arte visual y conceptual de Alfred Hitchcock, e influenciado por la libertad creativa y formal de Jean-Luc Godard, el cine de Brian De Palma es impactante, atrevido, cr\u00edtico, visceral y apasionado. Ya desde la experimentaci\u00f3n de su primera etapa, el cine de Brian De Palma se\u2019<\/span><span class=\"s4\">ha regido por unos principios primordiales y muy identificables, especialmente en cuanto a su magn\u00edfica concepci\u00f3n visual, y su habilidad para generar deslumbrantes planos secuencia, dividir la pantalla como nadie, y encuadrar primeros planos o planes generales como pocos directores han logrado. Pero m\u00e1s all\u00e1 de la fascinaci\u00f3n que provoca su obra en cin\u00e9filos y analistas de todo el mundo, Brian De Palma tambi\u00e9n es muy valorado por el p\u00fablico y estrellas de Hollywood que han querido trabajar expresamente bajo sus \u00f3rdenes, en un largo listado del Star System, que incluye nombres tan trascendentes como Al Pacino, Robert De Niro, Sean Conner, <\/span><span class=\"s4\">Nicolas Cage, <\/span><span class=\"s4\">Sissy Spacek,<\/span><span class=\"s4\"> Jessica Harper,<\/span><span class=\"s4\"> Kevin Costner, John Travolta, Nancy Allen, Angie Dickinson, <\/span><span class=\"s4\">Jon Voight, <\/span><span class=\"s4\">Michael Caine,<\/span><span class=\"s4\"> Lolita Davidovich,<\/span><span class=\"s4\">John Lithgow,<\/span><span class=\"s4\"> Margot Kidder,<\/span><span class=\"s4\"> Danny DeVito, <\/span><span class=\"s4\">Genevi\u00e8ve Bujold, <\/span><span class=\"s4\">Harvey Keitel, <\/span><span class=\"s4\">Morgan Freeman,<\/span> <span class=\"s4\">Tom Cruise, <\/span><span class=\"s4\">Melanie Griffith, Bruce Willis, Tom Hanks, Gary Sinise, <\/span><span class=\"s4\">Sean Penn, Michael J. Fox, <\/span><span class=\"s4\">Antonio Banderas<\/span><span class=\"s4\">, Noomi Rapace y William Finley.<\/span><\/p>\n<p class=\"s3\"><span class=\"s4\">El cine de Brian De Palma genera mucha pasi\u00f3n, entusiasmo, motivaci\u00f3n. Un conjunto de obras de gran poder visual, excelente planificaci\u00f3n y fotograf\u00eda y orquestadas por la complicidad de compositores, que como Bernard Herrmann, Pino Donaggio y Ennio Morricone, han colaborado en exaltar el cine de este maestro incuestionable del cine contempor\u00e1neo.<\/span><\/p>\n<p>[:es]<\/p>\n<h4 style=\"text-align: left;\">Del 26 de octubre al 25 de noviembre de 2018, la Sala de Exposiciones de Ca N&#039;Ametller de Molins de Rei acoger\u00e1 la exposici\u00f3n gratuita &#039;De Palma vs De Palma&#039;. Por primera vez se exhibir\u00e1 material privado del catal\u00e1n Jordi Batet Trias, el mayor coleccionista de materiales vinculados a la obra del prestigioso cineasta norteamericano Brian De Palma del mundo. Batet ha dedicado m\u00e1s de 30 a\u00f1os de su vida a la b\u00fasqueda de toda clase de objetos relacionados con el famoso director y su obra.<\/h4>\n<p>El Festival de Cine de Terror de Molinos de Rey y el Ayuntamiento de Molins de Rei se han unido para ofrecer una exposici\u00f3n excepcional en torno al autor de cl\u00e1sicos contempor\u00e1neos del s\u00e9ptimo arte, como Carrie (1976), Vestida para matar (<i>Dressed to Kill<\/i>, 1980), El precio del poder (<i>Scarface<\/i>, 1983), Los intocables de Eliot Ness (<i>The Untouchables<\/i>, 1987) y Misi\u00f3n imposible (<i>Misi\u00f3n: Imposible<\/i>, 1996).<\/p>\n<p>Esta exposici\u00f3n <b>De Palma vs De Palma<\/b>\u00a0, es uno de los actos m\u00e1s importantes de la 37\u00aa edici\u00f3n del TerrorMolins, que este a\u00f1o pondr\u00e1 su atenci\u00f3n en homenajear a este realizador esencial de la generaci\u00f3n del New Hollywood con una retrospectiva de su obra vinculada al g\u00e9nero de terror y la publicaci\u00f3n de un libro que analiza las constantes de su filmograf\u00eda, despertando con todo ello un gran inter\u00e9s y expectaci\u00f3n.<\/p>\n<p>La exposici\u00f3n ofrece un recorrido por la obra de este cineasta de referencia, a partir del desdoblamiento de varios conceptos recurrentes en su trabajo. El visitante podr\u00e1 descubrir cartillas originales de sus pel\u00edculas -creados por artistas de todo el mundo-, fotograf\u00edas de rodaje y fotogramas de sus pel\u00edculas, objetos originales y un v\u00eddeo exclusivo que conmemora esta exposici\u00f3n y que se podr\u00e1 ver en uno de los espacios habilitados dentro de la propia sala. Tambi\u00e9n incluye una secci\u00f3n dedicada al filme La furia (The Fury, 1978), coincidiendo con el 40\u00ba aniversario de este emblema del De Palma m\u00e1s relacionado con el terror.<\/p>\n<p>La inauguraci\u00f3n de esta exposici\u00f3n exclusiva se realizar\u00e1 el <b>viernes 26 de octubre a las 20:00<\/b> horas. Asimismo, el domingo 4 de noviembre a las 12:00 horas, se presentar\u00e1 el libro oficial del festival, escrito para la ocasi\u00f3n y publicado por la editorial Hermenaute.<\/p>\n<h2 class=\"s3\"><span style=\"color: #ff0000;\"><span class=\"s4\">La exposici\u00f3n gratuita DE PALMA VS DE PALMA<\/span><span class=\"s4\">\u00a0se podr\u00e1 visitar en el siguiente horario del 26 de octubre al 25 de noviembre:<\/span><\/span><\/h2>\n<h3 class=\"s3\"><span class=\"s4\" style=\"color: #ff0000;\">De martas a viernes: de 17,30 a 20h (Lunes cerrado)<\/span><\/h3>\n<h3 class=\"s3\"><span class=\"s4\" style=\"color: #ff0000;\">Sabado: de 18,30 a 20,30 h<\/span><\/h3>\n<h3 class=\"s3\"><span class=\"s4\" style=\"color: #ff0000;\">Domingo: de 11 a 14h<\/span><\/h3>\n<h3 class=\"s3\"><span class=\"s4\" style=\"color: #ff0000;\">Horarios excepcionales durante la celebraci\u00f3n del Festival de Cine de Terror de Molinos de Rey (del 9 al 18 de noviembre):<\/span><\/h3>\n<h3 class=\"s3\"><span class=\"s4\" style=\"color: #ff0000;\">De lunes a viernes: de 17,30 a 20h<\/span><\/h3>\n<h3 class=\"s3\"><span class=\"s4\" style=\"color: #ff0000;\">Sabado y Domingo: de 12 a 14h y de 17,30 a 20h<\/span><\/h3>\n<p><span style=\"color: #ff0000;\">\u00a0<a href=\"http:\/\/www.molinsfilmfestival.com\/wp-content\/uploads\/2018\/09\/B6E4B738-AC82-49CE-ABD7-5D054548BD80.jpeg\"><img loading=\"lazy\" decoding=\"async\" class=\"aligncenter size-full wp-image-10777\" src=\"http:\/\/www.molinsfilmfestival.com\/wp-content\/uploads\/2018\/09\/B6E4B738-AC82-49CE-ABD7-5D054548BD80.jpeg\" alt=\"Brian De Palma. La mirada desdoblada. Expo terrorMolins 2018\" width=\"1706\" height=\"2436\" \/><\/a><\/span><\/p>\n<p><b>Brian De Palma<\/b> (New Jersey, 11 de septiembre de 1940) es uno de los directores m\u00e1s relevantes de las seis \u00faltimas d\u00e9cadas. Pieza central de la revolucionaria generaci\u00f3n del llamado New Hollywood -movimiento del que tambi\u00e9n formaron parte ilustres compatriotas suyos, como Martin Scorsese, Steven Spielberg y Francis Ford Coppola-. El cine de De Palma es uno de los que han reunido m\u00e1s admiradores e incondicionales por todo el mundo, y uno de los que m\u00e1s pasi\u00f3n ha despertado entre los cin\u00e9filos. Due\u00f1o de una habilidad excepcional, De Palma nunca ha traicionado su concepto como autor verdadero, incluso cuando se ha responsabilizado de productos mainstream, que ha llevado a cabo pendiente del gran p\u00fablico, pero siempre fiel a su concepci\u00f3n personal del cine.<\/p>\n<p>Heredero del arte visual y conceptual de Alfred Hitchcock, bajo la influencia de la libertad creativa y formal de Jean Luc Godard, el cine de Brian De Palma es impactante, osado, cr\u00edtico, visceral y apasionado. Ya, desde la experimentaci\u00f3n de su etapa inicial, el cine de Brian De Palma se ha regido por unos principios centrales y muy identificables, especialmente en lo que respecta a su magn\u00edfica concepci\u00f3n visual, y su habilidad para generar deslumbrantes planos secuencia, dividir la pantalla como nadie, y encuadrar primeros planos o planos generales como pocos directoras lo han conseguido. Sin embargo, m\u00e1s all\u00e1 de la fascinaci\u00f3n que provoca su obra a cin\u00e9filos y analistas de todo el mundo, Brian De Palma tambi\u00e9n es muy valorado tanto por el p\u00fablico en general como por las estrellas de Hollywood que han querido trabajar expresamente bajo sus \u00f3rdenes, en una larga lista de miembros del Star System que incluye n\u00fameros tan trascendentales como Al Pacino, Robert De Niro, Robert De Niro, Cage, Sissy Spacek, Jessica Harper, Kevin Costner, John Travolta, Nancy Allen, Angie Dickinson, Jon Voight, Michael Caine, Lolita Davidovich, John Lithgow, Margot Kidder, Danny DeVito, Genevi\u00e8ve Bujold, Harvey Keitel, Morgan Freeman, Tom Gary Sinise, Sean Penn, Michael J. Fox, Antonio Banderas, Noomi Rapace y William Finley.<\/p>\n<p>El cine de Brian De Palma genera mucha pasi\u00f3n, entusiasmo y motivaci\u00f3n. Se trata de un conjunto de obras de gran poder visual, excelente planificaci\u00f3n y magn\u00edfica fotograf\u00eda, orquestadas por la complicidad de compositoras, que como Bernard Herrmann, Pino Donaggio y Ennio Morricone, han colaborado en exaltar el cine de este maestro incuestionable del cine contempor\u00e1neo.<\/p>\n<p>&nbsp;[:en]<\/p>\n<h4>Next Oct 26th-Nov 25th, 2018, la Sala de Exposiciones de Ca N&#039;Ametller en Molins de Rei est\u00e1 host la free exhibition calleda de Palma vs De Palma. Catalan Jordi Batet Elige personal materiales que est\u00e1 exhibido para el tiempo m\u00e1s tarde; he es el biggest collector specialised en art\u00edculos conectados con el trabajo de los Norte American film director, Brian De Palma. Mr. Batet ha devotado a m\u00e1s de 30 years para research all kinds de objetos connected with notorious director.<\/h4>\n<p>The Molins de Rey Horror Film Festival a lo largo del Local Council de Molins de Rei en la colaboraci\u00f3n de ofrecer una impresiva exhibici\u00f3n en el otro de los presentes cl\u00e1sicos cl\u00e1sicos del 7\u00ba arte, suyo a Carrie (1976), Dress to Kill (1980), Scarface (1983) Imposible (1996).<\/p>\n<p>Esta exhibici\u00f3n se debe a un central de eventos de la 37\u00aa edici\u00f3n de TerrorMolins, que este a\u00f1o es pagando tributo a este esencial miembro de la nueva generaci\u00f3n de Hollywood. Adicionalmente, est\u00e1 bien retrospectivamente sus g\u00e9neros focused films, y en book reviewing las main features de sus filmograf\u00edas debe completar la edici\u00f3n de 2018.<\/p>\n<p>The exhibition called revisits director&#039;s main features displaying en n\u00famero de recursive concepts from his work. Visitores deben publicar original p\u00f3sters de las pel\u00edculas -made por artistas de todo el mundo- setting pictures en las fotograf\u00edas de las pel\u00edculas y otros originales objetos. Moreover, en exclusiva video clip se puede hacer honours a la pantalla. Este es tambi\u00e9n una especial sesi\u00f3n devotada por la Palma de horror filme calleda The Fury (1978) de la que se celebra el 40. cumplea\u00f1os.<\/p>\n<p>Esta \u00fanica exhibici\u00f3n est\u00e1 open its doors next Friday, Oct 26th, at 20:00pm. Additionally, Next Sunday, Nov 4th, at 12:00pm, la official book of the Festival debe presentarse: En monogr\u00e1fico volumen focused en el director y instalado por el publico compa\u00f1ero Hermenaute.<\/p>\n<h2><span style=\"color: #ff0000;\">Opening hours of the free exhibition:<\/span><\/h2>\n<h2><span style=\"color: #ff0000;\">Tuesday to Friday: 17:30pm \u2013 20:00pm (closed on Monday)<\/span><br \/>\n<span style=\"color: #ff0000;\">Saturday: 18:30pm - 20:30pm<\/span><br \/>\n<span style=\"color: #ff0000;\">Sunday: 11:00am \u2013 14:00pm<\/span><\/h2>\n<h2><span style=\"color: #ff0000;\">Durante las fechas de los Molins de Rey Horror Film Festival (Nuevo 9th \u2013 Nov 18th), la exhibici\u00f3n ha sido extra opening hours:<\/span><\/h2>\n<h2><span style=\"color: #ff0000;\">Monday to Friday: 17:30pm \u2013 20:00pm<\/span><br \/>\n<span style=\"color: #ff0000;\">Saturday and Sunday: 12:00pm \u2013 14:00pm and 17:30pm \u2013 20:00pm<\/span><\/h2>\n<p><a href=\"http:\/\/www.molinsfilmfestival.com\/wp-content\/uploads\/2018\/09\/B6E4B738-AC82-49CE-ABD7-5D054548BD80.jpeg\"><img loading=\"lazy\" decoding=\"async\" class=\"aligncenter size-full wp-image-10777\" src=\"http:\/\/www.molinsfilmfestival.com\/wp-content\/uploads\/2018\/09\/B6E4B738-AC82-49CE-ABD7-5D054548BD80.jpeg\" alt=\"Brian De Palma. La mirada desdoblada. Expo terrorMolins 2018\" width=\"1706\" height=\"2436\" \/><\/a><\/p>\n<p><b>Brian De Palma<\/b> (New Jersey, September 11th, 1940) has been one of the most relevant directors for the last six decades. He been a la central miembro de la innovativa generaci\u00f3n del sonido callejero de la nueva hollywood generaci\u00f3n por otras americanas colegas como Martin Scorsese, Steven Spielberg y Francis Ford Coppola. De Palma&#039;s cine has gathered endless followers and pasionate fans all around the world. El great skill tiene que hacer de Palma a remain a real creador; Por lo tanto, con la charge of mainstream products, he always kept con respecto a la audiencia de los mismos sin la propia concepci\u00f3n de cine.<br \/>\nUna influencia de Alfred Hitchock&#039;s visual y conceptual artes a lo largo de Jean-Luc Godard&#039;s creativo formal freedom, Brian de Palma&#039;s cine es striking, bravo, critical, pasionate y consistente. Since la experiencia experimental de las investigaciones, Brian De Palma tienes las siguientes centrales principales que est\u00e1n perfectas para ello, especialmente concerniendo su magnificente visual conception, su skill in generaci\u00f3n breathtaking sequence spots, splitting screen se no s\u00f3lo para did, y directores might. Hoy atractivamente su trabajo ha sido bien para cinephiles y analysts de todo en el mundo, Brian de Palma est\u00e1 prados por las audiencias a las Hollywood stars, muchas de las cuales han sido plenas de trabajo entre sus directiones. El largo listado de los miembros de Star System incluyen a nas al Pacino, Robert De Niro, Sean Connery, Scarlett Johansson, Nicolas Cage, Sissy Spacek, Jessica Harper, Kevin Costner, John Travolta, Nancy Allen, Angie Dickinson, Jon Voight, Michael Caine, Lolita DeVito, Genevi\u00e8ve Bujold, Harvey Keitel, Morgan Freeman, Tom Cruise, Melanie Griffith, Bruce Willis, Tom Hanks, Gary Sinise, Sean Penn, Michael J. Fox, Antonio Banderas, Noomi Rapace y William Finley.<\/p>\n<p>Brian de Palma&#039;s cine gives away big passion, enthusiasm and motivation. En el n\u00famero de trabajos con la extensi\u00f3n visual, excelente planificaci\u00f3n y magnificente fotograf\u00eda incluyeron tambi\u00e9n la colaboraci\u00f3n de grandes composeros como Bernard Herrmann, Pino Donaggio y Enio Morricone.<\/p>","protected":false},"excerpt":{"rendered":"<p>[:es] Del 26 de octubre al 25 de noviembre de 2018, la Sala de exposiciones de Ca N&#039;Ametller de Molins de Rei acoger\u00e1 la exposici\u00f3n gratuita &#039;De Palma vs De Palma&#039;. Se trata de la primera vez que se exhibir\u00e1 el material privado del catal\u00e1n Jordi Batet Trias, el principal coleccionista en el mundo sobre material vinculado a la obra del prestigioso [\u2026]<\/p>","protected":false},"author":1,"featured_media":0,"comment_status":"open","ping_status":"open","sticky":false,"template":"","format":"standard","meta":{"_acf_changed":false,"footnotes":""},"categories":[],"tags":[],"class_list":["post-7393","post","type-post","status-publish","format-standard","hentry"],"acf":[],"yoast_head":"<!-- This site is optimized with the Yoast SEO plugin v26.4 - https:\/\/yoast.com\/wordpress\/plugins\/seo\/ -->\n<title>[:ca]Exposici\u00f3 De Palma vs De Palma[:es]Exposici\u00f3n De Palma vs De Palma[:en]Exhibition De Palma vs De Palma[:] | Molins Horror Film Festival<\/title>\n<meta name=\"robots\" content=\"index, follow, max-snippet:-1, max-image-preview:large, max-video-preview:-1\" \/>\n<link rel=\"canonical\" href=\"https:\/\/www.molinsfilmfestival.com\/esp\/2018\/10\/22\/caexposicio-de-palma-vs-de-palmaesexposicion-de-palma-vs-de-palmaenexhibition-de-palma-vs-de-palma-6\/\" \/>\n<meta property=\"og:locale\" content=\"es_ES\" \/>\n<meta property=\"og:type\" content=\"article\" \/>\n<meta property=\"og:title\" content=\"[:ca]Exposici\u00f3 De Palma vs De Palma[:es]Exposici\u00f3n De Palma vs De Palma[:en]Exhibition De Palma vs De Palma[:] | Molins Horror Film Festival\" \/>\n<meta property=\"og:description\" content=\"[:ca] Del 26 d\u2019octubre al 25 de novembre de 2018, la Sala d\u2019exposicions de Ca N\u2019Ametller de Molins de Rei acollir\u00e0 l\u2019exposici\u00f3 gratu\u00efta \u2018De Palma vs De Palma\u2018.\u00a0Es tracta de la primera vegada que s\u2019exhibir\u00e0 el material privat del catal\u00e0 Jordi Batet Trias, el principal col\u00b7leccionista al m\u00f3n sobre material vinculat en l\u2019obra del prestigi\u00f3s [&hellip;]\" \/>\n<meta property=\"og:url\" content=\"https:\/\/www.molinsfilmfestival.com\/esp\/2018\/10\/22\/caexposicio-de-palma-vs-de-palmaesexposicion-de-palma-vs-de-palmaenexhibition-de-palma-vs-de-palma-6\/\" \/>\n<meta property=\"og:site_name\" content=\"Molins Horror Film Festival\" \/>\n<meta property=\"article:published_time\" content=\"2018-10-22T14:31:16+00:00\" \/>\n<meta property=\"og:image\" content=\"http:\/\/www.molinsfilmfestival.com\/wp-content\/uploads\/2018\/09\/B6E4B738-AC82-49CE-ABD7-5D054548BD80.jpeg\" \/>\n<meta name=\"author\" content=\"terrormolins\" \/>\n<meta name=\"twitter:card\" content=\"summary_large_image\" \/>\n<meta name=\"twitter:label1\" content=\"Escrito por\" \/>\n\t<meta name=\"twitter:data1\" content=\"terrormolins\" \/>\n\t<meta name=\"twitter:label2\" content=\"Tiempo de lectura\" \/>\n\t<meta name=\"twitter:data2\" content=\"12 minutos\" \/>\n<script type=\"application\/ld+json\" class=\"yoast-schema-graph\">{\"@context\":\"https:\/\/schema.org\",\"@graph\":[{\"@type\":\"Article\",\"@id\":\"https:\/\/www.molinsfilmfestival.com\/2018\/10\/22\/caexposicio-de-palma-vs-de-palmaesexposicion-de-palma-vs-de-palmaenexhibition-de-palma-vs-de-palma-6\/#article\",\"isPartOf\":{\"@id\":\"https:\/\/www.molinsfilmfestival.com\/2018\/10\/22\/caexposicio-de-palma-vs-de-palmaesexposicion-de-palma-vs-de-palmaenexhibition-de-palma-vs-de-palma-6\/\"},\"author\":{\"name\":\"terrormolins\",\"@id\":\"https:\/\/www.molinsfilmfestival.com\/#\/schema\/person\/9d664b50116f871b0cb00fa43b2527dd\"},\"headline\":\"[:ca]Exposici\u00f3 De Palma vs De Palma[:es]Exposici\u00f3n De Palma vs De Palma[:en]Exhibition De Palma vs De Palma[:]\",\"datePublished\":\"2018-10-22T14:31:16+00:00\",\"mainEntityOfPage\":{\"@id\":\"https:\/\/www.molinsfilmfestival.com\/2018\/10\/22\/caexposicio-de-palma-vs-de-palmaesexposicion-de-palma-vs-de-palmaenexhibition-de-palma-vs-de-palma-6\/\"},\"wordCount\":2528,\"commentCount\":0,\"publisher\":{\"@id\":\"https:\/\/www.molinsfilmfestival.com\/#organization\"},\"image\":{\"@id\":\"https:\/\/www.molinsfilmfestival.com\/2018\/10\/22\/caexposicio-de-palma-vs-de-palmaesexposicion-de-palma-vs-de-palmaenexhibition-de-palma-vs-de-palma-6\/#primaryimage\"},\"thumbnailUrl\":\"http:\/\/www.molinsfilmfestival.com\/wp-content\/uploads\/2018\/09\/B6E4B738-AC82-49CE-ABD7-5D054548BD80.jpeg\",\"inLanguage\":\"es\"},{\"@type\":\"WebPage\",\"@id\":\"https:\/\/www.molinsfilmfestival.com\/2018\/10\/22\/caexposicio-de-palma-vs-de-palmaesexposicion-de-palma-vs-de-palmaenexhibition-de-palma-vs-de-palma-6\/\",\"url\":\"https:\/\/www.molinsfilmfestival.com\/2018\/10\/22\/caexposicio-de-palma-vs-de-palmaesexposicion-de-palma-vs-de-palmaenexhibition-de-palma-vs-de-palma-6\/\",\"name\":\"[:ca]Exposici\u00f3 De Palma vs De Palma[:es]Exposici\u00f3n De Palma vs De Palma[:en]Exhibition De Palma vs De Palma[:] | Molins Horror Film Festival\",\"isPartOf\":{\"@id\":\"https:\/\/www.molinsfilmfestival.com\/#website\"},\"primaryImageOfPage\":{\"@id\":\"https:\/\/www.molinsfilmfestival.com\/2018\/10\/22\/caexposicio-de-palma-vs-de-palmaesexposicion-de-palma-vs-de-palmaenexhibition-de-palma-vs-de-palma-6\/#primaryimage\"},\"image\":{\"@id\":\"https:\/\/www.molinsfilmfestival.com\/2018\/10\/22\/caexposicio-de-palma-vs-de-palmaesexposicion-de-palma-vs-de-palmaenexhibition-de-palma-vs-de-palma-6\/#primaryimage\"},\"thumbnailUrl\":\"http:\/\/www.molinsfilmfestival.com\/wp-content\/uploads\/2018\/09\/B6E4B738-AC82-49CE-ABD7-5D054548BD80.jpeg\",\"datePublished\":\"2018-10-22T14:31:16+00:00\",\"breadcrumb\":{\"@id\":\"https:\/\/www.molinsfilmfestival.com\/2018\/10\/22\/caexposicio-de-palma-vs-de-palmaesexposicion-de-palma-vs-de-palmaenexhibition-de-palma-vs-de-palma-6\/#breadcrumb\"},\"inLanguage\":\"es\",\"potentialAction\":[{\"@type\":\"ReadAction\",\"target\":[\"https:\/\/www.molinsfilmfestival.com\/2018\/10\/22\/caexposicio-de-palma-vs-de-palmaesexposicion-de-palma-vs-de-palmaenexhibition-de-palma-vs-de-palma-6\/\"]}]},{\"@type\":\"ImageObject\",\"inLanguage\":\"es\",\"@id\":\"https:\/\/www.molinsfilmfestival.com\/2018\/10\/22\/caexposicio-de-palma-vs-de-palmaesexposicion-de-palma-vs-de-palmaenexhibition-de-palma-vs-de-palma-6\/#primaryimage\",\"url\":\"http:\/\/www.molinsfilmfestival.com\/wp-content\/uploads\/2018\/09\/B6E4B738-AC82-49CE-ABD7-5D054548BD80.jpeg\",\"contentUrl\":\"http:\/\/www.molinsfilmfestival.com\/wp-content\/uploads\/2018\/09\/B6E4B738-AC82-49CE-ABD7-5D054548BD80.jpeg\"},{\"@type\":\"BreadcrumbList\",\"@id\":\"https:\/\/www.molinsfilmfestival.com\/2018\/10\/22\/caexposicio-de-palma-vs-de-palmaesexposicion-de-palma-vs-de-palmaenexhibition-de-palma-vs-de-palma-6\/#breadcrumb\",\"itemListElement\":[{\"@type\":\"ListItem\",\"position\":1,\"name\":\"Inici\",\"item\":\"https:\/\/www.molinsfilmfestival.com\/\"},{\"@type\":\"ListItem\",\"position\":2,\"name\":\"[:ca]Exposici\u00f3 De Palma vs De Palma[:es]Exposici\u00f3n De Palma vs De Palma[:en]Exhibition De Palma vs De Palma[:]\"}]},{\"@type\":\"WebSite\",\"@id\":\"https:\/\/www.molinsfilmfestival.com\/#website\",\"url\":\"https:\/\/www.molinsfilmfestival.com\/\",\"name\":\"Molins Horror Film Festival\",\"description\":\"Festival de Cine de Terror de Molins de Rei\",\"publisher\":{\"@id\":\"https:\/\/www.molinsfilmfestival.com\/#organization\"},\"potentialAction\":[{\"@type\":\"SearchAction\",\"target\":{\"@type\":\"EntryPoint\",\"urlTemplate\":\"https:\/\/www.molinsfilmfestival.com\/?s={search_term_string}\"},\"query-input\":{\"@type\":\"PropertyValueSpecification\",\"valueRequired\":true,\"valueName\":\"search_term_string\"}}],\"inLanguage\":\"es\"},{\"@type\":\"Organization\",\"@id\":\"https:\/\/www.molinsfilmfestival.com\/#organization\",\"name\":\"Molins Horror Film Festival\",\"url\":\"https:\/\/www.molinsfilmfestival.com\/\",\"logo\":{\"@type\":\"ImageObject\",\"inLanguage\":\"es\",\"@id\":\"https:\/\/www.molinsfilmfestival.com\/#\/schema\/logo\/image\/\",\"url\":\"https:\/\/www.molinsfilmfestival.com\/wp-content\/uploads\/2025\/05\/terrormolins_logo.svg\",\"contentUrl\":\"https:\/\/www.molinsfilmfestival.com\/wp-content\/uploads\/2025\/05\/terrormolins_logo.svg\",\"caption\":\"Molins Horror Film Festival\"},\"image\":{\"@id\":\"https:\/\/www.molinsfilmfestival.com\/#\/schema\/logo\/image\/\"}},{\"@type\":\"Person\",\"@id\":\"https:\/\/www.molinsfilmfestival.com\/#\/schema\/person\/9d664b50116f871b0cb00fa43b2527dd\",\"name\":\"terrormolins\",\"image\":{\"@type\":\"ImageObject\",\"inLanguage\":\"es\",\"@id\":\"https:\/\/www.molinsfilmfestival.com\/#\/schema\/person\/image\/\",\"url\":\"https:\/\/secure.gravatar.com\/avatar\/591ccac8e3772fe3891dbd3892fd2232dbe1beb33ebbae4b228747f35168dcc6?s=96&d=mm&r=g\",\"contentUrl\":\"https:\/\/secure.gravatar.com\/avatar\/591ccac8e3772fe3891dbd3892fd2232dbe1beb33ebbae4b228747f35168dcc6?s=96&d=mm&r=g\",\"caption\":\"terrormolins\"},\"sameAs\":[\"https:\/\/temporal.molinsfilmfestival.com\"],\"url\":\"https:\/\/www.molinsfilmfestival.com\/esp\/author\/terrormolins\/\"}]}<\/script>\n<!-- \/ Yoast SEO plugin. -->","yoast_head_json":{"title":"[:es]Exposici\u00f3n De Palma vs De Palma[:es]Exposici\u00f3n De Palma vs De Palma[:en]Exhibici\u00f3n De Palma vs De Palma[:] | Molinos Horror Film Festival","robots":{"index":"index","follow":"follow","max-snippet":"max-snippet:-1","max-image-preview":"max-image-preview:large","max-video-preview":"max-video-preview:-1"},"canonical":"https:\/\/www.molinsfilmfestival.com\/esp\/2018\/10\/22\/caexposicio-de-palma-vs-de-palmaesexposicion-de-palma-vs-de-palmaenexhibition-de-palma-vs-de-palma-6\/","og_locale":"es_ES","og_type":"article","og_title":"[:ca]Exposici\u00f3 De Palma vs De Palma[:es]Exposici\u00f3n De Palma vs De Palma[:en]Exhibition De Palma vs De Palma[:] | Molins Horror Film Festival","og_description":"[:ca] Del 26 d\u2019octubre al 25 de novembre de 2018, la Sala d\u2019exposicions de Ca N\u2019Ametller de Molins de Rei acollir\u00e0 l\u2019exposici\u00f3 gratu\u00efta \u2018De Palma vs De Palma\u2018.\u00a0Es tracta de la primera vegada que s\u2019exhibir\u00e0 el material privat del catal\u00e0 Jordi Batet Trias, el principal col\u00b7leccionista al m\u00f3n sobre material vinculat en l\u2019obra del prestigi\u00f3s [&hellip;]","og_url":"https:\/\/www.molinsfilmfestival.com\/esp\/2018\/10\/22\/caexposicio-de-palma-vs-de-palmaesexposicion-de-palma-vs-de-palmaenexhibition-de-palma-vs-de-palma-6\/","og_site_name":"Molins Horror Film Festival","article_published_time":"2018-10-22T14:31:16+00:00","og_image":[{"url":"http:\/\/www.molinsfilmfestival.com\/wp-content\/uploads\/2018\/09\/B6E4B738-AC82-49CE-ABD7-5D054548BD80.jpeg","type":"","width":"","height":""}],"author":"terrormolins","twitter_card":"summary_large_image","twitter_misc":{"Escrito por":"terrormolins","Tiempo de lectura":"12 minutos"},"schema":{"@context":"https:\/\/schema.org","@graph":[{"@type":"Article","@id":"https:\/\/www.molinsfilmfestival.com\/2018\/10\/22\/caexposicio-de-palma-vs-de-palmaesexposicion-de-palma-vs-de-palmaenexhibition-de-palma-vs-de-palma-6\/#article","isPartOf":{"@id":"https:\/\/www.molinsfilmfestival.com\/2018\/10\/22\/caexposicio-de-palma-vs-de-palmaesexposicion-de-palma-vs-de-palmaenexhibition-de-palma-vs-de-palma-6\/"},"author":{"name":"terrormolins","@id":"https:\/\/www.molinsfilmfestival.com\/#\/schema\/person\/9d664b50116f871b0cb00fa43b2527dd"},"headline":"[:ca]Exposici\u00f3 De Palma vs De Palma[:es]Exposici\u00f3n De Palma vs De Palma[:en]Exhibition De Palma vs De Palma[:]","datePublished":"2018-10-22T14:31:16+00:00","mainEntityOfPage":{"@id":"https:\/\/www.molinsfilmfestival.com\/2018\/10\/22\/caexposicio-de-palma-vs-de-palmaesexposicion-de-palma-vs-de-palmaenexhibition-de-palma-vs-de-palma-6\/"},"wordCount":2528,"commentCount":0,"publisher":{"@id":"https:\/\/www.molinsfilmfestival.com\/#organization"},"image":{"@id":"https:\/\/www.molinsfilmfestival.com\/2018\/10\/22\/caexposicio-de-palma-vs-de-palmaesexposicion-de-palma-vs-de-palmaenexhibition-de-palma-vs-de-palma-6\/#primaryimage"},"thumbnailUrl":"http:\/\/www.molinsfilmfestival.com\/wp-content\/uploads\/2018\/09\/B6E4B738-AC82-49CE-ABD7-5D054548BD80.jpeg","inLanguage":"es"},{"@type":"WebPage","@id":"https:\/\/www.molinsfilmfestival.com\/2018\/10\/22\/caexposicio-de-palma-vs-de-palmaesexposicion-de-palma-vs-de-palmaenexhibition-de-palma-vs-de-palma-6\/","url":"https:\/\/www.molinsfilmfestival.com\/2018\/10\/22\/caexposicio-de-palma-vs-de-palmaesexposicion-de-palma-vs-de-palmaenexhibition-de-palma-vs-de-palma-6\/","name":"[:es]Exposici\u00f3n De Palma vs De Palma[:es]Exposici\u00f3n De Palma vs De Palma[:en]Exhibici\u00f3n De Palma vs De Palma[:] | Molinos Horror Film Festival","isPartOf":{"@id":"https:\/\/www.molinsfilmfestival.com\/#website"},"primaryImageOfPage":{"@id":"https:\/\/www.molinsfilmfestival.com\/2018\/10\/22\/caexposicio-de-palma-vs-de-palmaesexposicion-de-palma-vs-de-palmaenexhibition-de-palma-vs-de-palma-6\/#primaryimage"},"image":{"@id":"https:\/\/www.molinsfilmfestival.com\/2018\/10\/22\/caexposicio-de-palma-vs-de-palmaesexposicion-de-palma-vs-de-palmaenexhibition-de-palma-vs-de-palma-6\/#primaryimage"},"thumbnailUrl":"http:\/\/www.molinsfilmfestival.com\/wp-content\/uploads\/2018\/09\/B6E4B738-AC82-49CE-ABD7-5D054548BD80.jpeg","datePublished":"2018-10-22T14:31:16+00:00","breadcrumb":{"@id":"https:\/\/www.molinsfilmfestival.com\/2018\/10\/22\/caexposicio-de-palma-vs-de-palmaesexposicion-de-palma-vs-de-palmaenexhibition-de-palma-vs-de-palma-6\/#breadcrumb"},"inLanguage":"es","potentialAction":[{"@type":"ReadAction","target":["https:\/\/www.molinsfilmfestival.com\/2018\/10\/22\/caexposicio-de-palma-vs-de-palmaesexposicion-de-palma-vs-de-palmaenexhibition-de-palma-vs-de-palma-6\/"]}]},{"@type":"ImageObject","inLanguage":"es","@id":"https:\/\/www.molinsfilmfestival.com\/2018\/10\/22\/caexposicio-de-palma-vs-de-palmaesexposicion-de-palma-vs-de-palmaenexhibition-de-palma-vs-de-palma-6\/#primaryimage","url":"http:\/\/www.molinsfilmfestival.com\/wp-content\/uploads\/2018\/09\/B6E4B738-AC82-49CE-ABD7-5D054548BD80.jpeg","contentUrl":"http:\/\/www.molinsfilmfestival.com\/wp-content\/uploads\/2018\/09\/B6E4B738-AC82-49CE-ABD7-5D054548BD80.jpeg"},{"@type":"BreadcrumbList","@id":"https:\/\/www.molinsfilmfestival.com\/2018\/10\/22\/caexposicio-de-palma-vs-de-palmaesexposicion-de-palma-vs-de-palmaenexhibition-de-palma-vs-de-palma-6\/#breadcrumb","itemListElement":[{"@type":"ListItem","position":1,"name":"Inici","item":"https:\/\/www.molinsfilmfestival.com\/"},{"@type":"ListItem","position":2,"name":"[:ca]Exposici\u00f3 De Palma vs De Palma[:es]Exposici\u00f3n De Palma vs De Palma[:en]Exhibition De Palma vs De Palma[:]"}]},{"@type":"WebSite","@id":"https:\/\/www.molinsfilmfestival.com\/#website","url":"https:\/\/www.molinsfilmfestival.com\/","name":"Molinos Horror Film Festival","description":"Festival de Cine de Terror de Molinos de Rey","publisher":{"@id":"https:\/\/www.molinsfilmfestival.com\/#organization"},"potentialAction":[{"@type":"SearchAction","target":{"@type":"EntryPoint","urlTemplate":"https:\/\/www.molinsfilmfestival.com\/?s={search_term_string}"},"query-input":{"@type":"PropertyValueSpecification","valueRequired":true,"valueName":"search_term_string"}}],"inLanguage":"es"},{"@type":"Organization","@id":"https:\/\/www.molinsfilmfestival.com\/#organization","name":"Molinos Horror Film Festival","url":"https:\/\/www.molinsfilmfestival.com\/","logo":{"@type":"ImageObject","inLanguage":"es","@id":"https:\/\/www.molinsfilmfestival.com\/#\/schema\/logo\/image\/","url":"https:\/\/www.molinsfilmfestival.com\/wp-content\/uploads\/2025\/05\/terrormolins_logo.svg","contentUrl":"https:\/\/www.molinsfilmfestival.com\/wp-content\/uploads\/2025\/05\/terrormolins_logo.svg","caption":"Molins Horror Film Festival"},"image":{"@id":"https:\/\/www.molinsfilmfestival.com\/#\/schema\/logo\/image\/"}},{"@type":"Person","@id":"https:\/\/www.molinsfilmfestival.com\/#\/schema\/person\/9d664b50116f871b0cb00fa43b2527dd","name":"terrormolinos","image":{"@type":"ImageObject","inLanguage":"es","@id":"https:\/\/www.molinsfilmfestival.com\/#\/schema\/person\/image\/","url":"https:\/\/secure.gravatar.com\/avatar\/591ccac8e3772fe3891dbd3892fd2232dbe1beb33ebbae4b228747f35168dcc6?s=96&d=mm&r=g","contentUrl":"https:\/\/secure.gravatar.com\/avatar\/591ccac8e3772fe3891dbd3892fd2232dbe1beb33ebbae4b228747f35168dcc6?s=96&d=mm&r=g","caption":"terrormolins"},"sameAs":["https:\/\/temporal.molinsfilmfestival.com"],"url":"https:\/\/www.molinsfilmfestival.com\/esp\/author\/terrormolins\/"}]}},"_links":{"self":[{"href":"https:\/\/www.molinsfilmfestival.com\/esp\/wp-json\/wp\/v2\/posts\/7393","targetHints":{"allow":["GET"]}}],"collection":[{"href":"https:\/\/www.molinsfilmfestival.com\/esp\/wp-json\/wp\/v2\/posts"}],"about":[{"href":"https:\/\/www.molinsfilmfestival.com\/esp\/wp-json\/wp\/v2\/types\/post"}],"author":[{"embeddable":true,"href":"https:\/\/www.molinsfilmfestival.com\/esp\/wp-json\/wp\/v2\/users\/1"}],"replies":[{"embeddable":true,"href":"https:\/\/www.molinsfilmfestival.com\/esp\/wp-json\/wp\/v2\/comments?post=7393"}],"version-history":[{"count":0,"href":"https:\/\/www.molinsfilmfestival.com\/esp\/wp-json\/wp\/v2\/posts\/7393\/revisions"}],"wp:attachment":[{"href":"https:\/\/www.molinsfilmfestival.com\/esp\/wp-json\/wp\/v2\/media?parent=7393"}],"wp:term":[{"taxonomy":"category","embeddable":true,"href":"https:\/\/www.molinsfilmfestival.com\/esp\/wp-json\/wp\/v2\/categories?post=7393"},{"taxonomy":"post_tag","embeddable":true,"href":"https:\/\/www.molinsfilmfestival.com\/esp\/wp-json\/wp\/v2\/tags?post=7393"}],"curies":[{"name":"wp","href":"https:\/\/api.w.org\/{rel}","templated":true}]}}