{"id":7658,"date":"2018-11-07T17:23:19","date_gmt":"2018-11-07T16:23:19","guid":{"rendered":"https:\/\/temporal.molinsfilmfestival.com\/2018\/11\/07\/capremi-honorific-terrormolins-2018-jack-taylorespremio-honorifico-terrormolins-2018-jack-taylorenmolins-film-festival-2018-honorary-award-jack-taylor-3\/"},"modified":"2018-11-07T17:23:19","modified_gmt":"2018-11-07T16:23:19","slug":"capremi-honorific-terrormolins-2018-jack-taylorespremio-honorifico-terrormolins-2018-jack-taylorenmolins-film-festival-2018-honorary-award-jack-taylor-3","status":"publish","type":"post","link":"https:\/\/www.molinsfilmfestival.com\/esp\/2018\/11\/07\/capremi-honorific-terrormolins-2018-jack-taylorespremio-honorifico-terrormolins-2018-jack-taylorenmolins-film-festival-2018-honorary-award-jack-taylor-3\/","title":{"rendered":"[:es]Premio Honor\u00edfico terrorMolins 2018: Jack Taylor[:es]Premio Honor\u00edfico terrorMolins 2018: Jack Taylor[:en]Molins Film Festival 2018 Honorary Award: Jack Taylor[:]"},"content":{"rendered":"<p>[:es]S\u00f3lo hay que entrar en alguna web especializada en cine como Filmaffinity o IMDB para confirmar el enorme legado de este se\u00f1or nacido George Brown Randall en Oreg\u00f3n (EE.UU.) hace 82 a\u00f1os y conocido por todos los amantes del cine fant\u00e1stico en serio <strong>Jack Taylor<\/strong>. Un profano no dejar\u00e1 de sentirse sorprendido por la cantidad de t\u00edtulos en los que ha trabajado este eterno gal\u00e1n de intensos ojos azules desde su debut en 1953, en su pa\u00eds de origen, en el programa de Jack Benny compartiendo reparto con Marilyn Monroe. Luego se trasladar\u00eda a M\u00e9xico para terminar finalmente en Espa\u00f1a donde se produce el grosor de su filmograf\u00eda.<\/p>\n<p>Thriller, aventuras, drama, er\u00f3tico, western, no hay g\u00e9nero que se le resista, pero es en lo fant\u00e1stico, del terror en la sci-fi, donde ha dejado una impronta m\u00e1s profunda. En su intenso periplo cinematogr\u00e1fico ha trabajado a las \u00f3rdenes de Jes\u00fas Franco, John Milius, Ridley Scott, Roman Polanski, Vicente Aranda o Milos Forman entre otros muchos, y ha sido compa\u00f1ero de reparto de Christopher Lee, Herbert Lom, Victoria Abril, Paul Naschy, Klaus Kinsky, Icear Bollain, Johnny Depp, Johnny Depp, etc\u00e9tera.<\/p>\n<p>Aparte de nuestra veneraci\u00f3n incondicional, nuestro homenaje pasa por la proyecci\u00f3n de un corto pero sentido documental, <a href=\"http:\/\/www.molinsfilmfestival.com\/esp\/2018\/10\/10\/jack-taylor-testigo-del-fantastico\/\">Jack Taylor, testimonio del fant\u00e1stico<\/a> escrito y dirigido por <strong>Diego L\u00f3pez<\/strong>.<br \/>\n[:es]No hay m\u00e1s que entrar en alguna web especializada en cine como Filmaffinity o IMDB para confirmar el enorme legado de este se\u00f1or nacido George Brown Randall en Oreg\u00f3n (USA) hace 82 a\u00f1os y conocido por todo amante de lo fant\u00e1stico que se precie como <strong>Jack Taylor<\/strong>. Un profano no dejar\u00e1 de sentirse sorprendido por la cantidad de t\u00edtulos en los que ha trabajado este eterno gal\u00e1n de intensos ojos azules desde que debutara en 1953, en su pa\u00eds natal, en el programa de Jack Benny compartiendo reparto con Marilyn Monroe. M\u00e1s adelante se trasladar\u00eda a M\u00e9xico para recalar finalmente en Espa\u00f1a, donde se ha producido el grueso de su filmograf\u00eda.<\/p>\n<p>Thriller, aventuras, drama, er\u00f3tico, western, no hay g\u00e9nero que se le resista, pero es en el fant\u00e1stico, del terror a la sci-fi, donde ha dejado su impronta m\u00e1s profunda. En su intenso periplo cinematogr\u00e1fico ha trabajado a las \u00f3rdenes de Jes\u00fas Franco, John Milius, Ridley Scott, Roman Polanski, Vicente Aranda o Milos Forman entre muchos otros y ha sido compa\u00f1ero de reparto de Christopher Lee, Herbert Lom, Victoria Abril, Paul Naschy, Klaus Kinsky, Iciar Bollain, Johnny Depp, etc\u00e9tera.<\/p>\n<p>Al margen de nuestra incondicional veneraci\u00f3n, nuestro homenaje pasa por la proyecci\u00f3n de un corto pero sentido documental, <a href=\"http:\/\/www.molinsfilmfestival.com\/esp\/2018\/10\/10\/jack-taylor-testigo-del-fantastico\/\">Jack Taylor, testimonio del fant\u00e1stico<\/a> dirigido y guionado por <strong>Diego L\u00f3pez<\/strong>.[:en]Tiene que te lo chequee en cine specialised web como Filmaffinity or IMDB para obtener la legaci\u00f3n de este man born as George Brown Randall en Oregon (USA) <strong>Jack Taylor<\/strong>. En unitiated no puede realmente precipitado por el nombre de t\u00edtulos en el que este c\u00e9sped blue eyed sophisticated man has taken parte since su debut en 1953, en su native country, en Jack Benny&#039;s programme sharing cast with Marilyn Monroe. Later donde he sido move a M\u00e9xico y est\u00e1 en Espa\u00f1a, por lo que tienes la biggest parte de su filmography.<\/p>\n<p>Thriller, adventure, drama, erotic, western, there is no genere he would rechazar; however, fantastico cine, from horror to sci-fi, is where he has made his deepest mark. Throughout su intenso cinematogr\u00e1fico career he worked un order de Jes\u00fas Franco, John Milius, Ridley Scott, Roman Polanski, Vicente Aranda or Milos Forman con muchos otros, y he co-worked s Christopher Lee, Herbert Lom, Victoria Abril, Paul Naschy, Klaus Shepard, Ray Milland and andless y attractive etcetera.<\/p>\n<p>Besidas nuestra incondicional te\u00f3rica, nuestro tributo outstands with screening de short but intense documentary, <a href=\"http:\/\/www.molinsfilmfestival.com\/esp\/2018\/10\/10\/jack-taylor-testigo-del-fantastico\/\">Jack Taylor, testimonio del fant\u00e1stico<\/a> [Jack Taylor, en Witness of Fantastic] written and directed by <strong>Diego L\u00f3pez<\/strong>.<br \/>\n[:]<\/p>","protected":false},"excerpt":{"rendered":"<p>[:es]Solo hay que entrar en alguna web especializada en cine como Filmaffinity o IMDB para confirmar el enorme legado de este se\u00f1or nacido George Brown Randall en Oregon (EE.UU.) hace 82 a\u00f1os y conocido por todos los amantes del cine fant\u00e1stico en serio como Jack Taylor. Un profano no dejar\u00e1 de sentirse sorprendido por la cantidad de [\u2026]<\/p>","protected":false},"author":1,"featured_media":0,"comment_status":"open","ping_status":"open","sticky":false,"template":"","format":"standard","meta":{"_acf_changed":false,"footnotes":""},"categories":[],"tags":[],"class_list":["post-7658","post","type-post","status-publish","format-standard","hentry"],"acf":[],"yoast_head":"<!-- This site is optimized with the Yoast SEO plugin v26.4 - https:\/\/yoast.com\/wordpress\/plugins\/seo\/ -->\n<title>[:ca]Premi Honor\u00edfic terrorMolins 2018: Jack Taylor[:es]Premio Honor\u00edfico terrorMolins 2018: Jack Taylor[:en]Molins Film Festival 2018 Honorary Award: Jack Taylor[:] | Molins Horror Film Festival<\/title>\n<meta name=\"robots\" content=\"index, follow, max-snippet:-1, max-image-preview:large, max-video-preview:-1\" \/>\n<link rel=\"canonical\" href=\"https:\/\/www.molinsfilmfestival.com\/esp\/2018\/11\/07\/capremi-honorific-terrormolins-2018-jack-taylorespremio-honorifico-terrormolins-2018-jack-taylorenmolins-film-festival-2018-honorary-award-jack-taylor-3\/\" \/>\n<meta property=\"og:locale\" content=\"es_ES\" \/>\n<meta property=\"og:type\" content=\"article\" \/>\n<meta property=\"og:title\" content=\"[:ca]Premi Honor\u00edfic terrorMolins 2018: Jack Taylor[:es]Premio Honor\u00edfico terrorMolins 2018: Jack Taylor[:en]Molins Film Festival 2018 Honorary Award: Jack Taylor[:] | Molins Horror Film Festival\" \/>\n<meta property=\"og:description\" content=\"[:ca]Nom\u00e9s cal entrar en alguna web especialitzada en cinema com ara Filmaffinity o IMDB per confirmar l&#8217;enorme llegat d&#8217;aquest senyor nascut George Brown Randall a Oregon (EUA) fa 82 anys i conegut per tots els amants del cinema fant\u00e0stic de deb\u00f2 com Jack Taylor. Un prof\u00e0 no deixar\u00e0 de sentir-se sorpr\u00e8s per la quantitat de [&hellip;]\" \/>\n<meta property=\"og:url\" content=\"https:\/\/www.molinsfilmfestival.com\/esp\/2018\/11\/07\/capremi-honorific-terrormolins-2018-jack-taylorespremio-honorifico-terrormolins-2018-jack-taylorenmolins-film-festival-2018-honorary-award-jack-taylor-3\/\" \/>\n<meta property=\"og:site_name\" content=\"Molins Horror Film Festival\" \/>\n<meta property=\"article:published_time\" content=\"2018-11-07T16:23:19+00:00\" \/>\n<meta name=\"author\" content=\"terrormolins\" \/>\n<meta name=\"twitter:card\" content=\"summary_large_image\" \/>\n<meta name=\"twitter:label1\" content=\"Escrito por\" \/>\n\t<meta name=\"twitter:data1\" content=\"terrormolins\" \/>\n\t<meta name=\"twitter:label2\" content=\"Tiempo de lectura\" \/>\n\t<meta name=\"twitter:data2\" content=\"4 minutos\" \/>\n<script type=\"application\/ld+json\" class=\"yoast-schema-graph\">{\"@context\":\"https:\/\/schema.org\",\"@graph\":[{\"@type\":\"Article\",\"@id\":\"https:\/\/www.molinsfilmfestival.com\/2018\/11\/07\/capremi-honorific-terrormolins-2018-jack-taylorespremio-honorifico-terrormolins-2018-jack-taylorenmolins-film-festival-2018-honorary-award-jack-taylor-3\/#article\",\"isPartOf\":{\"@id\":\"https:\/\/www.molinsfilmfestival.com\/2018\/11\/07\/capremi-honorific-terrormolins-2018-jack-taylorespremio-honorifico-terrormolins-2018-jack-taylorenmolins-film-festival-2018-honorary-award-jack-taylor-3\/\"},\"author\":{\"name\":\"terrormolins\",\"@id\":\"https:\/\/www.molinsfilmfestival.com\/#\/schema\/person\/9d664b50116f871b0cb00fa43b2527dd\"},\"headline\":\"[:ca]Premi Honor\u00edfic terrorMolins 2018: Jack Taylor[:es]Premio Honor\u00edfico terrorMolins 2018: Jack Taylor[:en]Molins Film Festival 2018 Honorary Award: Jack Taylor[:]\",\"datePublished\":\"2018-11-07T16:23:19+00:00\",\"mainEntityOfPage\":{\"@id\":\"https:\/\/www.molinsfilmfestival.com\/2018\/11\/07\/capremi-honorific-terrormolins-2018-jack-taylorespremio-honorifico-terrormolins-2018-jack-taylorenmolins-film-festival-2018-honorary-award-jack-taylor-3\/\"},\"wordCount\":742,\"commentCount\":0,\"publisher\":{\"@id\":\"https:\/\/www.molinsfilmfestival.com\/#organization\"},\"inLanguage\":\"es\"},{\"@type\":\"WebPage\",\"@id\":\"https:\/\/www.molinsfilmfestival.com\/2018\/11\/07\/capremi-honorific-terrormolins-2018-jack-taylorespremio-honorifico-terrormolins-2018-jack-taylorenmolins-film-festival-2018-honorary-award-jack-taylor-3\/\",\"url\":\"https:\/\/www.molinsfilmfestival.com\/2018\/11\/07\/capremi-honorific-terrormolins-2018-jack-taylorespremio-honorifico-terrormolins-2018-jack-taylorenmolins-film-festival-2018-honorary-award-jack-taylor-3\/\",\"name\":\"[:ca]Premi Honor\u00edfic terrorMolins 2018: Jack Taylor[:es]Premio Honor\u00edfico terrorMolins 2018: Jack Taylor[:en]Molins Film Festival 2018 Honorary Award: Jack Taylor[:] | Molins Horror Film Festival\",\"isPartOf\":{\"@id\":\"https:\/\/www.molinsfilmfestival.com\/#website\"},\"datePublished\":\"2018-11-07T16:23:19+00:00\",\"breadcrumb\":{\"@id\":\"https:\/\/www.molinsfilmfestival.com\/2018\/11\/07\/capremi-honorific-terrormolins-2018-jack-taylorespremio-honorifico-terrormolins-2018-jack-taylorenmolins-film-festival-2018-honorary-award-jack-taylor-3\/#breadcrumb\"},\"inLanguage\":\"es\",\"potentialAction\":[{\"@type\":\"ReadAction\",\"target\":[\"https:\/\/www.molinsfilmfestival.com\/2018\/11\/07\/capremi-honorific-terrormolins-2018-jack-taylorespremio-honorifico-terrormolins-2018-jack-taylorenmolins-film-festival-2018-honorary-award-jack-taylor-3\/\"]}]},{\"@type\":\"BreadcrumbList\",\"@id\":\"https:\/\/www.molinsfilmfestival.com\/2018\/11\/07\/capremi-honorific-terrormolins-2018-jack-taylorespremio-honorifico-terrormolins-2018-jack-taylorenmolins-film-festival-2018-honorary-award-jack-taylor-3\/#breadcrumb\",\"itemListElement\":[{\"@type\":\"ListItem\",\"position\":1,\"name\":\"Inici\",\"item\":\"https:\/\/www.molinsfilmfestival.com\/\"},{\"@type\":\"ListItem\",\"position\":2,\"name\":\"[:ca]Premi Honor\u00edfic terrorMolins 2018: Jack Taylor[:es]Premio Honor\u00edfico terrorMolins 2018: Jack Taylor[:en]Molins Film Festival 2018 Honorary Award: Jack Taylor[:]\"}]},{\"@type\":\"WebSite\",\"@id\":\"https:\/\/www.molinsfilmfestival.com\/#website\",\"url\":\"https:\/\/www.molinsfilmfestival.com\/\",\"name\":\"Molins Horror Film Festival\",\"description\":\"Festival de Cine de Terror de Molins de Rei\",\"publisher\":{\"@id\":\"https:\/\/www.molinsfilmfestival.com\/#organization\"},\"potentialAction\":[{\"@type\":\"SearchAction\",\"target\":{\"@type\":\"EntryPoint\",\"urlTemplate\":\"https:\/\/www.molinsfilmfestival.com\/?s={search_term_string}\"},\"query-input\":{\"@type\":\"PropertyValueSpecification\",\"valueRequired\":true,\"valueName\":\"search_term_string\"}}],\"inLanguage\":\"es\"},{\"@type\":\"Organization\",\"@id\":\"https:\/\/www.molinsfilmfestival.com\/#organization\",\"name\":\"Molins Horror Film Festival\",\"url\":\"https:\/\/www.molinsfilmfestival.com\/\",\"logo\":{\"@type\":\"ImageObject\",\"inLanguage\":\"es\",\"@id\":\"https:\/\/www.molinsfilmfestival.com\/#\/schema\/logo\/image\/\",\"url\":\"https:\/\/www.molinsfilmfestival.com\/wp-content\/uploads\/2025\/05\/terrormolins_logo.svg\",\"contentUrl\":\"https:\/\/www.molinsfilmfestival.com\/wp-content\/uploads\/2025\/05\/terrormolins_logo.svg\",\"caption\":\"Molins Horror Film Festival\"},\"image\":{\"@id\":\"https:\/\/www.molinsfilmfestival.com\/#\/schema\/logo\/image\/\"}},{\"@type\":\"Person\",\"@id\":\"https:\/\/www.molinsfilmfestival.com\/#\/schema\/person\/9d664b50116f871b0cb00fa43b2527dd\",\"name\":\"terrormolins\",\"image\":{\"@type\":\"ImageObject\",\"inLanguage\":\"es\",\"@id\":\"https:\/\/www.molinsfilmfestival.com\/#\/schema\/person\/image\/\",\"url\":\"https:\/\/secure.gravatar.com\/avatar\/591ccac8e3772fe3891dbd3892fd2232dbe1beb33ebbae4b228747f35168dcc6?s=96&d=mm&r=g\",\"contentUrl\":\"https:\/\/secure.gravatar.com\/avatar\/591ccac8e3772fe3891dbd3892fd2232dbe1beb33ebbae4b228747f35168dcc6?s=96&d=mm&r=g\",\"caption\":\"terrormolins\"},\"sameAs\":[\"https:\/\/temporal.molinsfilmfestival.com\"],\"url\":\"https:\/\/www.molinsfilmfestival.com\/esp\/author\/terrormolins\/\"}]}<\/script>\n<!-- \/ Yoast SEO plugin. -->","yoast_head_json":{"title":"[:es]Premio Honor\u00edfico terrorMolins 2018: Jack Taylor[:es]Premio Honor\u00edfico terrorMolins 2018: Jack Taylor[:en]Molins Film Festival 2018 Honorary Award: Jack Taylor[:] | Molinos Horror Film Festival","robots":{"index":"index","follow":"follow","max-snippet":"max-snippet:-1","max-image-preview":"max-image-preview:large","max-video-preview":"max-video-preview:-1"},"canonical":"https:\/\/www.molinsfilmfestival.com\/esp\/2018\/11\/07\/capremi-honorific-terrormolins-2018-jack-taylorespremio-honorifico-terrormolins-2018-jack-taylorenmolins-film-festival-2018-honorary-award-jack-taylor-3\/","og_locale":"es_ES","og_type":"article","og_title":"[:ca]Premi Honor\u00edfic terrorMolins 2018: Jack Taylor[:es]Premio Honor\u00edfico terrorMolins 2018: Jack Taylor[:en]Molins Film Festival 2018 Honorary Award: Jack Taylor[:] | Molins Horror Film Festival","og_description":"[:ca]Nom\u00e9s cal entrar en alguna web especialitzada en cinema com ara Filmaffinity o IMDB per confirmar l&#8217;enorme llegat d&#8217;aquest senyor nascut George Brown Randall a Oregon (EUA) fa 82 anys i conegut per tots els amants del cinema fant\u00e0stic de deb\u00f2 com Jack Taylor. Un prof\u00e0 no deixar\u00e0 de sentir-se sorpr\u00e8s per la quantitat de [&hellip;]","og_url":"https:\/\/www.molinsfilmfestival.com\/esp\/2018\/11\/07\/capremi-honorific-terrormolins-2018-jack-taylorespremio-honorifico-terrormolins-2018-jack-taylorenmolins-film-festival-2018-honorary-award-jack-taylor-3\/","og_site_name":"Molins Horror Film Festival","article_published_time":"2018-11-07T16:23:19+00:00","author":"terrormolins","twitter_card":"summary_large_image","twitter_misc":{"Escrito por":"terrormolins","Tiempo de lectura":"4 minutos"},"schema":{"@context":"https:\/\/schema.org","@graph":[{"@type":"Article","@id":"https:\/\/www.molinsfilmfestival.com\/2018\/11\/07\/capremi-honorific-terrormolins-2018-jack-taylorespremio-honorifico-terrormolins-2018-jack-taylorenmolins-film-festival-2018-honorary-award-jack-taylor-3\/#article","isPartOf":{"@id":"https:\/\/www.molinsfilmfestival.com\/2018\/11\/07\/capremi-honorific-terrormolins-2018-jack-taylorespremio-honorifico-terrormolins-2018-jack-taylorenmolins-film-festival-2018-honorary-award-jack-taylor-3\/"},"author":{"name":"terrormolins","@id":"https:\/\/www.molinsfilmfestival.com\/#\/schema\/person\/9d664b50116f871b0cb00fa43b2527dd"},"headline":"[:ca]Premi Honor\u00edfic terrorMolins 2018: Jack Taylor[:es]Premio Honor\u00edfico terrorMolins 2018: Jack Taylor[:en]Molins Film Festival 2018 Honorary Award: Jack Taylor[:]","datePublished":"2018-11-07T16:23:19+00:00","mainEntityOfPage":{"@id":"https:\/\/www.molinsfilmfestival.com\/2018\/11\/07\/capremi-honorific-terrormolins-2018-jack-taylorespremio-honorifico-terrormolins-2018-jack-taylorenmolins-film-festival-2018-honorary-award-jack-taylor-3\/"},"wordCount":742,"commentCount":0,"publisher":{"@id":"https:\/\/www.molinsfilmfestival.com\/#organization"},"inLanguage":"es"},{"@type":"WebPage","@id":"https:\/\/www.molinsfilmfestival.com\/2018\/11\/07\/capremi-honorific-terrormolins-2018-jack-taylorespremio-honorifico-terrormolins-2018-jack-taylorenmolins-film-festival-2018-honorary-award-jack-taylor-3\/","url":"https:\/\/www.molinsfilmfestival.com\/2018\/11\/07\/capremi-honorific-terrormolins-2018-jack-taylorespremio-honorifico-terrormolins-2018-jack-taylorenmolins-film-festival-2018-honorary-award-jack-taylor-3\/","name":"[:es]Premio Honor\u00edfico terrorMolins 2018: Jack Taylor[:es]Premio Honor\u00edfico terrorMolins 2018: Jack Taylor[:en]Molins Film Festival 2018 Honorary Award: Jack Taylor[:] | Molinos Horror Film Festival","isPartOf":{"@id":"https:\/\/www.molinsfilmfestival.com\/#website"},"datePublished":"2018-11-07T16:23:19+00:00","breadcrumb":{"@id":"https:\/\/www.molinsfilmfestival.com\/2018\/11\/07\/capremi-honorific-terrormolins-2018-jack-taylorespremio-honorifico-terrormolins-2018-jack-taylorenmolins-film-festival-2018-honorary-award-jack-taylor-3\/#breadcrumb"},"inLanguage":"es","potentialAction":[{"@type":"ReadAction","target":["https:\/\/www.molinsfilmfestival.com\/2018\/11\/07\/capremi-honorific-terrormolins-2018-jack-taylorespremio-honorifico-terrormolins-2018-jack-taylorenmolins-film-festival-2018-honorary-award-jack-taylor-3\/"]}]},{"@type":"BreadcrumbList","@id":"https:\/\/www.molinsfilmfestival.com\/2018\/11\/07\/capremi-honorific-terrormolins-2018-jack-taylorespremio-honorifico-terrormolins-2018-jack-taylorenmolins-film-festival-2018-honorary-award-jack-taylor-3\/#breadcrumb","itemListElement":[{"@type":"ListItem","position":1,"name":"Inici","item":"https:\/\/www.molinsfilmfestival.com\/"},{"@type":"ListItem","position":2,"name":"[:ca]Premi Honor\u00edfic terrorMolins 2018: Jack Taylor[:es]Premio Honor\u00edfico terrorMolins 2018: Jack Taylor[:en]Molins Film Festival 2018 Honorary Award: Jack Taylor[:]"}]},{"@type":"WebSite","@id":"https:\/\/www.molinsfilmfestival.com\/#website","url":"https:\/\/www.molinsfilmfestival.com\/","name":"Molinos Horror Film Festival","description":"Festival de Cine de Terror de Molinos de Rey","publisher":{"@id":"https:\/\/www.molinsfilmfestival.com\/#organization"},"potentialAction":[{"@type":"SearchAction","target":{"@type":"EntryPoint","urlTemplate":"https:\/\/www.molinsfilmfestival.com\/?s={search_term_string}"},"query-input":{"@type":"PropertyValueSpecification","valueRequired":true,"valueName":"search_term_string"}}],"inLanguage":"es"},{"@type":"Organization","@id":"https:\/\/www.molinsfilmfestival.com\/#organization","name":"Molinos Horror Film Festival","url":"https:\/\/www.molinsfilmfestival.com\/","logo":{"@type":"ImageObject","inLanguage":"es","@id":"https:\/\/www.molinsfilmfestival.com\/#\/schema\/logo\/image\/","url":"https:\/\/www.molinsfilmfestival.com\/wp-content\/uploads\/2025\/05\/terrormolins_logo.svg","contentUrl":"https:\/\/www.molinsfilmfestival.com\/wp-content\/uploads\/2025\/05\/terrormolins_logo.svg","caption":"Molins Horror Film Festival"},"image":{"@id":"https:\/\/www.molinsfilmfestival.com\/#\/schema\/logo\/image\/"}},{"@type":"Person","@id":"https:\/\/www.molinsfilmfestival.com\/#\/schema\/person\/9d664b50116f871b0cb00fa43b2527dd","name":"terrormolinos","image":{"@type":"ImageObject","inLanguage":"es","@id":"https:\/\/www.molinsfilmfestival.com\/#\/schema\/person\/image\/","url":"https:\/\/secure.gravatar.com\/avatar\/591ccac8e3772fe3891dbd3892fd2232dbe1beb33ebbae4b228747f35168dcc6?s=96&d=mm&r=g","contentUrl":"https:\/\/secure.gravatar.com\/avatar\/591ccac8e3772fe3891dbd3892fd2232dbe1beb33ebbae4b228747f35168dcc6?s=96&d=mm&r=g","caption":"terrormolins"},"sameAs":["https:\/\/temporal.molinsfilmfestival.com"],"url":"https:\/\/www.molinsfilmfestival.com\/esp\/author\/terrormolins\/"}]}},"_links":{"self":[{"href":"https:\/\/www.molinsfilmfestival.com\/esp\/wp-json\/wp\/v2\/posts\/7658","targetHints":{"allow":["GET"]}}],"collection":[{"href":"https:\/\/www.molinsfilmfestival.com\/esp\/wp-json\/wp\/v2\/posts"}],"about":[{"href":"https:\/\/www.molinsfilmfestival.com\/esp\/wp-json\/wp\/v2\/types\/post"}],"author":[{"embeddable":true,"href":"https:\/\/www.molinsfilmfestival.com\/esp\/wp-json\/wp\/v2\/users\/1"}],"replies":[{"embeddable":true,"href":"https:\/\/www.molinsfilmfestival.com\/esp\/wp-json\/wp\/v2\/comments?post=7658"}],"version-history":[{"count":0,"href":"https:\/\/www.molinsfilmfestival.com\/esp\/wp-json\/wp\/v2\/posts\/7658\/revisions"}],"wp:attachment":[{"href":"https:\/\/www.molinsfilmfestival.com\/esp\/wp-json\/wp\/v2\/media?parent=7658"}],"wp:term":[{"taxonomy":"category","embeddable":true,"href":"https:\/\/www.molinsfilmfestival.com\/esp\/wp-json\/wp\/v2\/categories?post=7658"},{"taxonomy":"post_tag","embeddable":true,"href":"https:\/\/www.molinsfilmfestival.com\/esp\/wp-json\/wp\/v2\/tags?post=7658"}],"curies":[{"name":"wp","href":"https:\/\/api.w.org\/{rel}","templated":true}]}}